{"id":1749614,"date":"2026-02-02T09:06:51","date_gmt":"2026-02-02T06:06:51","guid":{"rendered":"https:\/\/analyse.optim.biz\/?p=1749614"},"modified":"2026-02-02T09:06:51","modified_gmt":"2026-02-02T06:06:51","slug":"centrul-andreea-intra-in-modernizare","status":"publish","type":"post","link":"https:\/\/analyse.optim.biz\/?p=1749614","title":{"rendered":"Centrul \u201eAndreea\u201d intr\u0103 \u00een modernizare!"},"content":{"rendered":"<p>[analyse_image type=&#8221;featured&#8221; src=&#8221;https:\/\/www.curierul.ro\/wp-content\/uploads\/2026\/02\/Centrul-Andreea-2.jpeghttps:\/\/i0.wp.com\/www.curierul.ro\/wp-content\/uploads\/2026\/02\/Centrul-Andreea-2.jpeg?fit=1056%2C532&amp;ssl=1&#8243;]<\/p>\n<article id=\"196150\" class=\"post-196150 post type-post status-publish format-standard has-post-thumbnail hentry category-actualitate category-eveniment-social category-headlines\">\n<header class=\"post-header\">\n<ul class=\"breadcrumbs\">\n<li><a href=\"https:\/\/www.curierul.ro\">Home<\/a><\/li>\n<li class=\"breadcrumbs-active .category-actualitate\"><a href=\"https:\/\/www.curierul.ro\/index.php?cat=1615\">Actualitate<\/a><\/li>\n<li class=\"breadcrumbs-active .category-actualitate\">Centrul \u201eAndreea\u201d intr\u0103 \u00een modernizare!<\/li>\n<\/ul>\n<div class=\"featured-photo\"><img loading=\"lazy\" decoding=\"async\" width=\"1056\" height=\"532\" src=\"https:\/\/i0.wp.com\/www.curierul.ro\/wp-content\/uploads\/2026\/02\/Centrul-Andreea-2.jpeg?fit=300%2C151&amp;ssl=1\" class=\"attachment-single size-single wp-post-image\" alt><\/div>\n<h1 class=\"headline\">Centrul \u201eAndreea\u201d intr\u0103 \u00een modernizare!<\/h1>\n<p class=\"byline\">\n\t\tScris de<a href=\"https:\/\/www.curierul.ro\/author\/comunicat-de-presa\/\">Comunicat de pres\u0103<\/a>, \t\t2 februarie 2026\t\t\t\t<\/p>\n<hr>\n<\/header>\n<p class=\"has-large-font-size\">3,2 milioane euro, pentru reabilitarea capital\u0103 a cl\u0103dirii!<\/p>\n<p>Vineri, 30 ianuarie, a fost semnat la Consiliul Jude\u021bean primul contract de lucr\u0103ri pe fonduri europene din acest an!<\/p>\n<p>Acordul, parafat de pre\u0219edintele CJ Constantin R\u0103dulescu, are ca obiect execu\u021bia lucr\u0103rilor de modernizare la Centrul \u201eAndreea\u201d din R\u00e2mnicu V\u00e2lcea, un proiect cu o investi\u021bie de peste 3,2 milioane euro, fonduri europene ob\u021binute prin Programul Regional S-V Oltenia.<\/p>\n<p>Investi\u021bia presupune reabilitarea complet\u0103 a cl\u0103dirii \u0219i refacerea acoperi\u0219ului, modernizarea re\u021belelor de utilit\u0103\u021bi \u0219i montarea de panouri fotovoltaice \u0219i iluminat LED pentru eficien\u021b\u0103 energetic\u0103.<\/p>\n<p>De asemenea, instalarea unui lift exterior pentru accesibilitate \u0219i sisteme moderne de ventilare \u0219i siguran\u021b\u0103 la incendiu.<\/p>\n<p>Este vorba de o investi\u021bie ce reprezint\u0103, \u00een primul r\u00e2nd, respect \u0219i grij\u0103 pentru elevii cu cerin\u021be educa\u021bionale speciale.<\/p>\n<p>Copiii vor beneficia de un spa\u021biu primitor, unde cadrele didactice vor avea toate instrumentele necesare pentru a-i ajuta s\u0103 se dezvolte.<\/p>\n<p>De\u0219i termenul pentru finalizarea lucr\u0103rilor este de 14 luni, Constantin R\u0103dulescu a primit asigur\u0103ri de la constructor c\u0103 acestea vor fi terminate mai repede.<\/p>\n<p>\u201eVoi monitoriza personal \u0219antierul, a\u0219a cum fac la toate investi\u021biile noastre din jude\u021b, pentru a m\u0103 asigura c\u0103 lucr\u0103rile se realizeaz\u0103 la cea mai bun\u0103 calitate \u0219i \u00een cel mai scurt timp!<\/p>\n<p>Ne \u021binem de cuv\u00e2nt \u0219i continu\u0103m s\u0103 investim \u00een protec\u021bia social\u0103 \u0219i \u00een toate domeniile strategice pentru jude\u021bul V\u00e2lcea!\u201d a declarat pre\u0219edintele CJ, Constantin R\u0103dulescu.<\/p>\n<figure data-carousel-extra='{\"blog_id\":1,\"permalink\":\"https:\/\/www.curierul.ro\/centrul-andreea-intra-in-modernizare\/\"}' class=\"wp-block-gallery has-nested-images columns-default is-cropped wp-block-gallery-2 is-layout-flex wp-block-gallery-is-layout-flex\">\n<figure class=\"wp-block-image size-large\"><img loading=\"lazy\" decoding=\"async\" width=\"1024\" height=\"682\" data-id=\"196157\" src=\"https:\/\/i0.wp.com\/www.curierul.ro\/wp-content\/uploads\/2026\/02\/Centrul-Andreea-3.jpeg?fit=300%2C200&amp;ssl=1\" alt class=\"wp-image-196157\"><\/figure>\n<figure class=\"wp-block-image size-large\"><img decoding=\"async\" loading=\"lazy\" width=\"1024\" height=\"682\" data-id=\"196155\" src=\"https:\/\/i0.wp.com\/www.curierul.ro\/wp-content\/uploads\/2026\/02\/Centrul-Andreea-4.jpeg?fit=300%2C200&amp;ssl=1\" alt class=\"wp-image-196155\"><\/figure>\n<figure class=\"wp-block-image size-large\"><img decoding=\"async\" loading=\"lazy\" width=\"1024\" height=\"516\" data-id=\"196156\" src=\"https:\/\/i0.wp.com\/www.curierul.ro\/wp-content\/uploads\/2026\/02\/Centrul-Andreea-2-2.jpeg?fit=300%2C151&amp;ssl=1\" alt class=\"wp-image-196156\"><\/figure>\n<figure class=\"wp-block-image size-large\"><img decoding=\"async\" loading=\"lazy\" width=\"1024\" height=\"768\" data-id=\"196158\" src=\"https:\/\/i0.wp.com\/www.curierul.ro\/wp-content\/uploads\/2026\/02\/Centrul-Andreea-1-1.jpeg?fit=300%2C225&amp;ssl=1\" alt class=\"wp-image-196158\"><\/figure>\n<\/figure>\n<div class=\"sharedaddy sd-sharing-enabled\">\n<div class=\"robots-nocontent sd-block sd-social sd-social-official sd-sharing\">\n<h3 class=\"sd-title\">Distribuie pe:<\/h3>\n<div class=\"sd-content\">\n<ul>\n<li class=\"share-facebook\">\n<li class=\"share-twitter\"><a href=\"https:\/\/twitter.com\/share\" class=\"twitter-share-button\" data-url=\"https:\/\/www.curierul.ro\/centrul-andreea-intra-in-modernizare\/\" data-text=\"Centrul \u201eAndreea\u201d intr\u0103 \u00een modernizare!\" data-via=\"curierulvl\">Tweet<\/a><\/li>\n<li class=\"share-jetpack-whatsapp\"><a rel=\"nofollow noopener noreferrer\" data-shared=\"sharing-whatsapp-196150\" class=\"share-jetpack-whatsapp sd-button\" href=\"https:\/\/www.curierul.ro\/centrul-andreea-intra-in-modernizare\/?share=jetpack-whatsapp\" target=\"_blank\" aria-labelledby=\"sharing-whatsapp-196150\"><span id=\"sharing-whatsapp-196150\" hidden>D\u0103 clic pentru partajare pe WhatsApp(Se deschide \u00eentr-o fereastr\u0103 nou\u0103)<\/span><span>WhatsApp<\/span><\/a><\/li>\n<li><a href=\"https:\/\/www.curierul.ro\/centrul-andreea-intra-in-modernizare\/\" class=\"sharing-anchor sd-button share-more\"><span>Mai mult<\/span><\/a><\/li>\n<li class=\"share-end\"><\/ul>\n<div class=\"sharing-hidden\">\n<div class=\"inner\">\n<ul>\n<li class=\"share-email\"><a rel=\"nofollow noopener noreferrer\" data-shared=\"sharing-email-196150\" class=\"share-email sd-button\" href=\"mailto:?subject=%5BArticol%20partajat%5D%20Centrul%20%E2%80%9EAndreea%E2%80%9D%20intr%C4%83%20%C3%AEn%20modernizare%21&amp;body=https%3A%2F%2Fwww.curierul.ro%2Fcentrul-andreea-intra-in-modernizare%2F&amp;share=email\" target=\"_blank\" aria-labelledby=\"sharing-email-196150\" data-email-share-error-title=\"\u021ai-ai configurat emailul?\" data-email-share-error-text=\"Dac\u0103 ai probleme la partajarea prin email, probabil nu ai configurat emailul pentru navigator. Poate trebuie s\u0103 creezi singur un email nou.\" data-email-share-nonce=\"d9be0eecad\" data-email-share-track-url=\"https:\/\/www.curierul.ro\/centrul-andreea-intra-in-modernizare\/?share=email\"><span id=\"sharing-email-196150\" hidden>D\u0103 clic pentru a trimite o leg\u0103tur\u0103 prin email unui prieten(Se deschide \u00eentr-o fereastr\u0103 nou\u0103)<\/span><span>Email<\/span><\/a><\/li>\n<li class=\"share-print\"><a rel=\"nofollow noopener noreferrer\" data-shared=\"sharing-print-196150\" class=\"share-print sd-button\" href=\"https:\/\/www.curierul.ro\/centrul-andreea-intra-in-modernizare\/#print?share=print\" target=\"_blank\" aria-labelledby=\"sharing-print-196150\"><span id=\"sharing-print-196150\" hidden>D\u0103 clic pentru a imprima(Se deschide \u00eentr-o fereastr\u0103 nou\u0103)<\/span><span>Imprimare<\/span><\/a><\/li>\n<li class=\"share-end\"><\/ul>\n<\/div>\n<\/div>\n<\/div>\n<\/div>\n<\/div>\n<div id=\"jp-relatedposts\" class=\"jp-relatedposts\">\n<h3 class=\"jp-relatedposts-headline\"><em>Similare<\/em><\/h3>\n<\/div>\n<footer class=\"post-footer\">\n<div class=\"post-navigation clearfix\">\n<div class=\"previous-post\">\n<div class=\"featured-photo\"><img decoding=\"async\" width=\"530\" height=\"213\" src=\"https:\/\/i0.wp.com\/www.curierul.ro\/wp-content\/uploads\/2022\/08\/MARIUS-CARBUNESCU.jpg?fit=300%2C121&amp;ssl=1\" class=\"attachment-post-thumbnail size-post-thumbnail wp-post-image\" alt loading=\"lazy\"><\/div>\n<p class=\"paginate-title\">\u00ab\u00ab <a href=\"https:\/\/www.curierul.ro\/cine-ne-educa-adolescentii\/\" rel=\"prev\">Cine ne educ\u0103 adolescen\u021bii?<\/a><\/p>\n<\/div>\n<div class=\"next-post\">\n<div class=\"featured-photo\"><img decoding=\"async\" width=\"1280\" height=\"720\" src=\"https:\/\/i0.wp.com\/www.curierul.ro\/wp-content\/uploads\/2026\/02\/conflict-licee.jpg?fit=300%2C169&amp;ssl=1\" class=\"attachment-post-thumbnail size-post-thumbnail wp-post-image\" alt loading=\"lazy\"><\/div>\n<p class=\"paginate-title\"><a href=\"https:\/\/www.curierul.ro\/atentie-parinti-conflictul-liceelor-un-eveniment-la-care-profesorii-scoala-si-inspectoratul-nu-participa\/\" rel=\"next\">Aten\u021bie p\u0103rin\u021bi! \u00abConflictul liceelor\u00bb, un eveniment la care profesorii, \u0218coala \u0219i Inspectoratul nu particip\u0103<\/a> \u00bb\u00bb<\/p>\n<\/div>\n<\/div>\n<div id=\"comments\" class=\"comments-area\">\n<div id=\"respond\" class=\"comment-respond\">\n<h3 id=\"reply-title\" class=\"comment-reply-title\">Po\u021bi comenta aici<small><a rel=\"nofollow\" id=\"cancel-comment-reply-link\" href=\"https:\/\/www.curierul.ro\/centrul-andreea-intra-in-modernizare\/#respond\">Anuleaz\u0103 r\u0103spunsul<\/a><\/small><\/h3>\n<\/div>\n<p class=\"akismet_comment_form_privacy_notice\">Acest site folose\u0219te Akismet pentru a reduce spamul. <a href=\"https:\/\/akismet.com\/privacy\/\" target=\"_blank\" rel=\"nofollow noopener\">Afl\u0103 cum sunt procesate datele comentariilor tale<\/a>.<\/p>\n<\/div>\n<section class=\"latest-category clearfix\">\n<h2 class=\"title\">More Stories From Actualitate<\/h2>\n<div class=\"stories-container\">\n<article id=\"related-196177\" class=\"story post-196177 post type-post status-publish format-standard has-post-thumbnail hentry category-actualitate category-headlines category-social tag-asociatia-energia-inteligenta tag-gaze\">\n<div class=\"photo\"><img decoding=\"async\" width=\"735\" height=\"440\" src=\"https:\/\/i0.wp.com\/www.curierul.ro\/wp-content\/uploads\/2026\/02\/voucher-gaze.jpg?fit=300%2C200&amp;ssl=1\" class=\"attachment-giornalismo-single size-giornalismo-single wp-post-image\" alt loading=\"lazy\"><\/div>\n<p class=\"headline\"><a href=\"https:\/\/www.curierul.ro\/voucherul-de-gaz-paguba-consumatorului-si-profitul-statului\/\">Voucherul de gaz: paguba consumatorului \u0219i profitul statului<\/a><\/p>\n<\/article>\n<article id=\"related-196164\" class=\"story post-196164 post type-post status-publish format-standard has-post-thumbnail hentry category-actualitate category-zidezi tag-articol-de-la-partener\">\n<div class=\"photo\"><img decoding=\"async\" width=\"735\" height=\"440\" src=\"https:\/\/i0.wp.com\/www.curierul.ro\/wp-content\/uploads\/2026\/02\/cum_s_asortezi_jacheta_cu_inutele_tale_de_zi_cu_zi_8_recomandri_wp.jpg?fit=300%2C200&amp;ssl=1\" class=\"attachment-giornalismo-single size-giornalismo-single wp-post-image\" alt loading=\"lazy\"><\/div>\n<p class=\"headline\"><a href=\"https:\/\/www.curierul.ro\/cum-sa-asortezi-jacheta-cu-tinutele-tale-de-zi-cu-zi-8-recomandari\/\">Cum s\u0103 asortezi jacheta cu \u021binutele tale de zi cu zi? 8 recomand\u0103ri<\/a><\/p>\n<\/article>\n<article id=\"related-196181\" class=\"story post-196181 post type-post status-publish format-standard has-post-thumbnail hentry category-actualitate category-economie\">\n<div class=\"photo\"><img decoding=\"async\" width=\"735\" height=\"440\" src=\"https:\/\/i0.wp.com\/www.curierul.ro\/wp-content\/uploads\/2026\/02\/RoEM_PIB2026-27_RO_Infografic.png?fit=298%2C300&amp;ssl=1\" class=\"attachment-giornalismo-single size-giornalismo-single wp-post-image\" alt loading=\"lazy\"><\/div>\n<p class=\"headline\"><a href=\"https:\/\/www.curierul.ro\/analiza-roem-ubb-fsega-despre-economia-romaniei2026-un-an-in-oglinda-cu-2025-dar-cu-o-succesiune-inversata-a-trendurilor\/\"><i>Analiz\u0103 RoEM-UBB FSEGA, despre economia Rom\u00e2niei:<\/i><br \/>2026, un \u201ean \u00een oglind\u0103\u201d cu 2025, dar cu o succesiune inversat\u0103 a trendurilor<\/a><\/p>\n<\/article>\n<\/div>\n<\/section>\n<section class=\"author-bio clearfix\">\n<div class=\"mug-shot\"><img decoding=\"async\" alt src=\"https:\/\/secure.gravatar.com\/avatar\/99cb5dc553c194226db8ff81883aeb68584791e67c78fb655bb3c37b83324715?s=96&amp;d=mm&amp;r=g\" class=\"avatar avatar-96 photo\" height=\"96\" width=\"96\" loading=\"lazy\"><\/div>\n<div class=\"author-info\">\n<p class=\"title\">About Comunicat de pres\u0103, <\/p>\n<div class=\"author-social-area\"><a href=\"mailto:redactie@curierul.ro\"><span class=\"fal fa-envelope\"><span class=\"screen-reader-text\">Email the Author<\/span><\/span><\/a><\/div>\n<\/div>\n<\/section>\n<\/footer>\n<\/article>\n<article id=\"196150\" class=\"post-196150 post type-post status-publish format-standard has-post-thumbnail hentry category-actualitate category-eveniment-social category-headlines\">\n<header class=\"post-header\">\n<ul class=\"breadcrumbs\">\n<li><a href=\"https:\/\/www.curierul.ro\">Home<\/a><\/li>\n<li class=\"breadcrumbs-active .category-actualitate\"><a href=\"https:\/\/www.curierul.ro\/index.php?cat=1615\">Actualitate<\/a><\/li>\n<li class=\"breadcrumbs-active .category-actualitate\">Centrul \u201eAndreea\u201d intr\u0103 \u00een modernizare!<\/li>\n<\/ul>\n<div class=\"featured-photo\"><img loading=\"lazy\" decoding=\"async\" width=\"1056\" height=\"532\" src=\"https:\/\/i0.wp.com\/www.curierul.ro\/wp-content\/uploads\/2026\/02\/Centrul-Andreea-2.jpeg?fit=300%2C151&amp;ssl=1\" class=\"attachment-single size-single wp-post-image\" alt><\/div>\n<h1 class=\"headline\">Centrul \u201eAndreea\u201d intr\u0103 \u00een modernizare!<\/h1>\n<p class=\"byline\">\n\t\tScris de<a href=\"https:\/\/www.curierul.ro\/author\/comunicat-de-presa\/\">Comunicat de pres\u0103<\/a>, \t\t2 februarie 2026\t\t\t\t<\/p>\n<hr>\n<\/header>\n<p class=\"has-large-font-size\">3,2 milioane euro, pentru reabilitarea capital\u0103 a cl\u0103dirii!<\/p>\n<p>Vineri, 30 ianuarie, a fost semnat la Consiliul Jude\u021bean primul contract de lucr\u0103ri pe fonduri europene din acest an!<\/p>\n<p>Acordul, parafat de pre\u0219edintele CJ Constantin R\u0103dulescu, are ca obiect execu\u021bia lucr\u0103rilor de modernizare la Centrul \u201eAndreea\u201d din R\u00e2mnicu V\u00e2lcea, un proiect cu o investi\u021bie de peste 3,2 milioane euro, fonduri europene ob\u021binute prin Programul Regional S-V Oltenia.<\/p>\n<p>Investi\u021bia presupune reabilitarea complet\u0103 a cl\u0103dirii \u0219i refacerea acoperi\u0219ului, modernizarea re\u021belelor de utilit\u0103\u021bi \u0219i montarea de panouri fotovoltaice \u0219i iluminat LED pentru eficien\u021b\u0103 energetic\u0103.<\/p>\n<p>De asemenea, instalarea unui lift exterior pentru accesibilitate \u0219i sisteme moderne de ventilare \u0219i siguran\u021b\u0103 la incendiu.<\/p>\n<p>Este vorba de o investi\u021bie ce reprezint\u0103, \u00een primul r\u00e2nd, respect \u0219i grij\u0103 pentru elevii cu cerin\u021be educa\u021bionale speciale.<\/p>\n<p>Copiii vor beneficia de un spa\u021biu primitor, unde cadrele didactice vor avea toate instrumentele necesare pentru a-i ajuta s\u0103 se dezvolte.<\/p>\n<p>De\u0219i termenul pentru finalizarea lucr\u0103rilor este de 14 luni, Constantin R\u0103dulescu a primit asigur\u0103ri de la constructor c\u0103 acestea vor fi terminate mai repede.<\/p>\n<p>\u201eVoi monitoriza personal \u0219antierul, a\u0219a cum fac la toate investi\u021biile noastre din jude\u021b, pentru a m\u0103 asigura c\u0103 lucr\u0103rile se realizeaz\u0103 la cea mai bun\u0103 calitate \u0219i \u00een cel mai scurt timp!<\/p>\n<p>Ne \u021binem de cuv\u00e2nt \u0219i continu\u0103m s\u0103 investim \u00een protec\u021bia social\u0103 \u0219i \u00een toate domeniile strategice pentru jude\u021bul V\u00e2lcea!\u201d a declarat pre\u0219edintele CJ, Constantin R\u0103dulescu.<\/p>\n<figure data-carousel-extra='{\"blog_id\":1,\"permalink\":\"https:\/\/www.curierul.ro\/centrul-andreea-intra-in-modernizare\/\"}' class=\"wp-block-gallery has-nested-images columns-default is-cropped wp-block-gallery-2 is-layout-flex wp-block-gallery-is-layout-flex\">\n<figure class=\"wp-block-image size-large\"><img loading=\"lazy\" decoding=\"async\" width=\"1024\" height=\"682\" data-id=\"196157\" src=\"https:\/\/i0.wp.com\/www.curierul.ro\/wp-content\/uploads\/2026\/02\/Centrul-Andreea-3.jpeg?fit=300%2C200&amp;ssl=1\" alt class=\"wp-image-196157\"><\/figure>\n<figure class=\"wp-block-image size-large\"><img decoding=\"async\" loading=\"lazy\" width=\"1024\" height=\"682\" data-id=\"196155\" src=\"https:\/\/i0.wp.com\/www.curierul.ro\/wp-content\/uploads\/2026\/02\/Centrul-Andreea-4.jpeg?fit=300%2C200&amp;ssl=1\" alt class=\"wp-image-196155\"><\/figure>\n<figure class=\"wp-block-image size-large\"><img decoding=\"async\" loading=\"lazy\" width=\"1024\" height=\"516\" data-id=\"196156\" src=\"https:\/\/i0.wp.com\/www.curierul.ro\/wp-content\/uploads\/2026\/02\/Centrul-Andreea-2-2.jpeg?fit=300%2C151&amp;ssl=1\" alt class=\"wp-image-196156\"><\/figure>\n<figure class=\"wp-block-image size-large\"><img decoding=\"async\" loading=\"lazy\" width=\"1024\" height=\"768\" data-id=\"196158\" src=\"https:\/\/i0.wp.com\/www.curierul.ro\/wp-content\/uploads\/2026\/02\/Centrul-Andreea-1-1.jpeg?fit=300%2C225&amp;ssl=1\" alt class=\"wp-image-196158\"><\/figure>\n<\/figure>\n<div class=\"sharedaddy sd-sharing-enabled\">\n<div class=\"robots-nocontent sd-block sd-social sd-social-official sd-sharing\">\n<h3 class=\"sd-title\">Distribuie pe:<\/h3>\n<div class=\"sd-content\">\n<ul>\n<li class=\"share-facebook\">\n<li class=\"share-twitter\"><a href=\"https:\/\/twitter.com\/share\" class=\"twitter-share-button\" data-url=\"https:\/\/www.curierul.ro\/centrul-andreea-intra-in-modernizare\/\" data-text=\"Centrul \u201eAndreea\u201d intr\u0103 \u00een modernizare!\" data-via=\"curierulvl\">Tweet<\/a><\/li>\n<li class=\"share-jetpack-whatsapp\"><a rel=\"nofollow noopener noreferrer\" data-shared=\"sharing-whatsapp-196150\" class=\"share-jetpack-whatsapp sd-button\" href=\"https:\/\/www.curierul.ro\/centrul-andreea-intra-in-modernizare\/?share=jetpack-whatsapp\" target=\"_blank\" aria-labelledby=\"sharing-whatsapp-196150\"><span id=\"sharing-whatsapp-196150\" hidden>D\u0103 clic pentru partajare pe WhatsApp(Se deschide \u00eentr-o fereastr\u0103 nou\u0103)<\/span><span>WhatsApp<\/span><\/a><\/li>\n<li><a href=\"https:\/\/www.curierul.ro\/centrul-andreea-intra-in-modernizare\/\" class=\"sharing-anchor sd-button share-more\"><span>Mai mult<\/span><\/a><\/li>\n<li class=\"share-end\"><\/ul>\n<div class=\"sharing-hidden\">\n<div class=\"inner\">\n<ul>\n<li class=\"share-email\"><a rel=\"nofollow noopener noreferrer\" data-shared=\"sharing-email-196150\" class=\"share-email sd-button\" href=\"mailto:?subject=%5BArticol%20partajat%5D%20Centrul%20%E2%80%9EAndreea%E2%80%9D%20intr%C4%83%20%C3%AEn%20modernizare%21&amp;body=https%3A%2F%2Fwww.curierul.ro%2Fcentrul-andreea-intra-in-modernizare%2F&amp;share=email\" target=\"_blank\" aria-labelledby=\"sharing-email-196150\" data-email-share-error-title=\"\u021ai-ai configurat emailul?\" data-email-share-error-text=\"Dac\u0103 ai probleme la partajarea prin email, probabil nu ai configurat emailul pentru navigator. Poate trebuie s\u0103 creezi singur un email nou.\" data-email-share-nonce=\"d9be0eecad\" data-email-share-track-url=\"https:\/\/www.curierul.ro\/centrul-andreea-intra-in-modernizare\/?share=email\"><span id=\"sharing-email-196150\" hidden>D\u0103 clic pentru a trimite o leg\u0103tur\u0103 prin email unui prieten(Se deschide \u00eentr-o fereastr\u0103 nou\u0103)<\/span><span>Email<\/span><\/a><\/li>\n<li class=\"share-print\"><a rel=\"nofollow noopener noreferrer\" data-shared=\"sharing-print-196150\" class=\"share-print sd-button\" href=\"https:\/\/www.curierul.ro\/centrul-andreea-intra-in-modernizare\/#print?share=print\" target=\"_blank\" aria-labelledby=\"sharing-print-196150\"><span id=\"sharing-print-196150\" hidden>D\u0103 clic pentru a imprima(Se deschide \u00eentr-o fereastr\u0103 nou\u0103)<\/span><span>Imprimare<\/span><\/a><\/li>\n<li class=\"share-end\"><\/ul>\n<\/div>\n<\/div>\n<\/div>\n<\/div>\n<\/div>\n<div id=\"jp-relatedposts\" class=\"jp-relatedposts\">\n<h3 class=\"jp-relatedposts-headline\"><em>Similare<\/em><\/h3>\n<\/div>\n<footer class=\"post-footer\">\n<div class=\"post-navigation clearfix\">\n<div class=\"previous-post\">\n<div class=\"featured-photo\"><img decoding=\"async\" width=\"530\" height=\"213\" src=\"https:\/\/i0.wp.com\/www.curierul.ro\/wp-content\/uploads\/2022\/08\/MARIUS-CARBUNESCU.jpg?fit=300%2C121&amp;ssl=1\" class=\"attachment-post-thumbnail size-post-thumbnail wp-post-image\" alt loading=\"lazy\"><\/div>\n<p class=\"paginate-title\">\u00ab\u00ab <a href=\"https:\/\/www.curierul.ro\/cine-ne-educa-adolescentii\/\" rel=\"prev\">Cine ne educ\u0103 adolescen\u021bii?<\/a><\/p>\n<\/div>\n<div class=\"next-post\">\n<div class=\"featured-photo\"><img decoding=\"async\" width=\"1280\" height=\"720\" src=\"https:\/\/i0.wp.com\/www.curierul.ro\/wp-content\/uploads\/2026\/02\/conflict-licee.jpg?fit=300%2C169&amp;ssl=1\" class=\"attachment-post-thumbnail size-post-thumbnail wp-post-image\" alt loading=\"lazy\"><\/div>\n<p class=\"paginate-title\"><a href=\"https:\/\/www.curierul.ro\/atentie-parinti-conflictul-liceelor-un-eveniment-la-care-profesorii-scoala-si-inspectoratul-nu-participa\/\" rel=\"next\">Aten\u021bie p\u0103rin\u021bi! \u00abConflictul liceelor\u00bb, un eveniment la care profesorii, \u0218coala \u0219i Inspectoratul nu particip\u0103<\/a> \u00bb\u00bb<\/p>\n<\/div>\n<\/div>\n<div id=\"comments\" class=\"comments-area\">\n<div id=\"respond\" class=\"comment-respond\">\n<h3 id=\"reply-title\" class=\"comment-reply-title\">Po\u021bi comenta aici<small><a rel=\"nofollow\" id=\"cancel-comment-reply-link\" href=\"https:\/\/www.curierul.ro\/centrul-andreea-intra-in-modernizare\/#respond\">Anuleaz\u0103 r\u0103spunsul<\/a><\/small><\/h3>\n<\/div>\n<p class=\"akismet_comment_form_privacy_notice\">Acest site folose\u0219te Akismet pentru a reduce spamul. <a href=\"https:\/\/akismet.com\/privacy\/\" target=\"_blank\" rel=\"nofollow noopener\">Afl\u0103 cum sunt procesate datele comentariilor tale<\/a>.<\/p>\n<\/div>\n<section class=\"latest-category clearfix\">\n<h2 class=\"title\">More Stories From Actualitate<\/h2>\n<div class=\"stories-container\">\n<article id=\"related-196177\" class=\"story post-196177 post type-post status-publish format-standard has-post-thumbnail hentry category-actualitate category-headlines category-social tag-asociatia-energia-inteligenta tag-gaze\">\n<div class=\"photo\"><img decoding=\"async\" width=\"735\" height=\"440\" src=\"https:\/\/i0.wp.com\/www.curierul.ro\/wp-content\/uploads\/2026\/02\/voucher-gaze.jpg?fit=300%2C200&amp;ssl=1\" class=\"attachment-giornalismo-single size-giornalismo-single wp-post-image\" alt loading=\"lazy\"><\/div>\n<p class=\"headline\"><a href=\"https:\/\/www.curierul.ro\/voucherul-de-gaz-paguba-consumatorului-si-profitul-statului\/\">Voucherul de gaz: paguba consumatorului \u0219i profitul statului<\/a><\/p>\n<\/article>\n<article id=\"related-196164\" class=\"story post-196164 post type-post status-publish format-standard has-post-thumbnail hentry category-actualitate category-zidezi tag-articol-de-la-partener\">\n<div class=\"photo\"><img decoding=\"async\" width=\"735\" height=\"440\" src=\"https:\/\/i0.wp.com\/www.curierul.ro\/wp-content\/uploads\/2026\/02\/cum_s_asortezi_jacheta_cu_inutele_tale_de_zi_cu_zi_8_recomandri_wp.jpg?fit=300%2C200&amp;ssl=1\" class=\"attachment-giornalismo-single size-giornalismo-single wp-post-image\" alt loading=\"lazy\"><\/div>\n<p class=\"headline\"><a href=\"https:\/\/www.curierul.ro\/cum-sa-asortezi-jacheta-cu-tinutele-tale-de-zi-cu-zi-8-recomandari\/\">Cum s\u0103 asortezi jacheta cu \u021binutele tale de zi cu zi? 8 recomand\u0103ri<\/a><\/p>\n<\/article>\n<article id=\"related-196181\" class=\"story post-196181 post type-post status-publish format-standard has-post-thumbnail hentry category-actualitate category-economie\">\n<div class=\"photo\"><img decoding=\"async\" width=\"735\" height=\"440\" src=\"https:\/\/i0.wp.com\/www.curierul.ro\/wp-content\/uploads\/2026\/02\/RoEM_PIB2026-27_RO_Infografic.png?fit=298%2C300&amp;ssl=1\" class=\"attachment-giornalismo-single size-giornalismo-single wp-post-image\" alt loading=\"lazy\"><\/div>\n<p class=\"headline\"><a href=\"https:\/\/www.curierul.ro\/analiza-roem-ubb-fsega-despre-economia-romaniei2026-un-an-in-oglinda-cu-2025-dar-cu-o-succesiune-inversata-a-trendurilor\/\"><i>Analiz\u0103 RoEM-UBB FSEGA, despre economia Rom\u00e2niei:<\/i><br \/>2026, un \u201ean \u00een oglind\u0103\u201d cu 2025, dar cu o succesiune inversat\u0103 a trendurilor<\/a><\/p>\n<\/article>\n<\/div>\n<\/section>\n<section class=\"author-bio clearfix\">\n<div class=\"mug-shot\"><img decoding=\"async\" alt src=\"https:\/\/secure.gravatar.com\/avatar\/99cb5dc553c194226db8ff81883aeb68584791e67c78fb655bb3c37b83324715?s=96&amp;d=mm&amp;r=g\" class=\"avatar avatar-96 photo\" height=\"96\" width=\"96\" loading=\"lazy\"><\/div>\n<div class=\"author-info\">\n<p class=\"title\">About Comunicat de pres\u0103, <\/p>\n<div class=\"author-social-area\"><a href=\"mailto:redactie@curierul.ro\"><span class=\"fal fa-envelope\"><span class=\"screen-reader-text\">Email the Author<\/span><\/span><\/a><\/div>\n<\/div>\n<\/section>\n<\/footer>\n<\/article>\n<article id=\"related-196177\" class=\"story post-196177 post type-post status-publish format-standard has-post-thumbnail hentry category-actualitate category-headlines category-social tag-asociatia-energia-inteligenta tag-gaze\">\n<div class=\"photo\"><img decoding=\"async\" width=\"735\" height=\"440\" src=\"https:\/\/i0.wp.com\/www.curierul.ro\/wp-content\/uploads\/2026\/02\/voucher-gaze.jpg?fit=300%2C200&amp;ssl=1\" class=\"attachment-giornalismo-single size-giornalismo-single wp-post-image\" alt loading=\"lazy\"><\/div>\n<p class=\"headline\"><a href=\"https:\/\/www.curierul.ro\/voucherul-de-gaz-paguba-consumatorului-si-profitul-statului\/\">Voucherul de gaz: paguba consumatorului \u0219i profitul statului<\/a><\/p>\n<\/article>\n<article id=\"related-196164\" class=\"story post-196164 post type-post status-publish format-standard has-post-thumbnail hentry category-actualitate category-zidezi tag-articol-de-la-partener\">\n<div class=\"photo\"><img decoding=\"async\" width=\"735\" height=\"440\" src=\"https:\/\/i0.wp.com\/www.curierul.ro\/wp-content\/uploads\/2026\/02\/cum_s_asortezi_jacheta_cu_inutele_tale_de_zi_cu_zi_8_recomandri_wp.jpg?fit=300%2C200&amp;ssl=1\" class=\"attachment-giornalismo-single size-giornalismo-single wp-post-image\" alt loading=\"lazy\"><\/div>\n<p class=\"headline\"><a href=\"https:\/\/www.curierul.ro\/cum-sa-asortezi-jacheta-cu-tinutele-tale-de-zi-cu-zi-8-recomandari\/\">Cum s\u0103 asortezi jacheta cu \u021binutele tale de zi cu zi? 8 recomand\u0103ri<\/a><\/p>\n<\/article>\n<article id=\"related-196181\" class=\"story post-196181 post type-post status-publish format-standard has-post-thumbnail hentry category-actualitate category-economie\">\n<div class=\"photo\"><img decoding=\"async\" width=\"735\" height=\"440\" src=\"https:\/\/i0.wp.com\/www.curierul.ro\/wp-content\/uploads\/2026\/02\/RoEM_PIB2026-27_RO_Infografic.png?fit=298%2C300&amp;ssl=1\" class=\"attachment-giornalismo-single size-giornalismo-single wp-post-image\" alt loading=\"lazy\"><\/div>\n<p class=\"headline\"><a href=\"https:\/\/www.curierul.ro\/analiza-roem-ubb-fsega-despre-economia-romaniei2026-un-an-in-oglinda-cu-2025-dar-cu-o-succesiune-inversata-a-trendurilor\/\"><i>Analiz\u0103 RoEM-UBB FSEGA, despre economia Rom\u00e2niei:<\/i><br \/>2026, un \u201ean \u00een oglind\u0103\u201d cu 2025, dar cu o succesiune inversat\u0103 a trendurilor<\/a><\/p>\n<\/article>\n<p>[analyse_source url=&#8221;https:\/\/www.curierul.ro\/centrul-andreea-intra-in-modernizare\/&#8221;]<\/p>\n","protected":false},"excerpt":{"rendered":"<p>[analyse_image type=&#8221;featured&#8221; src=&#8221;https:\/\/www.curierul.ro\/wp-content\/uploads\/2026\/02\/Centrul-Andreea-2.jpeghttps:\/\/i0.wp.com\/www.curierul.ro\/wp-content\/uploads\/2026\/02\/Centrul-Andreea-2.jpeg?fit=1056%2C532&amp;ssl=1&#8243;] Home Actualitate Centrul \u201eAndreea\u201d intr\u0103 \u00een modernizare! Centrul \u201eAndreea\u201d intr\u0103 \u00een modernizare! Scris deComunicat de pres\u0103, 2 februarie 2026 3,2 milioane euro, pentru reabilitarea capital\u0103 a cl\u0103dirii! Vineri, 30 ianuarie, a fost semnat la Consiliul Jude\u021bean primul contract de lucr\u0103ri pe fonduri europene din acest an! Acordul, parafat de pre\u0219edintele CJ Constantin [&hellip;]<\/p>\n","protected":false},"author":1,"featured_media":0,"comment_status":"open","ping_status":"","sticky":false,"template":"","format":"standard","meta":{"footnotes":""},"categories":[89],"tags":[226,213],"class_list":["post-1749614","post","type-post","status-publish","format-standard","hentry","category-romania","tag-crawlmanager","tag-curierul-ro"],"_links":{"self":[{"href":"https:\/\/analyse.optim.biz\/index.php?rest_route=\/wp\/v2\/posts\/1749614","targetHints":{"allow":["GET"]}}],"collection":[{"href":"https:\/\/analyse.optim.biz\/index.php?rest_route=\/wp\/v2\/posts"}],"about":[{"href":"https:\/\/analyse.optim.biz\/index.php?rest_route=\/wp\/v2\/types\/post"}],"author":[{"embeddable":true,"href":"https:\/\/analyse.optim.biz\/index.php?rest_route=\/wp\/v2\/users\/1"}],"replies":[{"embeddable":true,"href":"https:\/\/analyse.optim.biz\/index.php?rest_route=%2Fwp%2Fv2%2Fcomments&post=1749614"}],"version-history":[{"count":0,"href":"https:\/\/analyse.optim.biz\/index.php?rest_route=\/wp\/v2\/posts\/1749614\/revisions"}],"wp:attachment":[{"href":"https:\/\/analyse.optim.biz\/index.php?rest_route=%2Fwp%2Fv2%2Fmedia&parent=1749614"}],"wp:term":[{"taxonomy":"category","embeddable":true,"href":"https:\/\/analyse.optim.biz\/index.php?rest_route=%2Fwp%2Fv2%2Fcategories&post=1749614"},{"taxonomy":"post_tag","embeddable":true,"href":"https:\/\/analyse.optim.biz\/index.php?rest_route=%2Fwp%2Fv2%2Ftags&post=1749614"}],"curies":[{"name":"wp","href":"https:\/\/api.w.org\/{rel}","templated":true}]}}