{"id":1749613,"date":"2026-02-02T09:18:16","date_gmt":"2026-02-02T06:18:16","guid":{"rendered":"https:\/\/analyse.optim.biz\/?p=1749613"},"modified":"2026-02-02T09:18:16","modified_gmt":"2026-02-02T06:18:16","slug":"atentie-parinti-conflictul-liceelor-un-eveniment-la-care-profesorii-scoala-si-inspectoratul-nu-participa","status":"publish","type":"post","link":"https:\/\/analyse.optim.biz\/?p=1749613","title":{"rendered":"Aten\u021bie p\u0103rin\u021bi! \u00abConflictul liceelor\u00bb, un eveniment la care profesorii, \u0218coala \u0219i Inspectoratul nu particip\u0103"},"content":{"rendered":"<p>[analyse_image type=&#8221;featured&#8221; src=&#8221;https:\/\/www.curierul.ro\/wp-content\/uploads\/2026\/02\/conflict-licee.jpghttps:\/\/i0.wp.com\/www.curierul.ro\/wp-content\/uploads\/2026\/02\/conflict-licee.jpg?fit=1200%2C675&amp;ssl=1&#8243;]<\/p>\n<article id=\"196151\" class=\"post-196151 post type-post status-publish format-standard has-post-thumbnail hentry category-eveniment-social category-invatamant category-social tag-conflict tag-eveniment tag-inspectoratul-scolar tag-licee tag-parinti-2 tag-profesori tag-scoala\">\n<header class=\"post-header\">\n<ul class=\"breadcrumbs\">\n<li><a href=\"https:\/\/www.curierul.ro\">Home<\/a><\/li>\n<li class=\"breadcrumbs-active .category-eveniment-social\"><a href=\"https:\/\/www.curierul.ro\/index.php?cat=928\">Eveniment<\/a><\/li>\n<li class=\"breadcrumbs-active .category-eveniment-social\">Aten\u021bie p\u0103rin\u021bi! \u00abConflictul liceelor\u00bb, un eveniment la care profesorii, \u0218coala \u0219i Inspectoratul nu particip\u0103<\/li>\n<\/ul>\n<div class=\"featured-photo\"><img loading=\"lazy\" decoding=\"async\" width=\"1280\" height=\"720\" src=\"https:\/\/i0.wp.com\/www.curierul.ro\/wp-content\/uploads\/2026\/02\/conflict-licee.jpg?fit=300%2C169&amp;ssl=1\" class=\"attachment-single size-single wp-post-image\" alt><\/div>\n<h1 class=\"headline\">Aten\u021bie p\u0103rin\u021bi! \u00abConflictul liceelor\u00bb, un eveniment la care profesorii, \u0218coala \u0219i Inspectoratul nu particip\u0103<\/h1>\n<p class=\"byline\">\n\t\tScris de<a href=\"https:\/\/www.curierul.ro\/author\/alin\/\">Alin Emilian Tudoroiu<\/a>, \t\t2 februarie 2026\t\t\t\t<\/p>\n<hr>\n<\/header>\n<p>Printr-un comunicat de pres\u0103, Inspectoratul \u0218colar Jude\u021bean V\u00e2lcea aduce la cuno\u0219tin\u021ba opiniei publice, p\u0103rin\u021bilor \u0219i elevilor faptul c\u0103 nu are nicio implicare, direct\u0103 sau indirect\u0103, \u00een organizarea sau desf\u0103\u0219urarea evenimentului intitulat \u201eConflictul liceelor\u201d. De asemenea, unit\u0103\u021bile de \u00eenv\u0103\u021b\u0103m\u00e2nt liceal din municipiul R\u00e2mnicu V\u00e2lcea, precum \u0219i cadrele didactice, nu sunt implicate \u00een niciuna dintre etapele acestui eveniment (preselec\u021bii, promovare, desf\u0103\u0219urare propriu-zis\u0103).<\/p>\n<p>Reprezentan\u021bii Inspectoratului \u0218colar V\u00e2lcea au precizat c\u0103:<\/p>\n<p><strong>\u2022<\/strong> evenimentul este organizat de o asocia\u021bie sau entitate privat\u0103, \u00een afara cadrului educa\u021bional;<br \/><span>\u00a0\u2022 elevii participan\u021bi nu sunt \u00eenso\u021bi\u021bi de cadre didactice;<br \/><\/span><span>\u2022 \u0219colile nu \u00ee\u0219i asum\u0103 nicio responsabilitate privind selec\u021bia, supravegherea sau siguran\u021ba elevilor participan\u021bi;<br \/><\/span><span>\u2022 evenimentul se desf\u0103\u0219oar\u0103 de regul\u0103 \u00een cluburi sau restaurante.<\/span><\/p>\n<p>Inspectoratul \u0218colar Jude\u021bean V\u00e2lcea \u00ee\u0219i exprim\u0103 \u00eengrijorarea fa\u021b\u0103 de posibilele riscuri privind siguran\u021ba elevilor, \u00een lipsa unei supravegheri adecvate, de vulnerabilitatea minorilor \u00een contexte care pot presupune consum de alcool sau alte substan\u021be, precum \u0219i de utilizarea \u00een materialele de promovare a unui limbaj vulgar, incompatibil cu valorile educa\u021biei \u0219i cu protec\u021bia minorilor.<\/p>\n<p>\u201e<em>Totodat\u0103, atragem aten\u021bia asupra faptului c\u0103 folosirea denumirilor liceelor (de tipul \u201eLiceul X vs Colegiul Y\u201d) poate crea \u00een mod eronat impresia unei implic\u0103ri institu\u021bionale, ceea ce nu corespunde realit\u0103\u021bii. Conducerea Inspectoratului \u0218colar Jude\u021bean V\u00e2lcea recomand\u0103 p\u0103rin\u021bilor s\u0103 se informeze atent cu privire la natura, organizatorii \u0219i condi\u021biile de desf\u0103\u0219urare ale evenimentelor la care particip\u0103 copiii lor \u0219i reafirm\u0103 angajamentul s\u0103u pentru siguran\u021ba, educa\u021bia \u0219i protec\u021bia elevilor\u201d<\/em>, se arat\u0103 \u00een comunicatul transmis.<\/p>\n<div class=\"sharedaddy sd-sharing-enabled\">\n<div class=\"robots-nocontent sd-block sd-social sd-social-official sd-sharing\">\n<h3 class=\"sd-title\">Distribuie pe:<\/h3>\n<div class=\"sd-content\">\n<ul>\n<li class=\"share-facebook\">\n<li class=\"share-twitter\"><a href=\"https:\/\/twitter.com\/share\" class=\"twitter-share-button\" data-url=\"https:\/\/www.curierul.ro\/atentie-parinti-conflictul-liceelor-un-eveniment-la-care-profesorii-scoala-si-inspectoratul-nu-participa\/\" data-text=\"Aten\u021bie p\u0103rin\u021bi! \u00abConflictul liceelor\u00bb, un eveniment la care profesorii, \u0218coala \u0219i Inspectoratul nu particip\u0103\" data-via=\"curierulvl\">Tweet<\/a><\/li>\n<li class=\"share-jetpack-whatsapp\"><a rel=\"nofollow noopener noreferrer\" data-shared=\"sharing-whatsapp-196151\" class=\"share-jetpack-whatsapp sd-button\" href=\"https:\/\/www.curierul.ro\/atentie-parinti-conflictul-liceelor-un-eveniment-la-care-profesorii-scoala-si-inspectoratul-nu-participa\/?share=jetpack-whatsapp\" target=\"_blank\" aria-labelledby=\"sharing-whatsapp-196151\"><span id=\"sharing-whatsapp-196151\" hidden>D\u0103 clic pentru partajare pe WhatsApp(Se deschide \u00eentr-o fereastr\u0103 nou\u0103)<\/span><span>WhatsApp<\/span><\/a><\/li>\n<li><a href=\"https:\/\/www.curierul.ro\/atentie-parinti-conflictul-liceelor-un-eveniment-la-care-profesorii-scoala-si-inspectoratul-nu-participa\/\" class=\"sharing-anchor sd-button share-more\"><span>Mai mult<\/span><\/a><\/li>\n<li class=\"share-end\"><\/ul>\n<div class=\"sharing-hidden\">\n<div class=\"inner\">\n<ul>\n<li class=\"share-email\"><a rel=\"nofollow noopener noreferrer\" data-shared=\"sharing-email-196151\" class=\"share-email sd-button\" href=\"mailto:?subject=%5BArticol%20partajat%5D%20Aten%C8%9Bie%20p%C4%83rin%C8%9Bi%21%20%C2%ABConflictul%20liceelor%C2%BB%2C%20un%20eveniment%20la%20care%20profesorii%2C%20%C8%98coala%20%C8%99i%20Inspectoratul%20nu%20particip%C4%83&amp;body=https%3A%2F%2Fwww.curierul.ro%2Fatentie-parinti-conflictul-liceelor-un-eveniment-la-care-profesorii-scoala-si-inspectoratul-nu-participa%2F&amp;share=email\" target=\"_blank\" aria-labelledby=\"sharing-email-196151\" data-email-share-error-title=\"\u021ai-ai configurat emailul?\" data-email-share-error-text=\"Dac\u0103 ai probleme la partajarea prin email, probabil nu ai configurat emailul pentru navigator. Poate trebuie s\u0103 creezi singur un email nou.\" data-email-share-nonce=\"5df0eb431e\" data-email-share-track-url=\"https:\/\/www.curierul.ro\/atentie-parinti-conflictul-liceelor-un-eveniment-la-care-profesorii-scoala-si-inspectoratul-nu-participa\/?share=email\"><span id=\"sharing-email-196151\" hidden>D\u0103 clic pentru a trimite o leg\u0103tur\u0103 prin email unui prieten(Se deschide \u00eentr-o fereastr\u0103 nou\u0103)<\/span><span>Email<\/span><\/a><\/li>\n<li class=\"share-print\"><a rel=\"nofollow noopener noreferrer\" data-shared=\"sharing-print-196151\" class=\"share-print sd-button\" href=\"https:\/\/www.curierul.ro\/atentie-parinti-conflictul-liceelor-un-eveniment-la-care-profesorii-scoala-si-inspectoratul-nu-participa\/#print?share=print\" target=\"_blank\" aria-labelledby=\"sharing-print-196151\"><span id=\"sharing-print-196151\" hidden>D\u0103 clic pentru a imprima(Se deschide \u00eentr-o fereastr\u0103 nou\u0103)<\/span><span>Imprimare<\/span><\/a><\/li>\n<li class=\"share-end\"><\/ul>\n<\/div>\n<\/div>\n<\/div>\n<\/div>\n<\/div>\n<div id=\"jp-relatedposts\" class=\"jp-relatedposts\">\n<h3 class=\"jp-relatedposts-headline\"><em>Similare<\/em><\/h3>\n<\/div>\n<footer class=\"post-footer\">\n<p class=\"tags\"><strong>Tags: <\/strong><a href=\"https:\/\/www.curierul.ro\/tag\/conflict\/\" rel=\"tag\">conflict<\/a>, <a href=\"https:\/\/www.curierul.ro\/tag\/eveniment\/\" rel=\"tag\">eveniment<\/a>, <a href=\"https:\/\/www.curierul.ro\/tag\/inspectoratul-scolar\/\" rel=\"tag\">Inspectoratul \u0218colar<\/a>, <a href=\"https:\/\/www.curierul.ro\/tag\/licee\/\" rel=\"tag\">licee<\/a>, <a href=\"https:\/\/www.curierul.ro\/tag\/parinti-2\/\" rel=\"tag\">p\u0103rin\u021bi<\/a>, <a href=\"https:\/\/www.curierul.ro\/tag\/profesori\/\" rel=\"tag\">profesori<\/a>, <a href=\"https:\/\/www.curierul.ro\/tag\/scoala\/\" rel=\"tag\">scoala<\/a><\/p>\n<div class=\"post-navigation clearfix\">\n<div class=\"previous-post\">\n<div class=\"featured-photo\"><img loading=\"lazy\" decoding=\"async\" width=\"1056\" height=\"532\" src=\"https:\/\/i0.wp.com\/www.curierul.ro\/wp-content\/uploads\/2026\/02\/Centrul-Andreea-2.jpeg?fit=300%2C151&amp;ssl=1\" class=\"attachment-post-thumbnail size-post-thumbnail wp-post-image\" alt><\/div>\n<p class=\"paginate-title\">\u00ab\u00ab <a href=\"https:\/\/www.curierul.ro\/centrul-andreea-intra-in-modernizare\/\" rel=\"prev\">Centrul \u201eAndreea\u201d intr\u0103 \u00een modernizare!<\/a><\/p>\n<\/div>\n<div class=\"next-post\">\n<div class=\"featured-photo\"><img decoding=\"async\" width=\"2000\" height=\"1126\" src=\"https:\/\/i0.wp.com\/www.curierul.ro\/wp-content\/uploads\/2026\/02\/Accident-2.jpeg?fit=300%2C169&amp;ssl=1\" class=\"attachment-post-thumbnail size-post-thumbnail wp-post-image\" alt loading=\"lazy\"><\/div>\n<p class=\"paginate-title\"><a href=\"https:\/\/www.curierul.ro\/accident-cu-victime\/\" rel=\"next\">Accident cu victime<\/a> \u00bb\u00bb<\/p>\n<\/div>\n<\/div>\n<div id=\"comments\" class=\"comments-area\">\n<div id=\"respond\" class=\"comment-respond\">\n<h3 id=\"reply-title\" class=\"comment-reply-title\">Po\u021bi comenta aici<small><a rel=\"nofollow\" id=\"cancel-comment-reply-link\" href=\"https:\/\/www.curierul.ro\/atentie-parinti-conflictul-liceelor-un-eveniment-la-care-profesorii-scoala-si-inspectoratul-nu-participa\/#respond\">Anuleaz\u0103 r\u0103spunsul<\/a><\/small><\/h3>\n<\/div>\n<p class=\"akismet_comment_form_privacy_notice\">Acest site folose\u0219te Akismet pentru a reduce spamul. <a href=\"https:\/\/akismet.com\/privacy\/\" target=\"_blank\" rel=\"nofollow noopener\">Afl\u0103 cum sunt procesate datele comentariilor tale<\/a>.<\/p>\n<\/div>\n<section class=\"related-stories\">\n<h2>Related Stories<\/h2>\n<div class=\"stories-container\">\n<article id=\"latest-183918\" class=\"story post-183918 post type-post status-publish format-standard has-post-thumbnail hentry category-ceasul-rau category-impact category-jandarmerie category-social tag-conflict tag-incaierare tag-jandarmi tag-legea-nr-61-1991 tag-zilele-imnului\">\n<div class=\"photo\"><img decoding=\"async\" width=\"735\" height=\"440\" src=\"https:\/\/i0.wp.com\/www.curierul.ro\/wp-content\/uploads\/2020\/10\/JANDARMI-OCT-2020-e1690804561411.jpg?fit=300%2C189&amp;ssl=1\" class=\"attachment-giornalismo-single size-giornalismo-single wp-post-image\" alt loading=\"lazy\"><\/div>\n<p class=\"headline\"><a href=\"https:\/\/www.curierul.ro\/jandarmii-au-intrerupt-o-incaierare-pe-care-zece-adolescenti-teribilisti-o-pregateau-la-zilele-imnului\/\">JANDARMII AU \u00ceNTRERUPT O \u00ceNC\u0102IERARE pe care zece adolescen\u021bi teribili\u0219ti \u201eo preg\u0103teau\u201d la Zilele Imnului<\/a><\/p>\n<\/article>\n<article id=\"latest-177672\" class=\"story post-177672 post type-post status-publish format-standard has-post-thumbnail hentry category-actualitate category-partidul-ecologist-roman category-politica category-rostire tag-administratie-3 tag-andrei-gheorghiu tag-conflict tag-mircia-gutau-2 tag-primaria-ramnicu-valcea\">\n<div class=\"photo\"><img decoding=\"async\" width=\"735\" height=\"440\" src=\"https:\/\/i0.wp.com\/www.curierul.ro\/wp-content\/uploads\/2022\/09\/GUTAU-SEMNATURA.jpg?fit=300%2C172&amp;ssl=1\" class=\"attachment-giornalismo-single size-giornalismo-single wp-post-image\" alt loading=\"lazy\"><\/div>\n<p class=\"headline\"><a href=\"https:\/\/www.curierul.ro\/rostire-1082\/\"><strong>Ro\u0218tire<\/strong><\/a><\/p>\n<\/article>\n<article id=\"latest-172428\" class=\"story post-172428 post type-post status-publish format-standard has-post-thumbnail hentry category-actualitate category-comunicate category-economie category-politica tag-conflict tag-mircia-gutau-2 tag-primaria-ramnicu-valcea tag-scandal tag-virgil-pirvulescu-2\">\n<div class=\"photo\"><img decoding=\"async\" width=\"735\" height=\"440\" src=\"https:\/\/i0.wp.com\/www.curierul.ro\/wp-content\/uploads\/2019\/12\/GUTAU-1.jpg?fit=300%2C207&amp;ssl=1\" class=\"attachment-giornalismo-single size-giornalismo-single wp-post-image\" alt loading=\"lazy\"><\/div>\n<p class=\"headline\"><a href=\"https:\/\/www.curierul.ro\/comunicat-de-presa-din-partea-primarului-mircia-gutau-virgil-pirvulescu-un-nou-nicolae-ceausescu\/\">Comunicat de pres\u0103 din partea primarului Mircia Gut\u0103u: \u201eVirgil P\u00eervulescu: un nou Nicolae Ceau\u015fescu!\u201d<\/a><\/p>\n<\/article>\n<\/div>\n<\/section>\n<section class=\"latest-category clearfix\">\n<h2 class=\"title\">More Stories From Eveniment<\/h2>\n<\/section>\n<section class=\"author-bio clearfix\">\n<div class=\"mug-shot\"><img decoding=\"async\" alt src=\"https:\/\/secure.gravatar.com\/avatar\/ae634844e12be63a4f063a6c7bef885da670fd420e0dedd39ed80eacd6e6979c?s=96&amp;d=mm&amp;r=g\" class=\"avatar avatar-96 photo\" height=\"96\" width=\"96\" loading=\"lazy\"><\/div>\n<div class=\"author-info\">\n<p class=\"title\">About Alin Emilian Tudoroiu, <\/p>\n<div class=\"author-social-area\"><a href=\"mailto:alintudoroiu@curierul.ro\"><span class=\"fal fa-envelope\"><span class=\"screen-reader-text\">Email the Author<\/span><\/span><\/a><\/div>\n<\/div>\n<\/section>\n<\/footer>\n<\/article>\n<article id=\"196151\" class=\"post-196151 post type-post status-publish format-standard has-post-thumbnail hentry category-eveniment-social category-invatamant category-social tag-conflict tag-eveniment tag-inspectoratul-scolar tag-licee tag-parinti-2 tag-profesori tag-scoala\">\n<header class=\"post-header\">\n<ul class=\"breadcrumbs\">\n<li><a href=\"https:\/\/www.curierul.ro\">Home<\/a><\/li>\n<li class=\"breadcrumbs-active .category-eveniment-social\"><a href=\"https:\/\/www.curierul.ro\/index.php?cat=928\">Eveniment<\/a><\/li>\n<li class=\"breadcrumbs-active .category-eveniment-social\">Aten\u021bie p\u0103rin\u021bi! \u00abConflictul liceelor\u00bb, un eveniment la care profesorii, \u0218coala \u0219i Inspectoratul nu particip\u0103<\/li>\n<\/ul>\n<div class=\"featured-photo\"><img loading=\"lazy\" decoding=\"async\" width=\"1280\" height=\"720\" src=\"https:\/\/i0.wp.com\/www.curierul.ro\/wp-content\/uploads\/2026\/02\/conflict-licee.jpg?fit=300%2C169&amp;ssl=1\" class=\"attachment-single size-single wp-post-image\" alt><\/div>\n<h1 class=\"headline\">Aten\u021bie p\u0103rin\u021bi! \u00abConflictul liceelor\u00bb, un eveniment la care profesorii, \u0218coala \u0219i Inspectoratul nu particip\u0103<\/h1>\n<p class=\"byline\">\n\t\tScris de<a href=\"https:\/\/www.curierul.ro\/author\/alin\/\">Alin Emilian Tudoroiu<\/a>, \t\t2 februarie 2026\t\t\t\t<\/p>\n<hr>\n<\/header>\n<p>Printr-un comunicat de pres\u0103, Inspectoratul \u0218colar Jude\u021bean V\u00e2lcea aduce la cuno\u0219tin\u021ba opiniei publice, p\u0103rin\u021bilor \u0219i elevilor faptul c\u0103 nu are nicio implicare, direct\u0103 sau indirect\u0103, \u00een organizarea sau desf\u0103\u0219urarea evenimentului intitulat \u201eConflictul liceelor\u201d. De asemenea, unit\u0103\u021bile de \u00eenv\u0103\u021b\u0103m\u00e2nt liceal din municipiul R\u00e2mnicu V\u00e2lcea, precum \u0219i cadrele didactice, nu sunt implicate \u00een niciuna dintre etapele acestui eveniment (preselec\u021bii, promovare, desf\u0103\u0219urare propriu-zis\u0103).<\/p>\n<p>Reprezentan\u021bii Inspectoratului \u0218colar V\u00e2lcea au precizat c\u0103:<\/p>\n<p><strong>\u2022<\/strong> evenimentul este organizat de o asocia\u021bie sau entitate privat\u0103, \u00een afara cadrului educa\u021bional;<br \/><span>\u00a0\u2022 elevii participan\u021bi nu sunt \u00eenso\u021bi\u021bi de cadre didactice;<br \/><\/span><span>\u2022 \u0219colile nu \u00ee\u0219i asum\u0103 nicio responsabilitate privind selec\u021bia, supravegherea sau siguran\u021ba elevilor participan\u021bi;<br \/><\/span><span>\u2022 evenimentul se desf\u0103\u0219oar\u0103 de regul\u0103 \u00een cluburi sau restaurante.<\/span><\/p>\n<p>Inspectoratul \u0218colar Jude\u021bean V\u00e2lcea \u00ee\u0219i exprim\u0103 \u00eengrijorarea fa\u021b\u0103 de posibilele riscuri privind siguran\u021ba elevilor, \u00een lipsa unei supravegheri adecvate, de vulnerabilitatea minorilor \u00een contexte care pot presupune consum de alcool sau alte substan\u021be, precum \u0219i de utilizarea \u00een materialele de promovare a unui limbaj vulgar, incompatibil cu valorile educa\u021biei \u0219i cu protec\u021bia minorilor.<\/p>\n<p>\u201e<em>Totodat\u0103, atragem aten\u021bia asupra faptului c\u0103 folosirea denumirilor liceelor (de tipul \u201eLiceul X vs Colegiul Y\u201d) poate crea \u00een mod eronat impresia unei implic\u0103ri institu\u021bionale, ceea ce nu corespunde realit\u0103\u021bii. Conducerea Inspectoratului \u0218colar Jude\u021bean V\u00e2lcea recomand\u0103 p\u0103rin\u021bilor s\u0103 se informeze atent cu privire la natura, organizatorii \u0219i condi\u021biile de desf\u0103\u0219urare ale evenimentelor la care particip\u0103 copiii lor \u0219i reafirm\u0103 angajamentul s\u0103u pentru siguran\u021ba, educa\u021bia \u0219i protec\u021bia elevilor\u201d<\/em>, se arat\u0103 \u00een comunicatul transmis.<\/p>\n<div class=\"sharedaddy sd-sharing-enabled\">\n<div class=\"robots-nocontent sd-block sd-social sd-social-official sd-sharing\">\n<h3 class=\"sd-title\">Distribuie pe:<\/h3>\n<div class=\"sd-content\">\n<ul>\n<li class=\"share-facebook\">\n<li class=\"share-twitter\"><a href=\"https:\/\/twitter.com\/share\" class=\"twitter-share-button\" data-url=\"https:\/\/www.curierul.ro\/atentie-parinti-conflictul-liceelor-un-eveniment-la-care-profesorii-scoala-si-inspectoratul-nu-participa\/\" data-text=\"Aten\u021bie p\u0103rin\u021bi! \u00abConflictul liceelor\u00bb, un eveniment la care profesorii, \u0218coala \u0219i Inspectoratul nu particip\u0103\" data-via=\"curierulvl\">Tweet<\/a><\/li>\n<li class=\"share-jetpack-whatsapp\"><a rel=\"nofollow noopener noreferrer\" data-shared=\"sharing-whatsapp-196151\" class=\"share-jetpack-whatsapp sd-button\" href=\"https:\/\/www.curierul.ro\/atentie-parinti-conflictul-liceelor-un-eveniment-la-care-profesorii-scoala-si-inspectoratul-nu-participa\/?share=jetpack-whatsapp\" target=\"_blank\" aria-labelledby=\"sharing-whatsapp-196151\"><span id=\"sharing-whatsapp-196151\" hidden>D\u0103 clic pentru partajare pe WhatsApp(Se deschide \u00eentr-o fereastr\u0103 nou\u0103)<\/span><span>WhatsApp<\/span><\/a><\/li>\n<li><a href=\"https:\/\/www.curierul.ro\/atentie-parinti-conflictul-liceelor-un-eveniment-la-care-profesorii-scoala-si-inspectoratul-nu-participa\/\" class=\"sharing-anchor sd-button share-more\"><span>Mai mult<\/span><\/a><\/li>\n<li class=\"share-end\"><\/ul>\n<div class=\"sharing-hidden\">\n<div class=\"inner\">\n<ul>\n<li class=\"share-email\"><a rel=\"nofollow noopener noreferrer\" data-shared=\"sharing-email-196151\" class=\"share-email sd-button\" href=\"mailto:?subject=%5BArticol%20partajat%5D%20Aten%C8%9Bie%20p%C4%83rin%C8%9Bi%21%20%C2%ABConflictul%20liceelor%C2%BB%2C%20un%20eveniment%20la%20care%20profesorii%2C%20%C8%98coala%20%C8%99i%20Inspectoratul%20nu%20particip%C4%83&amp;body=https%3A%2F%2Fwww.curierul.ro%2Fatentie-parinti-conflictul-liceelor-un-eveniment-la-care-profesorii-scoala-si-inspectoratul-nu-participa%2F&amp;share=email\" target=\"_blank\" aria-labelledby=\"sharing-email-196151\" data-email-share-error-title=\"\u021ai-ai configurat emailul?\" data-email-share-error-text=\"Dac\u0103 ai probleme la partajarea prin email, probabil nu ai configurat emailul pentru navigator. Poate trebuie s\u0103 creezi singur un email nou.\" data-email-share-nonce=\"5df0eb431e\" data-email-share-track-url=\"https:\/\/www.curierul.ro\/atentie-parinti-conflictul-liceelor-un-eveniment-la-care-profesorii-scoala-si-inspectoratul-nu-participa\/?share=email\"><span id=\"sharing-email-196151\" hidden>D\u0103 clic pentru a trimite o leg\u0103tur\u0103 prin email unui prieten(Se deschide \u00eentr-o fereastr\u0103 nou\u0103)<\/span><span>Email<\/span><\/a><\/li>\n<li class=\"share-print\"><a rel=\"nofollow noopener noreferrer\" data-shared=\"sharing-print-196151\" class=\"share-print sd-button\" href=\"https:\/\/www.curierul.ro\/atentie-parinti-conflictul-liceelor-un-eveniment-la-care-profesorii-scoala-si-inspectoratul-nu-participa\/#print?share=print\" target=\"_blank\" aria-labelledby=\"sharing-print-196151\"><span id=\"sharing-print-196151\" hidden>D\u0103 clic pentru a imprima(Se deschide \u00eentr-o fereastr\u0103 nou\u0103)<\/span><span>Imprimare<\/span><\/a><\/li>\n<li class=\"share-end\"><\/ul>\n<\/div>\n<\/div>\n<\/div>\n<\/div>\n<\/div>\n<div id=\"jp-relatedposts\" class=\"jp-relatedposts\">\n<h3 class=\"jp-relatedposts-headline\"><em>Similare<\/em><\/h3>\n<\/div>\n<footer class=\"post-footer\">\n<p class=\"tags\"><strong>Tags: <\/strong><a href=\"https:\/\/www.curierul.ro\/tag\/conflict\/\" rel=\"tag\">conflict<\/a>, <a href=\"https:\/\/www.curierul.ro\/tag\/eveniment\/\" rel=\"tag\">eveniment<\/a>, <a href=\"https:\/\/www.curierul.ro\/tag\/inspectoratul-scolar\/\" rel=\"tag\">Inspectoratul \u0218colar<\/a>, <a href=\"https:\/\/www.curierul.ro\/tag\/licee\/\" rel=\"tag\">licee<\/a>, <a href=\"https:\/\/www.curierul.ro\/tag\/parinti-2\/\" rel=\"tag\">p\u0103rin\u021bi<\/a>, <a href=\"https:\/\/www.curierul.ro\/tag\/profesori\/\" rel=\"tag\">profesori<\/a>, <a href=\"https:\/\/www.curierul.ro\/tag\/scoala\/\" rel=\"tag\">scoala<\/a><\/p>\n<div class=\"post-navigation clearfix\">\n<div class=\"previous-post\">\n<div class=\"featured-photo\"><img loading=\"lazy\" decoding=\"async\" width=\"1056\" height=\"532\" src=\"https:\/\/i0.wp.com\/www.curierul.ro\/wp-content\/uploads\/2026\/02\/Centrul-Andreea-2.jpeg?fit=300%2C151&amp;ssl=1\" class=\"attachment-post-thumbnail size-post-thumbnail wp-post-image\" alt><\/div>\n<p class=\"paginate-title\">\u00ab\u00ab <a href=\"https:\/\/www.curierul.ro\/centrul-andreea-intra-in-modernizare\/\" rel=\"prev\">Centrul \u201eAndreea\u201d intr\u0103 \u00een modernizare!<\/a><\/p>\n<\/div>\n<div class=\"next-post\">\n<div class=\"featured-photo\"><img decoding=\"async\" width=\"2000\" height=\"1126\" src=\"https:\/\/i0.wp.com\/www.curierul.ro\/wp-content\/uploads\/2026\/02\/Accident-2.jpeg?fit=300%2C169&amp;ssl=1\" class=\"attachment-post-thumbnail size-post-thumbnail wp-post-image\" alt loading=\"lazy\"><\/div>\n<p class=\"paginate-title\"><a href=\"https:\/\/www.curierul.ro\/accident-cu-victime\/\" rel=\"next\">Accident cu victime<\/a> \u00bb\u00bb<\/p>\n<\/div>\n<\/div>\n<div id=\"comments\" class=\"comments-area\">\n<div id=\"respond\" class=\"comment-respond\">\n<h3 id=\"reply-title\" class=\"comment-reply-title\">Po\u021bi comenta aici<small><a rel=\"nofollow\" id=\"cancel-comment-reply-link\" href=\"https:\/\/www.curierul.ro\/atentie-parinti-conflictul-liceelor-un-eveniment-la-care-profesorii-scoala-si-inspectoratul-nu-participa\/#respond\">Anuleaz\u0103 r\u0103spunsul<\/a><\/small><\/h3>\n<\/div>\n<p class=\"akismet_comment_form_privacy_notice\">Acest site folose\u0219te Akismet pentru a reduce spamul. <a href=\"https:\/\/akismet.com\/privacy\/\" target=\"_blank\" rel=\"nofollow noopener\">Afl\u0103 cum sunt procesate datele comentariilor tale<\/a>.<\/p>\n<\/div>\n<section class=\"related-stories\">\n<h2>Related Stories<\/h2>\n<div class=\"stories-container\">\n<article id=\"latest-183918\" class=\"story post-183918 post type-post status-publish format-standard has-post-thumbnail hentry category-ceasul-rau category-impact category-jandarmerie category-social tag-conflict tag-incaierare tag-jandarmi tag-legea-nr-61-1991 tag-zilele-imnului\">\n<div class=\"photo\"><img decoding=\"async\" width=\"735\" height=\"440\" src=\"https:\/\/i0.wp.com\/www.curierul.ro\/wp-content\/uploads\/2020\/10\/JANDARMI-OCT-2020-e1690804561411.jpg?fit=300%2C189&amp;ssl=1\" class=\"attachment-giornalismo-single size-giornalismo-single wp-post-image\" alt loading=\"lazy\"><\/div>\n<p class=\"headline\"><a href=\"https:\/\/www.curierul.ro\/jandarmii-au-intrerupt-o-incaierare-pe-care-zece-adolescenti-teribilisti-o-pregateau-la-zilele-imnului\/\">JANDARMII AU \u00ceNTRERUPT O \u00ceNC\u0102IERARE pe care zece adolescen\u021bi teribili\u0219ti \u201eo preg\u0103teau\u201d la Zilele Imnului<\/a><\/p>\n<\/article>\n<article id=\"latest-177672\" class=\"story post-177672 post type-post status-publish format-standard has-post-thumbnail hentry category-actualitate category-partidul-ecologist-roman category-politica category-rostire tag-administratie-3 tag-andrei-gheorghiu tag-conflict tag-mircia-gutau-2 tag-primaria-ramnicu-valcea\">\n<div class=\"photo\"><img decoding=\"async\" width=\"735\" height=\"440\" src=\"https:\/\/i0.wp.com\/www.curierul.ro\/wp-content\/uploads\/2022\/09\/GUTAU-SEMNATURA.jpg?fit=300%2C172&amp;ssl=1\" class=\"attachment-giornalismo-single size-giornalismo-single wp-post-image\" alt loading=\"lazy\"><\/div>\n<p class=\"headline\"><a href=\"https:\/\/www.curierul.ro\/rostire-1082\/\"><strong>Ro\u0218tire<\/strong><\/a><\/p>\n<\/article>\n<article id=\"latest-172428\" class=\"story post-172428 post type-post status-publish format-standard has-post-thumbnail hentry category-actualitate category-comunicate category-economie category-politica tag-conflict tag-mircia-gutau-2 tag-primaria-ramnicu-valcea tag-scandal tag-virgil-pirvulescu-2\">\n<div class=\"photo\"><img decoding=\"async\" width=\"735\" height=\"440\" src=\"https:\/\/i0.wp.com\/www.curierul.ro\/wp-content\/uploads\/2019\/12\/GUTAU-1.jpg?fit=300%2C207&amp;ssl=1\" class=\"attachment-giornalismo-single size-giornalismo-single wp-post-image\" alt loading=\"lazy\"><\/div>\n<p class=\"headline\"><a href=\"https:\/\/www.curierul.ro\/comunicat-de-presa-din-partea-primarului-mircia-gutau-virgil-pirvulescu-un-nou-nicolae-ceausescu\/\">Comunicat de pres\u0103 din partea primarului Mircia Gut\u0103u: \u201eVirgil P\u00eervulescu: un nou Nicolae Ceau\u015fescu!\u201d<\/a><\/p>\n<\/article>\n<\/div>\n<\/section>\n<section class=\"latest-category clearfix\">\n<h2 class=\"title\">More Stories From Eveniment<\/h2>\n<\/section>\n<section class=\"author-bio clearfix\">\n<div class=\"mug-shot\"><img decoding=\"async\" alt src=\"https:\/\/secure.gravatar.com\/avatar\/ae634844e12be63a4f063a6c7bef885da670fd420e0dedd39ed80eacd6e6979c?s=96&amp;d=mm&amp;r=g\" class=\"avatar avatar-96 photo\" height=\"96\" width=\"96\" loading=\"lazy\"><\/div>\n<div class=\"author-info\">\n<p class=\"title\">About Alin Emilian Tudoroiu, <\/p>\n<div class=\"author-social-area\"><a href=\"mailto:alintudoroiu@curierul.ro\"><span class=\"fal fa-envelope\"><span class=\"screen-reader-text\">Email the Author<\/span><\/span><\/a><\/div>\n<\/div>\n<\/section>\n<\/footer>\n<\/article>\n<article id=\"latest-183918\" class=\"story post-183918 post type-post status-publish format-standard has-post-thumbnail hentry category-ceasul-rau category-impact category-jandarmerie category-social tag-conflict tag-incaierare tag-jandarmi tag-legea-nr-61-1991 tag-zilele-imnului\">\n<div class=\"photo\"><img decoding=\"async\" width=\"735\" height=\"440\" src=\"https:\/\/i0.wp.com\/www.curierul.ro\/wp-content\/uploads\/2020\/10\/JANDARMI-OCT-2020-e1690804561411.jpg?fit=300%2C189&amp;ssl=1\" class=\"attachment-giornalismo-single size-giornalismo-single wp-post-image\" alt loading=\"lazy\"><\/div>\n<p class=\"headline\"><a href=\"https:\/\/www.curierul.ro\/jandarmii-au-intrerupt-o-incaierare-pe-care-zece-adolescenti-teribilisti-o-pregateau-la-zilele-imnului\/\">JANDARMII AU \u00ceNTRERUPT O \u00ceNC\u0102IERARE pe care zece adolescen\u021bi teribili\u0219ti \u201eo preg\u0103teau\u201d la Zilele Imnului<\/a><\/p>\n<\/article>\n<article id=\"latest-177672\" class=\"story post-177672 post type-post status-publish format-standard has-post-thumbnail hentry category-actualitate category-partidul-ecologist-roman category-politica category-rostire tag-administratie-3 tag-andrei-gheorghiu tag-conflict tag-mircia-gutau-2 tag-primaria-ramnicu-valcea\">\n<div class=\"photo\"><img decoding=\"async\" width=\"735\" height=\"440\" src=\"https:\/\/i0.wp.com\/www.curierul.ro\/wp-content\/uploads\/2022\/09\/GUTAU-SEMNATURA.jpg?fit=300%2C172&amp;ssl=1\" class=\"attachment-giornalismo-single size-giornalismo-single wp-post-image\" alt loading=\"lazy\"><\/div>\n<p class=\"headline\"><a href=\"https:\/\/www.curierul.ro\/rostire-1082\/\"><strong>Ro\u0218tire<\/strong><\/a><\/p>\n<\/article>\n<article id=\"latest-172428\" class=\"story post-172428 post type-post status-publish format-standard has-post-thumbnail hentry category-actualitate category-comunicate category-economie category-politica tag-conflict tag-mircia-gutau-2 tag-primaria-ramnicu-valcea tag-scandal tag-virgil-pirvulescu-2\">\n<div class=\"photo\"><img decoding=\"async\" width=\"735\" height=\"440\" src=\"https:\/\/i0.wp.com\/www.curierul.ro\/wp-content\/uploads\/2019\/12\/GUTAU-1.jpg?fit=300%2C207&amp;ssl=1\" class=\"attachment-giornalismo-single size-giornalismo-single wp-post-image\" alt loading=\"lazy\"><\/div>\n<p class=\"headline\"><a href=\"https:\/\/www.curierul.ro\/comunicat-de-presa-din-partea-primarului-mircia-gutau-virgil-pirvulescu-un-nou-nicolae-ceausescu\/\">Comunicat de pres\u0103 din partea primarului Mircia Gut\u0103u: \u201eVirgil P\u00eervulescu: un nou Nicolae Ceau\u015fescu!\u201d<\/a><\/p>\n<\/article>\n<p>[analyse_source url=&#8221;https:\/\/www.curierul.ro\/atentie-parinti-conflictul-liceelor-un-eveniment-la-care-profesorii-scoala-si-inspectoratul-nu-participa\/&#8221;]<\/p>\n","protected":false},"excerpt":{"rendered":"<p>[analyse_image type=&#8221;featured&#8221; src=&#8221;https:\/\/www.curierul.ro\/wp-content\/uploads\/2026\/02\/conflict-licee.jpghttps:\/\/i0.wp.com\/www.curierul.ro\/wp-content\/uploads\/2026\/02\/conflict-licee.jpg?fit=1200%2C675&amp;ssl=1&#8243;] Home Eveniment Aten\u021bie p\u0103rin\u021bi! \u00abConflictul liceelor\u00bb, un eveniment la care profesorii, \u0218coala \u0219i Inspectoratul nu particip\u0103 Aten\u021bie p\u0103rin\u021bi! \u00abConflictul liceelor\u00bb, un eveniment la care profesorii, \u0218coala \u0219i Inspectoratul nu particip\u0103 Scris deAlin Emilian Tudoroiu, 2 februarie 2026 Printr-un comunicat de pres\u0103, Inspectoratul \u0218colar Jude\u021bean V\u00e2lcea aduce la cuno\u0219tin\u021ba opiniei publice, p\u0103rin\u021bilor \u0219i [&hellip;]<\/p>\n","protected":false},"author":1,"featured_media":0,"comment_status":"open","ping_status":"","sticky":false,"template":"","format":"standard","meta":{"footnotes":""},"categories":[89],"tags":[226,213],"class_list":["post-1749613","post","type-post","status-publish","format-standard","hentry","category-romania","tag-crawlmanager","tag-curierul-ro"],"_links":{"self":[{"href":"https:\/\/analyse.optim.biz\/index.php?rest_route=\/wp\/v2\/posts\/1749613","targetHints":{"allow":["GET"]}}],"collection":[{"href":"https:\/\/analyse.optim.biz\/index.php?rest_route=\/wp\/v2\/posts"}],"about":[{"href":"https:\/\/analyse.optim.biz\/index.php?rest_route=\/wp\/v2\/types\/post"}],"author":[{"embeddable":true,"href":"https:\/\/analyse.optim.biz\/index.php?rest_route=\/wp\/v2\/users\/1"}],"replies":[{"embeddable":true,"href":"https:\/\/analyse.optim.biz\/index.php?rest_route=%2Fwp%2Fv2%2Fcomments&post=1749613"}],"version-history":[{"count":0,"href":"https:\/\/analyse.optim.biz\/index.php?rest_route=\/wp\/v2\/posts\/1749613\/revisions"}],"wp:attachment":[{"href":"https:\/\/analyse.optim.biz\/index.php?rest_route=%2Fwp%2Fv2%2Fmedia&parent=1749613"}],"wp:term":[{"taxonomy":"category","embeddable":true,"href":"https:\/\/analyse.optim.biz\/index.php?rest_route=%2Fwp%2Fv2%2Fcategories&post=1749613"},{"taxonomy":"post_tag","embeddable":true,"href":"https:\/\/analyse.optim.biz\/index.php?rest_route=%2Fwp%2Fv2%2Ftags&post=1749613"}],"curies":[{"name":"wp","href":"https:\/\/api.w.org\/{rel}","templated":true}]}}