{"id":1748817,"date":"2026-02-02T04:26:00","date_gmt":"2026-02-02T01:26:00","guid":{"rendered":"https:\/\/analyse.optim.biz\/?p=1748817"},"modified":"2026-02-02T04:26:00","modified_gmt":"2026-02-02T01:26:00","slug":"magistrati-e-avvocati-daccordo-e-evidente-la-necessita-di-una-dda-in-citta-spetta-ai-politici-locali-premere-sul-governo","status":"publish","type":"post","link":"https:\/\/analyse.optim.biz\/?p=1748817","title":{"rendered":"Magistrati e avvocati d\u2019accordo: \u00ab\u00c8 evidente la necessit\u00e0 di una Dda in citt\u00e0\u00bb, \u00abSpetta ai politici locali premere sul Governo\u00bb"},"content":{"rendered":"<p>[analyse_image type=&#8221;featured&#8221; src=&#8221;https:\/\/gfx.larena.it\/image\/contentid\/policy:1.1970249:1438332418\/image.jpg?f=16&#215;9&amp;h=450&amp;w=800&amp;$p$f$h$w=7061f55&#8243;]<\/p>\n<div class=\"lbox-main\">\n<div class=\"content-parts\">\n<div class=\"content-heading\">\n<div class=\"subhead glyph\">Addetti ai lavori<\/div>\n<h1>Magistrati e avvocati d\u2019accordo: \u00ab\u00c8 evidente la necessit\u00e0 di una Dda in citt\u00e0\u00bb, \u00abSpetta ai politici locali premere sul Governo\u00bb<\/h1>\n<div class=\"signatures\">\n<div class=\"signature\">Manuela Trevisani<\/div>\n<\/div>\n<div class=\"summary\">\u00abSpetta ai politici locali premere sul Governo\u00bb. \u00abSe ne parla da tanto tempo ma servono risultati concreti. L\u2019esigenza \u00e8 sempre attuale\u00bb<\/div>\n<\/div>\n<div class=\"content-date-share\">\n<div class=\"content-date\">02 febbraio 2026<\/div>\n<ul class=\"share-links\">\n<li>\n<li>\n<li><a target=\"_blank\" class=\"share-twitter\" title=\"Condividi su Twitter\" href=\"https:\/\/twitter.com\/intent\/tweet?text=Magistrati+e+avvocati+d%E2%80%99accordo%3A+%C2%AB%C3%88+evidente+la+necessit%C3%A0+di+una+Dda+in+citt%C3%A0%C2%BB%2C+%C2%ABSpetta+ai+politici+locali+premere+sul+Governo%C2%BB&amp;url=https:\/\/www.larena.it\/territorio-veronese\/citta\/magistrati-avvocati-concordi-dda-verona-1.12915735\"><img loading=\"lazy\" decoding=\"async\" src=\"https:\/\/gfx.larena.it\/gfx\/lib\/ath-v1\/image\/twitter-x-white.svg\" width=\"20\" height=\"20\"><\/a><\/li>\n<li><\/ul>\n<\/div>\n<div class=\"sticky-footer\">\n<div class=\"share-footer d-lg-none\">\n<ul class=\"share-links\">\n<li>\n<li>\n<li><a target=\"_blank\" class=\"share-twitter\" title=\"Condividi su Twitter\" href=\"https:\/\/twitter.com\/intent\/tweet?text=Magistrati+e+avvocati+d%E2%80%99accordo%3A+%C2%AB%C3%88+evidente+la+necessit%C3%A0+di+una+Dda+in+citt%C3%A0%C2%BB%2C+%C2%ABSpetta+ai+politici+locali+premere+sul+Governo%C2%BB&amp;url=https:\/\/www.larena.it\/territorio-veronese\/citta\/magistrati-avvocati-concordi-dda-verona-1.12915735\"><img loading=\"lazy\" decoding=\"async\" src=\"https:\/\/gfx.larena.it\/gfx\/lib\/ath-v1\/image\/twitter-x-white.svg\" width=\"20\" height=\"20\"><\/a><\/li>\n<li><\/ul>\n<\/div>\n<\/div>\n<div class=\"content-picture\">\n<div class=\"content-media content-media-backup\">\n<figure class=\"kh-lightbox\" data-src=\"https:\/\/gfx.larena.it\/image\/contentid\/policy:1.1970249:1438332418\/20111110_074151_76A726F1.jpg.jpg?f=default&amp;w=1024&amp;$p$f$w=d9f7030\" data-caption=\"'Ndrangheta\/Operazione della DDA di Roma, arresti in Calabria\nLavoro congiunto dei carabinieri di Vibo Valentia e Roma\"><\/p>\n<div class=\"aspected-image\" data-aspect=\"16x9\"><img loading=\"lazy\" decoding=\"async\" src=\"https:\/\/gfx.larena.it\/image\/contentid\/policy:1.1970249:1438332418\/20111110_074151_76A726F1.jpg.jpg?f=16x9&amp;h=421&amp;w=750&amp;%24p%24f%24h%24w=a2c74f9\" alt=\"'Ndrangheta\/Operazione della DDA di Roma, arresti in Calabria\nLavoro congiunto dei carabinieri di Vibo Valentia e Roma\" width=\"750\" height=\"421\"><\/div>\n<\/figure>\n<div class=\"caption\">\n      &#8216;Ndrangheta\/Operazione della DDA di Roma, arresti in Calabria<br \/>\nLavoro congiunto dei carabinieri di Vibo Valentia e Roma\n          <\/div>\n<\/div>\n<div class=\"content-media content-media-main\">\n<figure class=\"kh-lightbox\" data-src=\"https:\/\/gfx.larena.it\/image\/contentid\/policy:1.1970249:1438332418\/20111110_074151_76A726F1.jpg.jpg?f=default&amp;w=1024&amp;$p$f$w=d9f7030\" data-caption=\"'Ndrangheta\/Operazione della DDA di Roma, arresti in Calabria\nLavoro congiunto dei carabinieri di Vibo Valentia e Roma\"><\/p>\n<div class=\"aspected-image\" data-aspect=\"16x9\"><img loading=\"lazy\" decoding=\"async\" src=\"https:\/\/gfx.larena.it\/image\/contentid\/policy:1.1970249:1438332418\/20111110_074151_76A726F1.jpg.jpg?f=16x9&amp;h=421&amp;w=750&amp;%24p%24f%24h%24w=a2c74f9\" alt=\"'Ndrangheta\/Operazione della DDA di Roma, arresti in Calabria\nLavoro congiunto dei carabinieri di Vibo Valentia e Roma\" width=\"750\" height=\"421\"><\/div>\n<\/figure>\n<div class=\"caption\">\n      &#8216;Ndrangheta\/Operazione della DDA di Roma, arresti in Calabria<br \/>\nLavoro congiunto dei carabinieri di Vibo Valentia e Roma\n          <\/div>\n<\/div>\n<\/div>\n<div id=\"banner-h7\" class=\"banner \">\n<div id=\"div-gpt-ad-h7\" class=\"gam-banner\"><\/div>\n<\/div>\n<div class=\"paywall-meter-floating\">\n<div class=\"paywall-meter-inner2 container\">\n<div class=\"claim\">\n<div class=\"main\">\n        Meno di 2 centesimi al giorno per sbloccare tutti i contenuti del sito web per 3 mesi.\n      <\/div>\n<\/div>\n<\/div>\n<div class=\"subscribe\"><a href=\"https:\/\/store.larena.it\/abbonamenti\/sottoscrizione\/offerta-speciale\/425FFA73140849\/\" class=\"btn btn-contrast\" data-dlevent='{\"event\":\"select_content\",\"content_type\":\"cta_abbonati\",\"position\":\"meter_bar\"}'><\/p>\n<p>         Abbonati ora<\/p>\n<p>      <\/a><\/div>\n<\/div>\n<\/div>\n<div class=\"content-body \">\n<p>Divisi su altri fronti \u00abcaldi\u00bb, come il prossimo referendum sulla giustizia, gli addetti ai lavori &#8211; a cominciare da magistrati e avvocati &#8211; concordano invece sulla necessit\u00e0 di istituire una <strong>Corte d\u2019Appello a Verona, <\/strong>che sarebbe prodromica poi all\u2019insediamento di una Direzione distrettuale antimafia sul territorio (Dda).\u00a0<\/p>\n<p>\u00abSono a Verona dal 1987\u00bb, esordisce<strong> Ernesto D\u2019Amico<\/strong>, attuale presidente del Tribunale scaligero. \u00abDa allora sento parlare della possibile istituzione di una Corte d\u2019Appello e da alcuni anni anche della Direzione distrettuale antimafia. Si tratta di scelte politiche: se la politica locale non ha la forza di imporre queste decisioni a livello centrale, possiamo continuare a discutere di quanto siano necessarie, ma non ci saranno risultati concreti\u00bb.\u00a0<\/p>\n<p>Di pi\u00f9. \u00abChe poi questo presidio, la Dda, ci debba essere sul territorio veronese, \u00e8 evidente, come dimostrano alcuni recenti processi, Isola Scaligera e Taurus, e altri che stanno per arrivare. Non c\u2019\u00e8 nemmeno bisogno di discuterne\u00bb, conclude D\u2019Amico. \u00abCi\u00f2 che appare assurdo \u00e8 che si persegua l\u2019obiettivo del tribunale di Bassano, che fa ridere, e poi non si proceda invece per la Corte d\u2019Appello a Verona\u00bb.\u00a0<\/p>\n<h2>\u00abDato di fatto\u00bb<\/h2>\n<p>Una posizione in linea con quella del<strong> presidente della Camera penale veronese Stefano Gomiero<\/strong>. \u00abL\u2019esistenza della criminalit\u00e0 organizzata a Verona e provincia \u00e8 un dato di fatto. Ragion per cui sarebbe indispensabile l\u2019insediamento della procura antimafia e della Corte d\u2019appello, anche quale sede distaccata di Venezia\u00bb, \u00e8 il commento di Gomiero. \u00abNe sento parlare sin dal 1995, anno in cui mi sono trasferito a Verona. Mi auguro che per la realizzazione di questo progetto non si debbano aspettare gli stessi anni che sono trascorsi dall\u2019entrata in vigore del Codice Vassalli, nel 1989, prima che i cittadini fossero chiamati ad esprimersi sulla separazione delle carriere dei magistrati, come appunto avverr\u00e0 il 22 e 23 marzo prossimi venturi\u00bb.<\/p>\n<h2>L&#8217;appello unitario del 2024<\/h2>\n<p>Una forte presa di posizione arriva anche da<strong> Pier Paolo Romani, coordinatore di Avviso Pubblico,<\/strong> associazione impegnata nel contrasto alle mafie. Romani ricorda l\u2019appello unitario dei sindaci dei 98 comuni veronesi per l\u2019istituzione della Dda, nel 2024, indirizzato ai ministri Carlo Nordio e Matteo Piantedosi. \u00abQuella richiesta si basa su dati oggettivi: Verona \u00e8 la prima provincia per segnalazioni di operazioni finanziarie sospette. Negli ultimi tre anni e mezzo ci sono state una trentina di interdittive antimafia, due per i lavori delle Olimpiadi\u00bb, spiega Romani.<\/p>\n<p>\u00abSono tutti fatti che testimoniano l\u2019esigenza di rafforzare i controlli sul territorio, perch\u00e9 qui non si parla pi\u00f9 ormai di infiltrazioni, ma di radicamento della criminalit\u00e0 organizzata\u00bb.<\/p>\n<p>Il coordinatore di Avviso Pubblico aggiunge: \u00abDa quell\u2019appello sono passati due anni. Se il ministro Piantedosi ci ha dato dei riscontri, dal ministro Nordio, nonostante la nostra ricerca di interlocuzione, non \u00e8 mai arrivata una risposta ufficiale\u00bb.\u00a0<\/p>\n<\/div>\n<div class=\"copyright\">\n  \u00a9 Riproduzione riservata\n<\/div>\n<ul class=\"tags\">\n<li><a rel=\"nofollow\" href=\"https:\/\/www.larena.it\/topics\/Location\/Verona\">Verona<\/a><\/li>\n<\/ul>\n<div class=\"whatsapp-channel-link\">\n<p>L\u2019Arena \u00e8 su Whatsapp. <a href=\"https:\/\/whatsapp.com\/channel\/0029VaDsUGg1XquVqR4ZZC43\" target=\"_blank\">Clicca qui<\/a> per iscriverti al nostro canale e rimanere aggiornato in tempo reale.<\/p>\n<\/div>\n<div class=\"content-contribute margin-bottom-default\"><a rel=\"nofollow\" data-pushbar-target=\"comments-pushbar\" class=\"comments\" href=\"https:\/\/www.larena.it\/territorio-veronese\/citta\/magistrati-avvocati-concordi-dda-verona-1.12915735\"><br \/>\n        Commenti (<span class=\"comment-count\">0<\/span>)<br \/>\n    <\/a><a rel=\"nofollow\" class=\"contribute d-none d-lg-inline\" href=\"https:\/\/www.larena.it\/spazio-lettori\/whatsapp\">\u00a0 Contribuisci alla notizia<\/a><a rel=\"nofollow\" class=\"contribute d-inline d-lg-none\" href=\"https:\/\/www.larena.it\/spazio-lettori\/whatsapp\">\u00a0 Contribuisci<\/a><\/div>\n<aside id=\"comments-pushbar\" class=\"sidebar sidebar-comments comments-zone\" data-pushbar-id=\"comments-pushbar\" data-pushbar-direction=\"right\">\n<div class=\"sidebar-header\">\n<div class=\"navbar navbar-expand d-flex justify-content-between\">\n<ul class=\"navbar-nav\">\n<li><\/ul>\n<ul class=\"navbar-nav\">\n<li>\n<h5>Commenti (<span class=\"comment-count\">0<\/span>)<\/h5>\n<\/li>\n<\/ul>\n<\/div>\n<\/div>\n<div class=\"sidebar-main sidebar-main-scroll\">\n<div class=\"comments-container\">\n<div class=\"spinner\"><img decoding=\"async\" src=\"https:\/\/gfx.larena.it\/gfx\/siti\/quotidiani_web-v3\/images\/spinners\/ajax-loader.gif\" alt=\"spinner\"><\/div>\n<\/div>\n<\/div>\n<div class=\"sidebar-footer\">\n<div class=\"comments-container foot\"><a class=\"comment-new-form-toggler btn btn-secondary btn-sm\" rel=\"nofollow\" href=\"https:\/\/www.larena.it\/territorio-veronese\/citta\/magistrati-avvocati-concordi-dda-verona-1.12915735\">Commenta<\/a><\/p>\n<div class=\"buttons\">\n<div class=\"privacy\"><b>Informativa privacy:<\/b> L\u2019invio di un commento pu\u00f2 comportare il trattamento di dati personali: per maggiori informazioni sulle modalit\u00e0 di trattamento e l\u2019esercizio dei diritti consultare le nostre Informazioni sulla Privacy e l\u2019informativa estesa sui cookie presenti in calce al sito web.<\/div>\n<p><button type=\"button\" class=\"btn btn-primary submit\">Invia<\/button><\/div>\n<div class=\"comment-thankyou\">Grazie per aver inviato un commento. L&#8217;intervento non sar\u00e0 pubblicato fino a quando il moderatore non lo avr\u00e0 letto ed approvato. I commenti ritenuti inadatti o offensivi non saranno pubblicati.<\/div>\n<\/div>\n<\/div>\n<\/aside>\n<\/div>\n<p>[analyse_source url=&#8221;https:\/\/www.larena.it\/territorio-veronese\/citta\/magistrati-avvocati-concordi-dda-verona-1.12915735&#8243;]<\/p>\n","protected":false},"excerpt":{"rendered":"<p>[analyse_image type=&#8221;featured&#8221; src=&#8221;https:\/\/gfx.larena.it\/image\/contentid\/policy:1.1970249:1438332418\/image.jpg?f=16&#215;9&amp;h=450&amp;w=800&amp;$p$f$h$w=7061f55&#8243;] Addetti ai lavori Magistrati e avvocati d\u2019accordo: \u00ab\u00c8 evidente la necessit\u00e0 di una Dda in citt\u00e0\u00bb, \u00abSpetta ai politici locali premere sul Governo\u00bb Manuela Trevisani \u00abSpetta ai politici locali premere sul Governo\u00bb. \u00abSe ne parla da tanto tempo ma servono risultati concreti. L\u2019esigenza \u00e8 sempre attuale\u00bb 02 febbraio 2026 &#8216;Ndrangheta\/Operazione della DDA [&hellip;]<\/p>\n","protected":false},"author":1,"featured_media":0,"comment_status":"open","ping_status":"","sticky":false,"template":"","format":"standard","meta":{"footnotes":""},"categories":[87],"tags":[226,146],"class_list":["post-1748817","post","type-post","status-publish","format-standard","hentry","category-italy","tag-crawlmanager","tag-larena-it"],"_links":{"self":[{"href":"https:\/\/analyse.optim.biz\/index.php?rest_route=\/wp\/v2\/posts\/1748817","targetHints":{"allow":["GET"]}}],"collection":[{"href":"https:\/\/analyse.optim.biz\/index.php?rest_route=\/wp\/v2\/posts"}],"about":[{"href":"https:\/\/analyse.optim.biz\/index.php?rest_route=\/wp\/v2\/types\/post"}],"author":[{"embeddable":true,"href":"https:\/\/analyse.optim.biz\/index.php?rest_route=\/wp\/v2\/users\/1"}],"replies":[{"embeddable":true,"href":"https:\/\/analyse.optim.biz\/index.php?rest_route=%2Fwp%2Fv2%2Fcomments&post=1748817"}],"version-history":[{"count":0,"href":"https:\/\/analyse.optim.biz\/index.php?rest_route=\/wp\/v2\/posts\/1748817\/revisions"}],"wp:attachment":[{"href":"https:\/\/analyse.optim.biz\/index.php?rest_route=%2Fwp%2Fv2%2Fmedia&parent=1748817"}],"wp:term":[{"taxonomy":"category","embeddable":true,"href":"https:\/\/analyse.optim.biz\/index.php?rest_route=%2Fwp%2Fv2%2Fcategories&post=1748817"},{"taxonomy":"post_tag","embeddable":true,"href":"https:\/\/analyse.optim.biz\/index.php?rest_route=%2Fwp%2Fv2%2Ftags&post=1748817"}],"curies":[{"name":"wp","href":"https:\/\/api.w.org\/{rel}","templated":true}]}}