{"id":1748036,"date":"2026-02-03T04:05:00","date_gmt":"2026-02-03T01:05:00","guid":{"rendered":"https:\/\/analyse.optim.biz\/?p=1748036"},"modified":"2026-02-03T04:05:00","modified_gmt":"2026-02-03T01:05:00","slug":"supera-il-lutto-grazie-a-un-gatto-la-storia-di-michela-e-il-randagio-mochi","status":"publish","type":"post","link":"https:\/\/analyse.optim.biz\/?p=1748036","title":{"rendered":"Supera il lutto grazie a un gatto: la storia di Michela e il randagio Mochi"},"content":{"rendered":"<p>[analyse_image type=&#8221;featured&#8221; src=&#8221;https:\/\/gfx.larena.it\/image\/contentid\/policy:1.12916535:1770053891\/image.jpeg?f=16&#215;9&amp;h=450&amp;w=800&amp;$p$f$h$w=e1eae93&#8243;]<\/p>\n<div class=\"lbox-main\">\n<div class=\"content-parts\">\n<div class=\"content-heading\">\n<div class=\"subhead glyph\">Malcesine<\/div>\n<h1>Supera il lutto grazie a un gatto: la storia di Michela e il randagio Mochi<\/h1>\n<div class=\"signatures\">\n<div class=\"signature\">Emanuele Zanini<\/div>\n<\/div>\n<div class=\"summary\">Michela Barzoi: \u00abEro devastata dal dolore ma con quel randagio aggressivo \u00e8 nato un legame: \u00e8 riuscito a far uscire tutte le mie lacrime\u00bb<\/div>\n<\/div>\n<div class=\"content-date-share\">\n<div class=\"content-date\">03 febbraio 2026<\/div>\n<ul class=\"share-links\">\n<li>\n<li>\n<li><a target=\"_blank\" class=\"share-twitter\" title=\"Condividi su Twitter\" href=\"https:\/\/twitter.com\/intent\/tweet?text=Supera+il+lutto+grazie+a+un+gatto%3A+la+storia+di+Michela+e+il+randagio+Mochi&amp;url=https:\/\/www.larena.it\/territorio-veronese\/garda-baldo\/supera-il-lutto-grazie-al-gatto-mochi-malcesine-1.12916453\"><img loading=\"lazy\" decoding=\"async\" src=\"https:\/\/gfx.larena.it\/gfx\/lib\/ath-v1\/image\/twitter-x-white.svg\" width=\"20\" height=\"20\"><\/a><\/li>\n<li><\/ul>\n<\/div>\n<div class=\"sticky-footer\">\n<div class=\"share-footer d-lg-none\">\n<ul class=\"share-links\">\n<li>\n<li>\n<li><a target=\"_blank\" class=\"share-twitter\" title=\"Condividi su Twitter\" href=\"https:\/\/twitter.com\/intent\/tweet?text=Supera+il+lutto+grazie+a+un+gatto%3A+la+storia+di+Michela+e+il+randagio+Mochi&amp;url=https:\/\/www.larena.it\/territorio-veronese\/garda-baldo\/supera-il-lutto-grazie-al-gatto-mochi-malcesine-1.12916453\"><img loading=\"lazy\" decoding=\"async\" src=\"https:\/\/gfx.larena.it\/gfx\/lib\/ath-v1\/image\/twitter-x-white.svg\" width=\"20\" height=\"20\"><\/a><\/li>\n<li><\/ul>\n<\/div>\n<\/div>\n<div class=\"content-picture\">\n<div class=\"content-media content-media-backup\">\n<figure class=\"kh-lightbox\" data-src=\"https:\/\/gfx.larena.it\/image\/contentid\/policy:1.12916535:1770053891\/image.jpg?f=default&amp;w=1024&amp;$p$f$w=336aa8e\" data-caption=\"Mochi (il pi\u00f9 grosso) con l\u2019altro gatto adottato\">\n<div class=\"aspected-image\" data-aspect=\"16x9\"><img loading=\"lazy\" decoding=\"async\" src=\"https:\/\/gfx.larena.it\/image\/contentid\/policy:1.12916535:1770053891\/image.jpg?f=16x9&amp;h=421&amp;w=750&amp;%24p%24f%24h%24w=597732e\" alt=\"Mochi (il pi\u00f9 grosso) con l\u2019altro gatto adottato\" width=\"750\" height=\"421\"><\/div>\n<\/figure>\n<div class=\"caption\">\n      Mochi (il pi\u00f9 grosso) con l\u2019altro gatto adottato\n          <\/div>\n<\/div>\n<div class=\"content-media content-media-main\">\n<figure class=\"kh-lightbox\" data-src=\"https:\/\/gfx.larena.it\/image\/contentid\/policy:1.12916535:1770053891\/image.jpg?f=default&amp;w=1024&amp;$p$f$w=336aa8e\" data-caption=\"Mochi (il pi\u00f9 grosso) con l\u2019altro gatto adottato\">\n<div class=\"aspected-image\" data-aspect=\"16x9\"><img loading=\"lazy\" decoding=\"async\" src=\"https:\/\/gfx.larena.it\/image\/contentid\/policy:1.12916535:1770053891\/image.jpg?f=16x9&amp;h=421&amp;w=750&amp;%24p%24f%24h%24w=597732e\" alt=\"Mochi (il pi\u00f9 grosso) con l\u2019altro gatto adottato\" width=\"750\" height=\"421\"><\/div>\n<\/figure>\n<div class=\"caption\">\n      Mochi (il pi\u00f9 grosso) con l\u2019altro gatto adottato\n          <\/div>\n<\/div>\n<\/div>\n<div id=\"banner-h7\" class=\"banner \">\n<div id=\"div-gpt-ad-h7\" class=\"gam-banner\"><\/div>\n<\/div>\n<div class=\"paywall-meter-floating\">\n<div class=\"paywall-meter-inner2 container\">\n<div class=\"claim\">\n<div class=\"main\">\n        Meno di 2 centesimi al giorno per sbloccare tutti i contenuti del sito web per 3 mesi.\n      <\/div>\n<\/div>\n<\/div>\n<div class=\"subscribe\"><a href=\"https:\/\/store.larena.it\/abbonamenti\/sottoscrizione\/offerta-speciale\/425FFA73140849\/\" class=\"btn btn-contrast\" data-dlevent='{\"event\":\"select_content\",\"content_type\":\"cta_abbonati\",\"position\":\"meter_bar\"}'><\/p>\n<p>         Abbonati ora<\/p>\n<p>      <\/a><\/div>\n<\/div>\n<\/div>\n<div class=\"content-body \">\n<p>Un <strong>incontro casuale con un gatto speciale <\/strong>si \u00e8 trasformato in una vera e propria terapia per affrontare in modo diverso, ma efficace, un grande dolore.\u00a0<\/p>\n<p>I protagonisti di questa storia sono <strong>Michela Barzoi, commerciante di Malcesine, <\/strong>gi\u00e0 assessore esterno nel periodo dell&#8217;amministrazione guidata dal compianto Nicola Marchesini, e <strong>Mochi, un gattone bianco e nero di nove chili <\/strong>che porta il nome dei soffici dolci di riso giapponesi con cui condivide il colore e la \u00abconsistenza\u00bb. Una storia che dimostra come gli animali, e nello specifico i gatti, possano aiutare a superare i momenti difficili della vita.\u00a0<\/p>\n<p>La scorsa estate Barzoi \u00e8 entrata in contatto con le volontarie dell&#8217;associazione Eppaa, che dal 2021 si prende cura delle colonie feline presenti nel paese dell&#8217;alto Garda, aiutandole nella gestione di questioni pratiche legate agli animali. Aveva anche procurato all&#8217;associazione un deumidificatore per la stanza in cui venivano momentaneamente custoditi i mici salvati dalla strada prima delle visite veterinarie e di eventuali affidi.<\/p>\n<div class=\"seealso\">\n<div class=\"readalso\">Leggi anche<\/div>\n<p><a href=\"https:\/\/www.larena.it\/territorio-veronese\/garda-baldo\/mattia-carfioli-morto-moto-malcesine-1.12732939\">Il sogno spezzato di Mattia: \u00abAdorava i motori, ce lo immaginavamo ingegnere\u00bb. Sabato i funerali<\/a><\/div>\n<p>Ogni sera andava a svuotare l&#8217;apparecchio e cos\u00ec ha conosciuto Mochi, un randagio di 7-8 anni. \u00abStavo vivendo un periodo difficilissimo per un lutto che mi aveva devastata\u00bb, racconta. Il riferimento \u00e8 alla drammatica scomparsa di <a href=\"https:\/\/www.larena.it\/territorio-veronese\/garda-baldo\/giovane-morto-moto-malcesine-verona-1.12731344\" target=\"_blank\">Mattia Carfioli, 20 anni, morto in un incidente stradale in centro paese lo scorso luglio<\/a>. Un ragazzo che Michela Barzoi conosceva da quando era bambino e con cui aveva un legame profondo.\u00a0<\/p>\n<p>Prosegue Barzoi: \u00abMochi era un gatto problematico, molto aggressivo, al punto che attaccava i cani ed era stato salvato grazie a tre interventi di chirurgia plastica alla testa, probabilmente a causa di un incontro ravvicinato con un cane\u00bb, racconta la negoziante malcesinese. \u00abEro triste e arrabbiata per quello che era accaduto a Mattia, non riuscivo a darmi pace. Ma quando sono entrata in contatto con Mochi ho iniziato a sentirmi in profonda sintonia con lui. Si sedeva sulle mie gambe, cercando protezione. Da gatto inavvicinabile si era ammorbidito grazie alla veterinaria che lo aveva seguito e grazie al legame creato tra noi\u00bb, continua Barzoi.<\/p>\n<p>\u00abMochi \u00e8 riuscito a farmi piangere quando fino a quel momento non ero riuscita a esternare il mio dolore, tenendolo dentro. Questo gatto<strong> ha fatto abbassare le mie difese<\/strong>. Ricordo che cercavo di tenermi occupata in ogni momento per non pensare. Lui mi ha permesso di elaborare il lutto. E pensare che non ho mai avuto animali, se non da piccola. E non ne stavo cercando. Non lo vedevo compatibile con il mio stile di vita. Poi \u00e8 arrivato lui, che ha scelto me. Mi ha lanciato un salvagente a cui mi sono aggrappata per salvarmi\u00bb. Poi per\u00f2 da Riva del Garda \u00e8 arrivata una richiesta di adozione per il felino.\u00a0<\/p>\n<p>\u00abSubito ho pensato che fosse la cosa giusta\u00bb, prosegue. \u00abPoi ne ho parlato con mio marito che, pur non amando i gatti, ha compreso quanto mi fossi affezionata a lui. Il tempo di organizzarci e nel giro di pochi giorni Mochi \u00e8 arrivato a casa nostra. Gli \u00e8 bastato ispezionare l&#8217;appartamento, trovare il suo posto sul divano e si \u00e8 subito sentito a casa. Da allora non ha mai dato problemi ma solo grandi soddisfazioni\u00bb.\u00a0<\/p>\n<p>Non solo. Nel frattempo \u00e8 arrivato ad allargare la famiglia pure<strong> Sberla, un altro gatto bianco e nero di pochi mesi. <\/strong>\u00abMochi l&#8217;ha accettato subito, accudendolo come fosse un figlio e ora vivono in simbiosi\u00bb, dice \u00abAnche mio marito si \u00e8 affezionato moltissimo ai due mici, che ora fanno parte della nostra vita<\/p>\n<\/div>\n<div class=\"copyright\">\n  \u00a9 Riproduzione riservata\n<\/div>\n<ul class=\"tags\">\n<li><a rel=\"nofollow\" href=\"https:\/\/www.larena.it\/topics\/Location\/Malcesine\">Malcesine<\/a><\/li>\n<\/ul>\n<div class=\"whatsapp-channel-link\">\n<p>L\u2019Arena \u00e8 su Whatsapp. <a href=\"https:\/\/whatsapp.com\/channel\/0029VaDsUGg1XquVqR4ZZC43\" target=\"_blank\">Clicca qui<\/a> per iscriverti al nostro canale e rimanere aggiornato in tempo reale.<\/p>\n<\/div>\n<div class=\"content-contribute margin-bottom-default\"><a rel=\"nofollow\" data-pushbar-target=\"comments-pushbar\" class=\"comments\" href=\"https:\/\/www.larena.it\/territorio-veronese\/garda-baldo\/supera-il-lutto-grazie-al-gatto-mochi-malcesine-1.12916453\"><br \/>\n        Commenti (<span class=\"comment-count\">0<\/span>)<br \/>\n    <\/a><a rel=\"nofollow\" class=\"contribute d-none d-lg-inline\" href=\"https:\/\/www.larena.it\/spazio-lettori\/whatsapp\">\u00a0 Contribuisci alla notizia<\/a><a rel=\"nofollow\" class=\"contribute d-inline d-lg-none\" href=\"https:\/\/www.larena.it\/spazio-lettori\/whatsapp\">\u00a0 Contribuisci<\/a><\/div>\n<aside id=\"comments-pushbar\" class=\"sidebar sidebar-comments comments-zone\" data-pushbar-id=\"comments-pushbar\" data-pushbar-direction=\"right\">\n<div class=\"sidebar-header\">\n<div class=\"navbar navbar-expand d-flex justify-content-between\">\n<ul class=\"navbar-nav\">\n<li><\/ul>\n<ul class=\"navbar-nav\">\n<li>\n<h5>Commenti (<span class=\"comment-count\">0<\/span>)<\/h5>\n<\/li>\n<\/ul>\n<\/div>\n<\/div>\n<div class=\"sidebar-main sidebar-main-scroll\">\n<div class=\"comments-container\">\n<div class=\"spinner\"><img decoding=\"async\" src=\"https:\/\/gfx.larena.it\/gfx\/siti\/quotidiani_web-v3\/images\/spinners\/ajax-loader.gif\" alt=\"spinner\"><\/div>\n<\/div>\n<\/div>\n<div class=\"sidebar-footer\">\n<div class=\"comments-container foot\"><a class=\"comment-new-form-toggler btn btn-secondary btn-sm\" rel=\"nofollow\" href=\"https:\/\/www.larena.it\/territorio-veronese\/garda-baldo\/supera-il-lutto-grazie-al-gatto-mochi-malcesine-1.12916453\">Commenta<\/a><\/p>\n<div class=\"buttons\">\n<div class=\"privacy\"><b>Informativa privacy:<\/b> L\u2019invio di un commento pu\u00f2 comportare il trattamento di dati personali: per maggiori informazioni sulle modalit\u00e0 di trattamento e l\u2019esercizio dei diritti consultare le nostre Informazioni sulla Privacy e l\u2019informativa estesa sui cookie presenti in calce al sito web.<\/div>\n<p><button type=\"button\" class=\"btn btn-primary submit\">Invia<\/button><\/div>\n<div class=\"comment-thankyou\">Grazie per aver inviato un commento. L&#8217;intervento non sar\u00e0 pubblicato fino a quando il moderatore non lo avr\u00e0 letto ed approvato. I commenti ritenuti inadatti o offensivi non saranno pubblicati.<\/div>\n<\/div>\n<\/div>\n<\/aside>\n<\/div>\n<p>[analyse_source url=&#8221;https:\/\/www.larena.it\/territorio-veronese\/garda-baldo\/supera-il-lutto-grazie-al-gatto-mochi-malcesine-1.12916453&#8243;]<\/p>\n","protected":false},"excerpt":{"rendered":"<p>[analyse_image type=&#8221;featured&#8221; src=&#8221;https:\/\/gfx.larena.it\/image\/contentid\/policy:1.12916535:1770053891\/image.jpeg?f=16&#215;9&amp;h=450&amp;w=800&amp;$p$f$h$w=e1eae93&#8243;] Malcesine Supera il lutto grazie a un gatto: la storia di Michela e il randagio Mochi Emanuele Zanini Michela Barzoi: \u00abEro devastata dal dolore ma con quel randagio aggressivo \u00e8 nato un legame: \u00e8 riuscito a far uscire tutte le mie lacrime\u00bb 03 febbraio 2026 Mochi (il pi\u00f9 grosso) con l\u2019altro gatto [&hellip;]<\/p>\n","protected":false},"author":1,"featured_media":0,"comment_status":"open","ping_status":"","sticky":false,"template":"","format":"standard","meta":{"footnotes":""},"categories":[87],"tags":[226,146],"class_list":["post-1748036","post","type-post","status-publish","format-standard","hentry","category-italy","tag-crawlmanager","tag-larena-it"],"_links":{"self":[{"href":"https:\/\/analyse.optim.biz\/index.php?rest_route=\/wp\/v2\/posts\/1748036","targetHints":{"allow":["GET"]}}],"collection":[{"href":"https:\/\/analyse.optim.biz\/index.php?rest_route=\/wp\/v2\/posts"}],"about":[{"href":"https:\/\/analyse.optim.biz\/index.php?rest_route=\/wp\/v2\/types\/post"}],"author":[{"embeddable":true,"href":"https:\/\/analyse.optim.biz\/index.php?rest_route=\/wp\/v2\/users\/1"}],"replies":[{"embeddable":true,"href":"https:\/\/analyse.optim.biz\/index.php?rest_route=%2Fwp%2Fv2%2Fcomments&post=1748036"}],"version-history":[{"count":0,"href":"https:\/\/analyse.optim.biz\/index.php?rest_route=\/wp\/v2\/posts\/1748036\/revisions"}],"wp:attachment":[{"href":"https:\/\/analyse.optim.biz\/index.php?rest_route=%2Fwp%2Fv2%2Fmedia&parent=1748036"}],"wp:term":[{"taxonomy":"category","embeddable":true,"href":"https:\/\/analyse.optim.biz\/index.php?rest_route=%2Fwp%2Fv2%2Fcategories&post=1748036"},{"taxonomy":"post_tag","embeddable":true,"href":"https:\/\/analyse.optim.biz\/index.php?rest_route=%2Fwp%2Fv2%2Ftags&post=1748036"}],"curies":[{"name":"wp","href":"https:\/\/api.w.org\/{rel}","templated":true}]}}