{"id":1748034,"date":"2026-02-03T09:25:01","date_gmt":"2026-02-03T06:25:01","guid":{"rendered":"https:\/\/analyse.optim.biz\/?p=1748034"},"modified":"2026-02-03T09:25:01","modified_gmt":"2026-02-03T06:25:01","slug":"la-creativita-veronese-protagonista-ad-abilmente-13-realta-scaligere-in-fiera-a-vicenza","status":"publish","type":"post","link":"https:\/\/analyse.optim.biz\/?p=1748034","title":{"rendered":"La creativit\u00e0 veronese protagonista ad Abilmente: 13 realt\u00e0 scaligere in fiera a Vicenza"},"content":{"rendered":"<p>[analyse_image type=&#8221;featured&#8221; src=&#8221;https:\/\/gfx.larena.it\/image\/contentid\/policy:1.12916942:1770110649\/image.jpg?f=16&#215;9&amp;h=450&amp;w=800&amp;$p$f$h$w=7061f55&#8243;]<\/p>\n<div class=\"lbox-main\">\n<div class=\"content-parts\">\n<div class=\"content-heading\">\n<div class=\"subhead glyph\">Dal 19 al 22 febbraio<\/div>\n<h1>La creativit\u00e0 veronese protagonista ad Abilmente: 13 realt\u00e0 scaligere in fiera a Vicenza<\/h1>\n<\/div>\n<div class=\"content-date-share\">\n<div class=\"content-date\">03 febbraio 2026<\/div>\n<ul class=\"share-links\">\n<li>\n<li>\n<li><a target=\"_blank\" class=\"share-twitter\" title=\"Condividi su Twitter\" href=\"https:\/\/twitter.com\/intent\/tweet?text=La+creativit%C3%A0+veronese+protagonista+ad+Abilmente%3A+13+realt%C3%A0+scaligere+in+fiera+a+Vicenza&amp;url=https:\/\/www.larena.it\/argomenti\/spettacoli\/appuntamenti\/la-creativita-veronese-protagonista-ad-abilmente-13-realta-scaligere-in-fiera-a-vicenza-1.12916940\"><img loading=\"lazy\" decoding=\"async\" src=\"https:\/\/gfx.larena.it\/gfx\/lib\/ath-v1\/image\/twitter-x-white.svg\" width=\"20\" height=\"20\"><\/a><\/li>\n<li><\/ul>\n<\/div>\n<div class=\"sticky-footer\">\n<div class=\"share-footer d-lg-none\">\n<ul class=\"share-links\">\n<li>\n<li>\n<li><a target=\"_blank\" class=\"share-twitter\" title=\"Condividi su Twitter\" href=\"https:\/\/twitter.com\/intent\/tweet?text=La+creativit%C3%A0+veronese+protagonista+ad+Abilmente%3A+13+realt%C3%A0+scaligere+in+fiera+a+Vicenza&amp;url=https:\/\/www.larena.it\/argomenti\/spettacoli\/appuntamenti\/la-creativita-veronese-protagonista-ad-abilmente-13-realta-scaligere-in-fiera-a-vicenza-1.12916940\"><img loading=\"lazy\" decoding=\"async\" src=\"https:\/\/gfx.larena.it\/gfx\/lib\/ath-v1\/image\/twitter-x-white.svg\" width=\"20\" height=\"20\"><\/a><\/li>\n<li><\/ul>\n<\/div>\n<\/div>\n<div class=\"content-picture\">\n<div class=\"content-media content-media-backup\">\n<figure class=\"kh-lightbox\" data-src=\"https:\/\/gfx.larena.it\/image\/contentid\/policy:1.12916942:1770110649\/image.jpg?f=default&amp;w=1024&amp;$p$f$w=336aa8e\" data-caption>\n<div class=\"aspected-image\" data-aspect=\"16x9\"><img loading=\"lazy\" decoding=\"async\" src=\"https:\/\/gfx.larena.it\/image\/contentid\/policy:1.12916942:1770110649\/image.jpg?f=16x9&amp;h=421&amp;w=750&amp;%24p%24f%24h%24w=597732e\" alt width=\"750\" height=\"421\"><\/div>\n<\/figure>\n<\/div>\n<div class=\"content-media content-media-main\">\n<figure class=\"kh-lightbox\" data-src=\"https:\/\/gfx.larena.it\/image\/contentid\/policy:1.12916942:1770110649\/image.jpg?f=default&amp;w=1024&amp;$p$f$w=336aa8e\" data-caption>\n<div class=\"aspected-image\" data-aspect=\"16x9\"><img loading=\"lazy\" decoding=\"async\" src=\"https:\/\/gfx.larena.it\/image\/contentid\/policy:1.12916942:1770110649\/image.jpg?f=16x9&amp;h=421&amp;w=750&amp;%24p%24f%24h%24w=597732e\" alt width=\"750\" height=\"421\"><\/div>\n<\/figure>\n<\/div>\n<\/div>\n<div id=\"banner-h7\" class=\"banner \">\n<div id=\"div-gpt-ad-h7\" class=\"gam-banner\"><\/div>\n<\/div>\n<div class=\"content-body \">\n<p><strong>Dal 19 al 22 febbraio,<\/strong> la fiera di Vicenza <strong>Abilmente <\/strong>a ospiter\u00e0\u00a0<strong>13 realt\u00e0 creative provenienti dalla provincia di Veron<\/strong>a, pronte a mostrare come la tradizione artigiana sappia rinnovarsi.<\/p>\n<p>Il cuore pulsante di questa presenza \u00e8 rappresentato dall\u2019impegno etico e manuale: l\u2019<strong>Associazione Ad Maiora<\/strong>\u00a0intreccia l\u2019arte del patchwork a messaggi di solidariet\u00e0 e inclusione sociale, affiancata dalla presenza istituzionale di\u00a0Quilt Italia, punto di riferimento nazionale per il quilting, con sede a Verona.<\/p>\n<p>La sensibilit\u00e0 verso la natura si fa materia con<strong>\u00a0Lana al Pascolo<\/strong>, che porta in fiera filati tinti con estratti vegetali coltivati in proprio, e con\u00a0NoriWoods, che trasforma il legno in decorazioni calde e familiari attraverso la pittura country.<\/p>\n<p>Grande spazio \u00e8 dedicato alla trasformazione artistica dei materiali: il recupero diventa arte con\u00a0<strong>Sara\u2019s Paper<\/strong>, che crea accessori unici da vecchie riviste e PVC, mentre l&#8217;argilla e le tecniche mix media prendono vita nei bijoux e nelle creazioni di\u00a0<strong>Cassetto delle Gemme\u00a0e\u00a0RiccieMici. <\/strong>La maestria tecnica si esprime anche al tornio con\u00a0<strong>Le Ceramiche di Marina, <\/strong>che propone oggetti raffinati lavorati anche con la tecnica Neriage.<\/p>\n<p>Per chi vuole &#8220;mettere le mani in pasta&#8221;, non mancano i migliori strumenti e supporti: dalle lame storiche e forbici di precisione di\u00a0Kuker, azienda attiva dagli anni &#8217;70, al regno dello scrapbooking e del feltro de\u00a0<strong>La Magnolia<\/strong>, fino alle proposte creative de<strong>\u00a0La Bottega di Elisa<\/strong>. A completare questo viaggio multisensoriale ci pensano la cultura e il gusto: le pagine illustrate e poetiche d<strong>i\u00a0Edizioni del Baldo<\/strong>\u00a0nutrono la mente, mentre le creme spalmabili artigianali di\u00a0Cioccolato Italiano\u00a0celebrano i sapori autentici senza compromessi industriali.<\/p>\n<\/div>\n<div class=\"copyright\">\n  \u00a9 Riproduzione riservata\n<\/div>\n<div class=\"whatsapp-channel-link\">\n<p>L\u2019Arena \u00e8 su Whatsapp. <a href=\"https:\/\/whatsapp.com\/channel\/0029VaDsUGg1XquVqR4ZZC43\" target=\"_blank\">Clicca qui<\/a> per iscriverti al nostro canale e rimanere aggiornato in tempo reale.<\/p>\n<\/div>\n<div class=\"content-contribute margin-bottom-default\"><a rel=\"nofollow\" data-pushbar-target=\"comments-pushbar\" class=\"comments\" href=\"https:\/\/www.larena.it\/argomenti\/spettacoli\/appuntamenti\/la-creativita-veronese-protagonista-ad-abilmente-13-realta-scaligere-in-fiera-a-vicenza-1.12916940\"><br \/>\n        Commenti (<span class=\"comment-count\">0<\/span>)<br \/>\n    <\/a><a rel=\"nofollow\" class=\"contribute d-none d-lg-inline\" href=\"https:\/\/www.larena.it\/spazio-lettori\/whatsapp\">\u00a0 Contribuisci alla notizia<\/a><a rel=\"nofollow\" class=\"contribute d-inline d-lg-none\" href=\"https:\/\/www.larena.it\/spazio-lettori\/whatsapp\">\u00a0 Contribuisci<\/a><\/div>\n<aside id=\"comments-pushbar\" class=\"sidebar sidebar-comments comments-zone\" data-pushbar-id=\"comments-pushbar\" data-pushbar-direction=\"right\">\n<div class=\"sidebar-header\">\n<div class=\"navbar navbar-expand d-flex justify-content-between\">\n<ul class=\"navbar-nav\">\n<li><\/ul>\n<ul class=\"navbar-nav\">\n<li>\n<h5>Commenti (<span class=\"comment-count\">0<\/span>)<\/h5>\n<\/li>\n<\/ul>\n<\/div>\n<\/div>\n<div class=\"sidebar-main sidebar-main-scroll\">\n<div class=\"comments-container\">\n<div class=\"spinner\"><img decoding=\"async\" src=\"https:\/\/gfx.larena.it\/gfx\/siti\/quotidiani_web-v3\/images\/spinners\/ajax-loader.gif\" alt=\"spinner\"><\/div>\n<\/div>\n<\/div>\n<div class=\"sidebar-footer\">\n<div class=\"comments-container foot\"><a class=\"comment-new-form-toggler btn btn-secondary btn-sm\" rel=\"nofollow\" href=\"https:\/\/www.larena.it\/argomenti\/spettacoli\/appuntamenti\/la-creativita-veronese-protagonista-ad-abilmente-13-realta-scaligere-in-fiera-a-vicenza-1.12916940\">Commenta<\/a><\/p>\n<div class=\"buttons\">\n<div class=\"privacy\"><b>Informativa privacy:<\/b> L\u2019invio di un commento pu\u00f2 comportare il trattamento di dati personali: per maggiori informazioni sulle modalit\u00e0 di trattamento e l\u2019esercizio dei diritti consultare le nostre Informazioni sulla Privacy e l\u2019informativa estesa sui cookie presenti in calce al sito web.<\/div>\n<p><button type=\"button\" class=\"btn btn-primary submit\">Invia<\/button><\/div>\n<div class=\"comment-thankyou\">Grazie per aver inviato un commento. L&#8217;intervento non sar\u00e0 pubblicato fino a quando il moderatore non lo avr\u00e0 letto ed approvato. I commenti ritenuti inadatti o offensivi non saranno pubblicati.<\/div>\n<\/div>\n<\/div>\n<\/aside>\n<\/div>\n<\/div>\n<p>[analyse_source url=&#8221;https:\/\/www.larena.it\/argomenti\/spettacoli\/appuntamenti\/la-creativita-veronese-protagonista-ad-abilmente-13-realta-scaligere-in-fiera-a-vicenza-1.12916940&#8243;]<\/p>\n","protected":false},"excerpt":{"rendered":"<p>[analyse_image type=&#8221;featured&#8221; src=&#8221;https:\/\/gfx.larena.it\/image\/contentid\/policy:1.12916942:1770110649\/image.jpg?f=16&#215;9&amp;h=450&amp;w=800&amp;$p$f$h$w=7061f55&#8243;] Dal 19 al 22 febbraio La creativit\u00e0 veronese protagonista ad Abilmente: 13 realt\u00e0 scaligere in fiera a Vicenza 03 febbraio 2026 Dal 19 al 22 febbraio, la fiera di Vicenza Abilmente a ospiter\u00e0\u00a013 realt\u00e0 creative provenienti dalla provincia di Verona, pronte a mostrare come la tradizione artigiana sappia rinnovarsi. Il cuore pulsante [&hellip;]<\/p>\n","protected":false},"author":1,"featured_media":0,"comment_status":"open","ping_status":"","sticky":false,"template":"","format":"standard","meta":{"footnotes":""},"categories":[87],"tags":[226,146],"class_list":["post-1748034","post","type-post","status-publish","format-standard","hentry","category-italy","tag-crawlmanager","tag-larena-it"],"_links":{"self":[{"href":"https:\/\/analyse.optim.biz\/index.php?rest_route=\/wp\/v2\/posts\/1748034","targetHints":{"allow":["GET"]}}],"collection":[{"href":"https:\/\/analyse.optim.biz\/index.php?rest_route=\/wp\/v2\/posts"}],"about":[{"href":"https:\/\/analyse.optim.biz\/index.php?rest_route=\/wp\/v2\/types\/post"}],"author":[{"embeddable":true,"href":"https:\/\/analyse.optim.biz\/index.php?rest_route=\/wp\/v2\/users\/1"}],"replies":[{"embeddable":true,"href":"https:\/\/analyse.optim.biz\/index.php?rest_route=%2Fwp%2Fv2%2Fcomments&post=1748034"}],"version-history":[{"count":0,"href":"https:\/\/analyse.optim.biz\/index.php?rest_route=\/wp\/v2\/posts\/1748034\/revisions"}],"wp:attachment":[{"href":"https:\/\/analyse.optim.biz\/index.php?rest_route=%2Fwp%2Fv2%2Fmedia&parent=1748034"}],"wp:term":[{"taxonomy":"category","embeddable":true,"href":"https:\/\/analyse.optim.biz\/index.php?rest_route=%2Fwp%2Fv2%2Fcategories&post=1748034"},{"taxonomy":"post_tag","embeddable":true,"href":"https:\/\/analyse.optim.biz\/index.php?rest_route=%2Fwp%2Fv2%2Ftags&post=1748034"}],"curies":[{"name":"wp","href":"https:\/\/api.w.org\/{rel}","templated":true}]}}