{"id":174733,"date":"2015-09-16T10:19:52","date_gmt":"2015-09-16T07:19:52","guid":{"rendered":"https:\/\/analyse.optim.biz\/?p=174733"},"modified":"2015-09-16T10:19:52","modified_gmt":"2015-09-16T07:19:52","slug":"planurile-premierului-victor-ponta-pentru-2016","status":"publish","type":"post","link":"https:\/\/analyse.optim.biz\/?p=174733","title":{"rendered":"Planurile premierului Victor Ponta pentru 2016"},"content":{"rendered":"<div class=\"entry data-app-meta data-app-meta-article\" data-embed-base-url-canonical=\"https:\/\/www.digi24.ro\/embed\/stiri\/actualitate\/politica\/planurile-premierului-victor-ponta-pentru-2016-438557\">\n<p data-index=\"1\"><img decoding=\"async\" src=\"https:\/\/analyse.optim.biz\/wp-content\/uploads\/2024\/09\/dz04mdamagfzad0wnzi3mwfjmteznjgzndbmnte2y2u1zmzknjg2zgm3ma-thumb_.jpg\" data-skip-htmlfix=\"1\" title=\"dz04mdamagfzad0wnzi3mwfjmteznjgzndbmnte2y2u1zmzknjg2zgm3ma-thumb_\">\u00a0<\/p>\n<p data-index=\"2\"><strong>ACTUALIZARE 12.15.<\/strong> Victor Ponta a f\u0103cut preciz\u0103ri privind viitorul s\u0103u politic, ad\u0103ug\u00e2nd c\u0103 \u00ee\u015fi dore\u015fte s\u0103 \u00ee\u015fi duc\u0103 mandatul de prim-ministru la bun sf\u00e2r\u015fit.<\/p>\n<p data-index=\"3\">\u201e<strong>Vreau s\u0103-mi duc mandatul de prim-ministru la bun sf\u00e2r\u015fit, \u00een decembrie 2016. Deocamdat\u0103 lucrurile merg bine \u0219i nu vreau s\u0103 le stric\u0103m!<\/strong><\/p>\n<p data-index=\"4\">Ne-am respectat promisiunile \u00een leg\u0103tur\u0103 cu pensiile, salariile, sc\u0103derea\u202a \u200eTVA\u202c. Urmeaz\u0103 legea salariz\u0103rii \u00een domeniul bugetar, m\u0103surile din Codul Fiscal am\u00e2nate cu un an \u2013 care ar putea fi devansate, cre\u0219terea salariului minim, combaterea evaziunii fiscale\u201d, a scris Ponta pe Facebook.<\/p>\n<hr>\n<p data-index=\"5\">\u201ePlanuri de viitor: \u00een 2016 probabil voi candida al\u0103turi de echipa cu care am fost tot timpul \u00een ultimii 15 ani, \u00een jude\u021bul Gorj, pentru func\u021bia de deputat.<\/p>\n<p data-index=\"6\">Dar alte func\u021bii \u00een stat nu m\u0103 intereseaz\u0103 &#8211; cred c\u0103 o perioad\u0103 \u00een care s\u0103 nu fiu \u00een prima linie, \u00een care s\u0103 \u00eenv\u0103\u021b \u0219i din lucrurile bune \u0219i din gre\u0219elile mele, \u00eemi va prinde foarte bine.<\/p>\n<p data-index=\"7\">Obiectivul principal este s\u0103 recuperez o mic\u0103 parte din timpul pe care nu l-am petrecut familia &#8211; cu Irina, cu Andrei \u0219i cu Daciana. Ei\u00a0au avut cel mai mult de suferit \u00een anii ace\u0219tia de activitate politic\u0103 \u00een prima linie\u201d, se arat\u0103 \u00een mesajul de pe pagina de Facebook a premierului.<\/p>\n<\/div>\n<p> Source URL: https:\/\/www.digi24.ro\/stiri\/actualitate\/politica\/planurile-premierului-victor-ponta-pentru-2016-438557<\/p>\n","protected":false},"excerpt":{"rendered":"<p>\u00a0 ACTUALIZARE 12.15. Victor Ponta a f\u0103cut preciz\u0103ri privind viitorul s\u0103u politic, ad\u0103ug\u00e2nd c\u0103 \u00ee\u015fi dore\u015fte s\u0103 \u00ee\u015fi duc\u0103 mandatul de prim-ministru la bun sf\u00e2r\u015fit. \u201eVreau s\u0103-mi duc mandatul de prim-ministru la bun sf\u00e2r\u015fit, \u00een decembrie 2016. Deocamdat\u0103 lucrurile merg bine \u0219i nu vreau s\u0103 le stric\u0103m! Ne-am respectat promisiunile \u00een leg\u0103tur\u0103 cu pensiile, salariile, [&hellip;]<\/p>\n","protected":false},"author":1,"featured_media":174734,"comment_status":"open","ping_status":"","sticky":false,"template":"","format":"standard","meta":{"footnotes":""},"categories":[2],"tags":[11],"class_list":["post-174733","post","type-post","status-publish","format-standard","has-post-thumbnail","hentry","category-politics","tag-digi24"],"_links":{"self":[{"href":"https:\/\/analyse.optim.biz\/index.php?rest_route=\/wp\/v2\/posts\/174733","targetHints":{"allow":["GET"]}}],"collection":[{"href":"https:\/\/analyse.optim.biz\/index.php?rest_route=\/wp\/v2\/posts"}],"about":[{"href":"https:\/\/analyse.optim.biz\/index.php?rest_route=\/wp\/v2\/types\/post"}],"author":[{"embeddable":true,"href":"https:\/\/analyse.optim.biz\/index.php?rest_route=\/wp\/v2\/users\/1"}],"replies":[{"embeddable":true,"href":"https:\/\/analyse.optim.biz\/index.php?rest_route=%2Fwp%2Fv2%2Fcomments&post=174733"}],"version-history":[{"count":0,"href":"https:\/\/analyse.optim.biz\/index.php?rest_route=\/wp\/v2\/posts\/174733\/revisions"}],"wp:featuredmedia":[{"embeddable":true,"href":"https:\/\/analyse.optim.biz\/index.php?rest_route=\/wp\/v2\/media\/174734"}],"wp:attachment":[{"href":"https:\/\/analyse.optim.biz\/index.php?rest_route=%2Fwp%2Fv2%2Fmedia&parent=174733"}],"wp:term":[{"taxonomy":"category","embeddable":true,"href":"https:\/\/analyse.optim.biz\/index.php?rest_route=%2Fwp%2Fv2%2Fcategories&post=174733"},{"taxonomy":"post_tag","embeddable":true,"href":"https:\/\/analyse.optim.biz\/index.php?rest_route=%2Fwp%2Fv2%2Ftags&post=174733"}],"curies":[{"name":"wp","href":"https:\/\/api.w.org\/{rel}","templated":true}]}}