{"id":174711,"date":"2015-09-16T15:03:07","date_gmt":"2015-09-16T12:03:07","guid":{"rendered":"https:\/\/analyse.optim.biz\/?p=174711"},"modified":"2015-09-16T15:03:07","modified_gmt":"2015-09-16T12:03:07","slug":"video-alesii-relaxati-dupa-discursul-presedintelui-liviu-dragnea-a-felicitat-o-pe-alina-gorghiu-de-ziua-ei","status":"publish","type":"post","link":"https:\/\/analyse.optim.biz\/?p=174711","title":{"rendered":"VIDEO. Ale\u0219ii, relaxa\u021bi dup\u0103 discursul pre\u0219edintelui. Liviu Dragnea a felicitat-o pe Alina Gorghiu de ziua ei"},"content":{"rendered":"<div class=\"entry data-app-meta data-app-meta-article\" data-embed-base-url-canonical=\"https:\/\/www.digi24.ro\/embed\/stiri\/actualitate\/politica\/video-alesii-relaxati-dupa-discursul-presedintelui-liviu-dragnea-a-felicitat-o-pe-alina-gorghiu-de-ziua-ei-438704\">\n<p data-index=\"1\"><strong>C\u0103lin Popescu T\u0103riceanu:<\/strong> \u201e\u015etiu c\u0103 dup\u0103 plecarea pre\u015fedintelui urmeaz\u0103, \u00een mod inevitabil, un moment de destindere. A\u015f ruga at\u00e2t membrii Guvernului s\u0103 ia loc \u00een banc\u0103 \u015fi s\u0103 acorde audien\u0163ele la Guvern. Domnule prim-ministru, dac\u0103 \u00eemi permite\u0163i, am o rug\u0103minte. E o dezordine general\u0103 \u00een sal\u0103, propune\u0163i-le colegilor s\u0103 vin\u0103 la audien\u0163\u0103 la Guvern\u201d.<\/p>\n<p data-index=\"2\"><strong>Liviu Dragnea:<\/strong> \u201e\u00cen lumina celor spuse de pre\u015fedintele Rom\u00e2niei, \u015fi anume s\u0103 fie pace \u015fi consens , lucru pe care l-am sus\u0163inut \u015fi eu \u015fi colegii no\u015ftri \u015fi pentru c\u0103 v\u0103d c\u0103 exist\u0103 riscul s\u0103 se tensioneze foarte mult atmosfera \u00een Parlament, am venit la microfon s\u0103 \u00eei urez din partea PSD<strong> La multi ani!<\/strong> doamnei Alina Gorghiu\u201d.<\/p>\n<p data-index=\"3\"><strong>C\u0103lin Popescu T\u0103riceanu:<\/strong> \u201ePartidele \u00een\u0163eleg c\u0103 au felicitat-o pe doamna Gorghiu. Din partea Guvernului nu se ofer\u0103 nimeni?\u201d.<\/p>\n<\/div>\n<p> Source URL: https:\/\/www.digi24.ro\/stiri\/actualitate\/politica\/video-alesii-relaxati-dupa-discursul-presedintelui-liviu-dragnea-a-felicitat-o-pe-alina-gorghiu-de-ziua-ei-438704<\/p>\n","protected":false},"excerpt":{"rendered":"<p>C\u0103lin Popescu T\u0103riceanu: \u201e\u015etiu c\u0103 dup\u0103 plecarea pre\u015fedintelui urmeaz\u0103, \u00een mod inevitabil, un moment de destindere. A\u015f ruga at\u00e2t membrii Guvernului s\u0103 ia loc \u00een banc\u0103 \u015fi s\u0103 acorde audien\u0163ele la Guvern. Domnule prim-ministru, dac\u0103 \u00eemi permite\u0163i, am o rug\u0103minte. E o dezordine general\u0103 \u00een sal\u0103, propune\u0163i-le colegilor s\u0103 vin\u0103 la audien\u0163\u0103 la Guvern\u201d. Liviu [&hellip;]<\/p>\n","protected":false},"author":1,"featured_media":174712,"comment_status":"open","ping_status":"","sticky":false,"template":"","format":"standard","meta":{"footnotes":""},"categories":[2],"tags":[11],"class_list":["post-174711","post","type-post","status-publish","format-standard","has-post-thumbnail","hentry","category-politics","tag-digi24"],"_links":{"self":[{"href":"https:\/\/analyse.optim.biz\/index.php?rest_route=\/wp\/v2\/posts\/174711","targetHints":{"allow":["GET"]}}],"collection":[{"href":"https:\/\/analyse.optim.biz\/index.php?rest_route=\/wp\/v2\/posts"}],"about":[{"href":"https:\/\/analyse.optim.biz\/index.php?rest_route=\/wp\/v2\/types\/post"}],"author":[{"embeddable":true,"href":"https:\/\/analyse.optim.biz\/index.php?rest_route=\/wp\/v2\/users\/1"}],"replies":[{"embeddable":true,"href":"https:\/\/analyse.optim.biz\/index.php?rest_route=%2Fwp%2Fv2%2Fcomments&post=174711"}],"version-history":[{"count":0,"href":"https:\/\/analyse.optim.biz\/index.php?rest_route=\/wp\/v2\/posts\/174711\/revisions"}],"wp:featuredmedia":[{"embeddable":true,"href":"https:\/\/analyse.optim.biz\/index.php?rest_route=\/wp\/v2\/media\/174712"}],"wp:attachment":[{"href":"https:\/\/analyse.optim.biz\/index.php?rest_route=%2Fwp%2Fv2%2Fmedia&parent=174711"}],"wp:term":[{"taxonomy":"category","embeddable":true,"href":"https:\/\/analyse.optim.biz\/index.php?rest_route=%2Fwp%2Fv2%2Fcategories&post=174711"},{"taxonomy":"post_tag","embeddable":true,"href":"https:\/\/analyse.optim.biz\/index.php?rest_route=%2Fwp%2Fv2%2Ftags&post=174711"}],"curies":[{"name":"wp","href":"https:\/\/api.w.org\/{rel}","templated":true}]}}