{"id":1746058,"date":"2026-01-29T08:46:00","date_gmt":"2026-01-29T05:46:00","guid":{"rendered":"https:\/\/analyse.optim.biz\/?p=1746058"},"modified":"2026-01-29T08:46:00","modified_gmt":"2026-01-29T05:46:00","slug":"sono-i-giorni-della-merla-le-origini-del-nome-le-leggende-e-i-riti-2","status":"publish","type":"post","link":"https:\/\/analyse.optim.biz\/?p=1746058","title":{"rendered":"Sono i \u00abgiorni della merla\u00bb: le origini del nome, le leggende e i riti"},"content":{"rendered":"<p>[analyse_image type=&#8221;featured&#8221; src=&#8221;https:\/\/gfx.larena.it\/image\/contentid\/policy:1.10544104:1706471989\/image.jpg?f=16&#215;9&amp;h=450&amp;w=800&amp;$p$f$h$w=7061f55&#8243;]<\/p>\n<div class=\"lbox-main\">\n<div class=\"content-parts\">\n<div class=\"content-heading\">\n<div class=\"subhead glyph\">LA CREDENZA POPOLARE<\/div>\n<h1>Sono i \u00abgiorni della merla\u00bb: le origini del nome, le leggende e i riti<\/h1>\n<div class=\"signatures\">\n<div class=\"signature\">Natalia Danesi<\/div>\n<\/div>\n<div class=\"summary\">Il 29, 30 e 31 da tradizione sono i giorni pi\u00f9 freddi dell&#8217;anno, e dalla temperatura dipende l&#8217;arrivo della primavera<\/div>\n<\/div>\n<div class=\"content-date-share\">\n<div class=\"content-date\">29 gennaio 2026<\/div>\n<ul class=\"share-links\">\n<li>\n<li>\n<li><a target=\"_blank\" class=\"share-twitter\" title=\"Condividi su Twitter\" href=\"https:\/\/twitter.com\/intent\/tweet?text=Sono+i+%C2%ABgiorni+della+merla%C2%BB%3A+le+origini+del+nome%2C+le+leggende+e+i+riti&amp;url=https:\/\/www.larena.it\/rubriche\/approfondimenti\/giorni-della-merla-origini-del-nome-leggende-riti-1.12912707\"><img loading=\"lazy\" decoding=\"async\" src=\"https:\/\/gfx.larena.it\/gfx\/lib\/ath-v1\/image\/twitter-x-white.svg\" width=\"20\" height=\"20\"><\/a><\/li>\n<li><\/ul>\n<\/div>\n<div class=\"sticky-footer\">\n<div class=\"share-footer d-lg-none\">\n<ul class=\"share-links\">\n<li>\n<li>\n<li><a target=\"_blank\" class=\"share-twitter\" title=\"Condividi su Twitter\" href=\"https:\/\/twitter.com\/intent\/tweet?text=Sono+i+%C2%ABgiorni+della+merla%C2%BB%3A+le+origini+del+nome%2C+le+leggende+e+i+riti&amp;url=https:\/\/www.larena.it\/rubriche\/approfondimenti\/giorni-della-merla-origini-del-nome-leggende-riti-1.12912707\"><img loading=\"lazy\" decoding=\"async\" src=\"https:\/\/gfx.larena.it\/gfx\/lib\/ath-v1\/image\/twitter-x-white.svg\" width=\"20\" height=\"20\"><\/a><\/li>\n<li><\/ul>\n<\/div>\n<\/div>\n<div class=\"content-picture\">\n<div class=\"content-media content-media-backup\">\n<figure class=\"kh-lightbox\" data-src=\"https:\/\/gfx.larena.it\/image\/contentid\/policy:1.10544104:1706471989\/image.jpg?f=default&amp;w=1024&amp;$p$f$w=336aa8e\" data-caption=\"Le leggende pi\u00f9 note hanno per protagonista una merla\">\n<div class=\"aspected-image\" data-aspect=\"16x9\"><img loading=\"lazy\" decoding=\"async\" src=\"https:\/\/gfx.larena.it\/image\/contentid\/policy:1.10544104:1706471989\/image.jpg?f=16x9&amp;h=421&amp;w=750&amp;%24p%24f%24h%24w=597732e\" alt=\"Le leggende pi\u00f9 note hanno per protagonista una merla\" width=\"750\" height=\"421\"><\/div>\n<\/figure>\n<div class=\"caption\">\n      Le leggende pi\u00f9 note hanno per protagonista una merla\n          <\/div>\n<\/div>\n<div class=\"content-media content-media-main\">\n<figure class=\"kh-lightbox\" data-src=\"https:\/\/gfx.larena.it\/image\/contentid\/policy:1.10544104:1706471989\/image.jpg?f=default&amp;w=1024&amp;$p$f$w=336aa8e\" data-caption=\"Le leggende pi\u00f9 note hanno per protagonista una merla\">\n<div class=\"aspected-image\" data-aspect=\"16x9\"><img loading=\"lazy\" decoding=\"async\" src=\"https:\/\/gfx.larena.it\/image\/contentid\/policy:1.10544104:1706471989\/image.jpg?f=16x9&amp;h=421&amp;w=750&amp;%24p%24f%24h%24w=597732e\" alt=\"Le leggende pi\u00f9 note hanno per protagonista una merla\" width=\"750\" height=\"421\"><\/div>\n<\/figure>\n<div class=\"caption\">\n      Le leggende pi\u00f9 note hanno per protagonista una merla\n          <\/div>\n<\/div>\n<\/div>\n<div id=\"banner-h7\" class=\"banner \">\n<div id=\"div-gpt-ad-h7\" class=\"gam-banner\"><\/div>\n<\/div>\n<div class=\"paywall-meter-floating\">\n<div class=\"paywall-meter-inner2 container\">\n<div class=\"claim\">\n<div class=\"main\">\n        Meno di 2 centesimi al giorno per sbloccare tutti i contenuti del sito web per 3 mesi.\n      <\/div>\n<\/div>\n<\/div>\n<div class=\"subscribe\"><a href=\"https:\/\/store.larena.it\/abbonamenti\/sottoscrizione\/offerta-speciale\/425FFA73140849\/\" class=\"btn btn-contrast\" data-dlevent='{\"event\":\"select_content\",\"content_type\":\"cta_abbonati\",\"position\":\"meter_bar\"}'><\/p>\n<p>         Abbonati ora<\/p>\n<p>      <\/a><\/div>\n<\/div>\n<\/div>\n<div class=\"content-body \">\n<p>I cosiddetti giorni della merla sono gli ultimi tre giorni di gennaio (ma in alcuni paesi sono considerati giorni della merla gli ultimi due di gennaio e il primo di febbraio).<\/p>\n<p>La tradizione vuole che siano<strong> i tre giorni pi\u00f9 freddi dell&#8217;anno<\/strong>, anche se non sempre le statistiche lo confermano. Dalle temperature dei giorni della merla dipenderebbe anche l&#8217;arrivo della primavera: secondo la tradizione, se le temperature sono miti l&#8217;inverno durer\u00e0 ancora a lungo; se invece<strong> fa molto freddo, l&#8217;inverno finir\u00e0 presto e la primavera non tarder\u00e0 ad arrivare.<\/strong><\/p>\n<p><strong>Ma perch\u00e9 si chiamano giorni della merla?<\/strong><\/p>\n<h2>Le leggende pi\u00f9 famose<\/h2>\n<p>Le leggende sono davvero molte. La pi\u00f9 nota narra che una merla e i suoi piccoli, a quel tempo di piumaggio nero come i maschi, nei giorni della fine di gennaio <strong>trovarono rifugio in un comignolo, da cui uscirono solo dopo tre giorni.<\/strong> Quando si allontanarono, per\u00f2, non erano pi\u00f9 neri: erano diventati grigi per via della cenere. Questo a giustificare, dunque, la differente colorazione delle piume tra esemplari maschi e femmine.<\/p>\n<p>Un&#8217;altra versione racconta dei dispetti che il mese di gennaio faceva ad una merla con uno splendido candido piumaggio, scatenando piogge. Il mese di gennaio <strong>era inizialmente di 28 giorni, per questo la merla per non patire il freddo del mese che le faceva i dispetti, decise di fare scorta di provviste e non lasciare il nido per quei giorni<\/strong>. Cos\u00ec gennaio prolung\u00f2 la sua durata di altre tre giorni (29, 30 e 31), per riuscire a scatenare la sua ira contro la merla con pioggia, neve e venti gelidi per far crollare le temperature. Quindi la merla cerc\u00f2 rifugio in un comignolo per tre giorni. Alla fine della tempesta le sue piume avevano virato i colore, era diventata bruno-nerastra o nera a causa della cenere\u00a0<\/p>\n<h2>Le altre storie popolari<\/h2>\n<p>E ancora, altre storie popolari vengono raccontate, anche nel Bresciano. Si tramanda che <strong>un contadino, attraversando un fiume gelato con il carro trainato dalla cavalla Merla, sia stato inghiottito dalle acque a causa della rottura dello strato di ghiaccio<\/strong>. Una variante racconta che alcuni soldati siano precipitati in acqua, mentre attraversavano un fiume ghiacciato trascinando un cannone chiamato Merla.<\/p>\n<p>Altrove si vuole che in un inverno tanto freddo da gelare le acque,<strong> un giovane sia riuscito ad attraversare un fiume per recarsi a sposare l&#8217;innamorata. <\/strong>Ma quando la coppia cammin\u00f2 sul ghiaccio per raggiungere la nuova casa, la lastra si ruppe e la sposina, di nome Merla, anneg\u00f2.<\/p>\n<p>Il popolare verso dantesco veniva parafrasato dai famigli &#8211; i dipendenti dell&#8217;azienda agricola conviventi con la famiglia del proprietario &#8211; i quali a fine gennaio potevano dire <strong>\u00abCanta &#8216;l merlo &#8216;n font al zerlo che gh\u00e8 finit l&#8217;inverno: te salude padr\u00f9!\u00bb e andarsene. Ai cosiddetti \u00abfam\u00e9i de fagot\u00bb sarebbe stato, infatti, impossibile trovare un nuovo lavoro all&#8217;inizio della stagione invernale.<\/strong><\/p>\n<h2>Le tradizioni nei giorni della merla<\/h2>\n<p>Prima dell&#8217;ultima guerra, e anche negli anni successivi, quando era ancora diffusa la coltura dei bachi da seta che iniziava a fine aprile, nei giorni della \u00abmerla\u00bb si svolgevano sceneggiate propiziatrici, diverse da zona a zona; ai cori delle donne rintanate nelle stalle, rispondevano quelli degli uomini rimasti all&#8217;esterno.<strong> I canti erano preceduti dal frastuono provocato dal battere di bastoni su lamiere, usate come tamburi per mettere in fuga gli spiriti malefici dell&#8217;inverno;<\/strong> la perfetta sintonia delle voci, e la tempestiva risposta fra un gruppo e l&#8217;altro, erano ottimo auspicio della \u00abMerla\u00bb, cio\u00e8 dell&#8217;allontanarsi del periodo pi\u00f9 freddo.<br \/>\nIl mondo contadino p<strong>ropiziava la primavera anche con altri rituali, quali i fal\u00f2 che si accendevano in varie date; importante era quello dell&#8217;ultimo gioved\u00ec di gennaio <\/strong>. L&#8217;attesa del risveglio della natura era evidenziata pure da altre consuetudini. A Breno si tramanda che l&#8217;ultimo gioved\u00ec di gennaio veniva detto <strong>\u00ab\u00e9l gi\u00f6d\u00e9 d\u00e8 le b\u00e8le\u00bb perch\u00e9 ragazze e ragazzi sfilavano nelle vie principali del paese in cerca di approcci matrimoniali.<\/strong><\/p>\n<\/div>\n<div class=\"copyright\">\n  \u00a9 Riproduzione riservata\n<\/div>\n<div class=\"whatsapp-channel-link\">\n<p>L\u2019Arena \u00e8 su Whatsapp. <a href=\"https:\/\/whatsapp.com\/channel\/0029VaDsUGg1XquVqR4ZZC43\" target=\"_blank\">Clicca qui<\/a> per iscriverti al nostro canale e rimanere aggiornato in tempo reale.<\/p>\n<\/div>\n<div class=\"content-contribute margin-bottom-default\"><a rel=\"nofollow\" data-pushbar-target=\"comments-pushbar\" class=\"comments\" href=\"https:\/\/www.larena.it\/rubriche\/approfondimenti\/giorni-della-merla-origini-del-nome-leggende-riti-1.12912707\"><br \/>\n        Commenti (<span class=\"comment-count\">0<\/span>)<br \/>\n    <\/a><a rel=\"nofollow\" class=\"contribute d-none d-lg-inline\" href=\"https:\/\/www.larena.it\/spazio-lettori\/whatsapp\">\u00a0 Contribuisci alla notizia<\/a><a rel=\"nofollow\" class=\"contribute d-inline d-lg-none\" href=\"https:\/\/www.larena.it\/spazio-lettori\/whatsapp\">\u00a0 Contribuisci<\/a><\/div>\n<aside id=\"comments-pushbar\" class=\"sidebar sidebar-comments comments-zone\" data-pushbar-id=\"comments-pushbar\" data-pushbar-direction=\"right\">\n<div class=\"sidebar-header\">\n<div class=\"navbar navbar-expand d-flex justify-content-between\">\n<ul class=\"navbar-nav\">\n<li><\/ul>\n<ul class=\"navbar-nav\">\n<li>\n<h5>Commenti (<span class=\"comment-count\">0<\/span>)<\/h5>\n<\/li>\n<\/ul>\n<\/div>\n<\/div>\n<div class=\"sidebar-main sidebar-main-scroll\">\n<div class=\"comments-container\">\n<div class=\"spinner\"><img decoding=\"async\" src=\"https:\/\/gfx.larena.it\/gfx\/siti\/quotidiani_web-v3\/images\/spinners\/ajax-loader.gif\" alt=\"spinner\"><\/div>\n<\/div>\n<\/div>\n<div class=\"sidebar-footer\">\n<div class=\"comments-container foot\"><a class=\"comment-new-form-toggler btn btn-secondary btn-sm\" rel=\"nofollow\" href=\"https:\/\/www.larena.it\/rubriche\/approfondimenti\/giorni-della-merla-origini-del-nome-leggende-riti-1.12912707\">Commenta<\/a><\/p>\n<div class=\"buttons\">\n<div class=\"privacy\"><b>Informativa privacy:<\/b> L\u2019invio di un commento pu\u00f2 comportare il trattamento di dati personali: per maggiori informazioni sulle modalit\u00e0 di trattamento e l\u2019esercizio dei diritti consultare le nostre Informazioni sulla Privacy e l\u2019informativa estesa sui cookie presenti in calce al sito web.<\/div>\n<p><button type=\"button\" class=\"btn btn-primary submit\">Invia<\/button><\/div>\n<div class=\"comment-thankyou\">Grazie per aver inviato un commento. L&#8217;intervento non sar\u00e0 pubblicato fino a quando il moderatore non lo avr\u00e0 letto ed approvato. I commenti ritenuti inadatti o offensivi non saranno pubblicati.<\/div>\n<\/div>\n<\/div>\n<\/aside>\n<\/div>\n<p>[analyse_source url=&#8221;https:\/\/www.larena.it\/rubriche\/approfondimenti\/giorni-della-merla-origini-del-nome-leggende-riti-1.12912707&#8243;]<\/p>\n","protected":false},"excerpt":{"rendered":"<p>[analyse_image type=&#8221;featured&#8221; src=&#8221;https:\/\/gfx.larena.it\/image\/contentid\/policy:1.10544104:1706471989\/image.jpg?f=16&#215;9&amp;h=450&amp;w=800&amp;$p$f$h$w=7061f55&#8243;] LA CREDENZA POPOLARE Sono i \u00abgiorni della merla\u00bb: le origini del nome, le leggende e i riti Natalia Danesi Il 29, 30 e 31 da tradizione sono i giorni pi\u00f9 freddi dell&#8217;anno, e dalla temperatura dipende l&#8217;arrivo della primavera 29 gennaio 2026 Le leggende pi\u00f9 note hanno per protagonista una merla Le [&hellip;]<\/p>\n","protected":false},"author":1,"featured_media":0,"comment_status":"open","ping_status":"","sticky":false,"template":"","format":"standard","meta":{"footnotes":""},"categories":[87],"tags":[226,146],"class_list":["post-1746058","post","type-post","status-publish","format-standard","hentry","category-italy","tag-crawlmanager","tag-larena-it"],"_links":{"self":[{"href":"https:\/\/analyse.optim.biz\/index.php?rest_route=\/wp\/v2\/posts\/1746058","targetHints":{"allow":["GET"]}}],"collection":[{"href":"https:\/\/analyse.optim.biz\/index.php?rest_route=\/wp\/v2\/posts"}],"about":[{"href":"https:\/\/analyse.optim.biz\/index.php?rest_route=\/wp\/v2\/types\/post"}],"author":[{"embeddable":true,"href":"https:\/\/analyse.optim.biz\/index.php?rest_route=\/wp\/v2\/users\/1"}],"replies":[{"embeddable":true,"href":"https:\/\/analyse.optim.biz\/index.php?rest_route=%2Fwp%2Fv2%2Fcomments&post=1746058"}],"version-history":[{"count":0,"href":"https:\/\/analyse.optim.biz\/index.php?rest_route=\/wp\/v2\/posts\/1746058\/revisions"}],"wp:attachment":[{"href":"https:\/\/analyse.optim.biz\/index.php?rest_route=%2Fwp%2Fv2%2Fmedia&parent=1746058"}],"wp:term":[{"taxonomy":"category","embeddable":true,"href":"https:\/\/analyse.optim.biz\/index.php?rest_route=%2Fwp%2Fv2%2Fcategories&post=1746058"},{"taxonomy":"post_tag","embeddable":true,"href":"https:\/\/analyse.optim.biz\/index.php?rest_route=%2Fwp%2Fv2%2Ftags&post=1746058"}],"curies":[{"name":"wp","href":"https:\/\/api.w.org\/{rel}","templated":true}]}}