{"id":1745167,"date":"2026-01-29T19:00:00","date_gmt":"2026-01-29T16:00:00","guid":{"rendered":"https:\/\/analyse.optim.biz\/?p=1745167"},"modified":"2026-01-29T19:00:00","modified_gmt":"2026-01-29T16:00:00","slug":"la-genetica-determina-mas-de-la-mitad-de-los-anos-que-viviras","status":"publish","type":"post","link":"https:\/\/analyse.optim.biz\/?p=1745167","title":{"rendered":"La gen\u00e9tica determina m\u00e1s de la mitad de los a\u00f1os que vivir\u00e1s"},"content":{"rendered":"<p>[analyse_image type=&#8221;featured&#8221; src=&#8221;https:\/\/imagenes.elpais.com\/resizer\/v2\/FNV4IETTYJCR7L7TQM5DAXE2AM.jpg?auth=1c8cb3fec4f07c7366f76f622028606465e0bd610b42114cbf0d768467dc65c2&amp;width=1200&#8243;]<\/p>\n<article id=\"main-content\" class=\"a _g _g-lg _g-o\">\n<header class=\"a_e _g _g-xs\">\n<div class=\"a_e_txt _df\">\n<div class=\"a_k _df\"><a class=\"a_k_n\" href=\"https:\/\/elpais.com\/noticias\/envejecimiento-poblacion\/\">Envejecimiento<\/a><\/div>\n<h1 class=\"a_t\">La gen\u00e9tica determina m\u00e1s de la mitad de los a\u00f1os que vivir\u00e1s<\/h1>\n<p class=\"a_st\">Una nueva revisi\u00f3n de datos de miles de gemelos calcula que hasta el 55% de la duraci\u00f3n de la vida es hereditaria<\/p>\n<\/div>\n<div class=\"a_e_m\">\n<figure class=\"a_m a_m-h \"><span class=\"a_m_w _db\"><img fetchpriority=\"high\" decoding=\"async\" alt=\"Lifespan\" class=\"_re  a_m-h\" height=\"317\" width=\"414\" src=\"https:\/\/imagenes.elpais.com\/resizer\/v2\/FNV4IETTYJCR7L7TQM5DAXE2AM.jpg?auth=1c8cb3fec4f07c7366f76f622028606465e0bd610b42114cbf0d768467dc65c2&amp;width=414\" loading=\"eager\"><\/span><figcaption class=\"a_m_p\" aria-hidden=\"true\"><span>El estudio ha analizado datos de 14.000 gemelos.<\/span><span class=\"a_m_m\">Ryan McVay (Getty Images)<\/span><\/figcaption><\/figure>\n<\/div>\n<\/header>\n<div class=\"a_md _g _g-xs \">\n<figure class=\"a_md_i a_m-h c_m--nf\"><span class=\"a_m_w _db\"><img decoding=\"async\" alt=\"Nu\u00f1o Dom\u00ednguez\" class=\"_re lazyload a_m-h\" height=\"100\" width=\"100\" src=\"https:\/\/imagenes.elpais.com\/resizer\/v2\/https%3A%2F%2Fs3.amazonaws.com%2Farc-authors%2Fprisa%2F9dbc3f39-e6af-419d-8731-911cbacd8d76.jpg?auth=1fcdc0b04d2aa8c70c82cd8c026ba4236931a0777de631c8a3dc8bdc2ab99a72&amp;width=100&amp;height=100&amp;smart=true\" loading=\"lazy\"><\/span><\/figure>\n<div class=\"a_md_txt\">\n<div class=\"a_md_a\" data-dtm-region=\"articulo_firma\"><a href=\"https:\/\/elpais.com\/autor\/nuno-dominguez-angulo\/#?rel=author_top\" title=\"Ver todas las noticias de Nu\u00f1o Dom\u00ednguez\" class=\"a_md_a_n\">Nu\u00f1o Dom\u00ednguez<\/a><\/div>\n<div class=\"a_md_f\"><span><a href=\"https:\/\/elpais.com\/hemeroteca\/2026-01-29\/\" data-date=\"2026-01-29T20:00:00+01:00\"><time data-date=\"2026-01-29T20:00:00+01:00\" datetime=\"2026-01-29T20:00:00+01:00\" id=\"article_date_p\">29 ene 2026 &#8211; 20:00<abbr title=\"Central European Time\">CET<\/abbr><\/time><\/a><\/span><\/div>\n<div class=\"w_rs\" data-dtm-region=\"articulo_botonera-social\">\n<div class=\"w_rs_i\"><a class=\"_btn hidden\" href=\"\/\/send?text=La%20gen%C3%A9tica%20determina%20m%C3%A1s%20de%20la%20mitad%20de%20los%20a%C3%B1os%20que%20vivir%C3%A1s%0D%0A%0D%0Ahttps%3A%2F%2Felpais.com%2Fciencia%2F2026-01-29%2Fla-genetica-determina-mas-de-la-mitad-de-los-anos-que-viviras.html%3Fssm=whatsapp_CC\" data-action=\"share\/whatsapp\/share\" data-param-description=\"La gen\u00e9tica determina m\u00e1s de la mitad de los a\u00f1os que vivir\u00e1s\" data-param-href=\"https:\/\/elpais.com\/ciencia\/2026-01-29\/la-genetica-determina-mas-de-la-mitad-de-los-anos-que-viviras.html\" data-param-text=\"La gen\u00e9tica determina m\u00e1s de la mitad de los a\u00f1os que vivir\u00e1s https:\/\/elpais.com\/ciencia\/2026-01-29\/la-genetica-determina-mas-de-la-mitad-de-los-anos-que-viviras.html\" data-param-url=\"https:\/\/elpais.com\/ciencia\/2026-01-29\/la-genetica-determina-mas-de-la-mitad-de-los-anos-que-viviras.html\" target=\"_blank\" rel=\"noopener noreferrer\" data-share-track-dtm=\"whatsapp\" id=\"btn_share_whatsapp_509\"><span class=\"_sr\">Compartir en Whatsapp<\/span><\/a><\/div>\n<div class=\"w_rs_i\"><a class=\"_btn \" href=\"https:\/\/www.facebook.com\/dialog\/share?display=popup&amp;app_id=94039431626&amp;href=https%3A%2F%2Felpais.com%2Fciencia%2F2026-01-29%2Fla-genetica-determina-mas-de-la-mitad-de-los-anos-que-viviras.html%3Fssm=FB_CC&amp;quote=La%20gen%C3%A9tica%20determina%20m%C3%A1s%20de%20la%20mitad%20de%20los%20a%C3%B1os%20que%20vivir%C3%A1s\" data-param-app_id=\"94039431626\" data-param-description=\"La gen\u00e9tica determina m\u00e1s de la mitad de los a\u00f1os que vivir\u00e1s\" data-param-href=\"https:\/\/elpais.com\/ciencia\/2026-01-29\/la-genetica-determina-mas-de-la-mitad-de-los-anos-que-viviras.html\" data-param-text=\"La gen\u00e9tica determina m\u00e1s de la mitad de los a\u00f1os que vivir\u00e1s\" data-param-url=\"https:\/\/elpais.com\/ciencia\/2026-01-29\/la-genetica-determina-mas-de-la-mitad-de-los-anos-que-viviras.html\" target=\"_blank\" rel=\"noopener noreferrer\" data-share-track-dtm=\"facebook\" id=\"btn_share_facebook_509\"><span class=\"_sr\">Compartir en Facebook<\/span><\/a><\/div>\n<div class=\"w_rs_i\"><a class=\"_btn \" href=\"https:\/\/twitter.com\/intent\/tweet?url=https%3A%2F%2Felpais.com%2Fciencia%2F2026-01-29%2Fla-genetica-determina-mas-de-la-mitad-de-los-anos-que-viviras.html%3Fssm=TW_CC&amp;text=La%20gen%C3%A9tica%20determina%20m%C3%A1s%20de%20la%20mitad%20de%20los%20a%C3%B1os%20que%20vivir%C3%A1s&amp;via=el_pais&amp;lang=es\" data-param-description=\"La gen\u00e9tica determina m\u00e1s de la mitad de los a\u00f1os que vivir\u00e1s\" data-param-href=\"https:\/\/elpais.com\/ciencia\/2026-01-29\/la-genetica-determina-mas-de-la-mitad-de-los-anos-que-viviras.html\" data-param-text=\"La gen\u00e9tica determina m\u00e1s de la mitad de los a\u00f1os que vivir\u00e1s via @el_pais\" data-param-url=\"https:\/\/elpais.com\/ciencia\/2026-01-29\/la-genetica-determina-mas-de-la-mitad-de-los-anos-que-viviras.html\" target=\"_blank\" rel=\"noopener noreferrer\" data-share-track-dtm=\"twitter\" id=\"btn_share_twitter_509\"><span class=\"_sr\">Compartir en Twitter<\/span><\/a><\/div>\n<div class=\"w_rs_i\"><a class=\"_btn \" href=\"https:\/\/bsky.app\/intent\/compose?text=https%3A%2F%2Felpais.com%2Fciencia%2F2026-01-29%2Fla-genetica-determina-mas-de-la-mitad-de-los-anos-que-viviras.html%3Fssm=bsky_CC\" data-param-description=\"La gen\u00e9tica determina m\u00e1s de la mitad de los a\u00f1os que vivir\u00e1s\" data-param-href=\"https:\/\/elpais.com\/ciencia\/2026-01-29\/la-genetica-determina-mas-de-la-mitad-de-los-anos-que-viviras.html\" data-param-text=\"La gen\u00e9tica determina m\u00e1s de la mitad de los a\u00f1os que vivir\u00e1s\" data-param-url=\"https:\/\/elpais.com\/ciencia\/2026-01-29\/la-genetica-determina-mas-de-la-mitad-de-los-anos-que-viviras.html\" target=\"_blank\" rel=\"noopener noreferrer\" data-share-track-dtm=\"bluesky\" id=\"btn_share_bluesky_509\"><span class=\"_sr\">Compartir en Bluesky<\/span><\/a><\/div>\n<div class=\"w_rs_i\"><a class=\"_btn \" href=\"https:\/\/www.linkedin.com\/sharing\/share-offsite\/?url=https%3A%2F%2Felpais.com%2Fciencia%2F2026-01-29%2Fla-genetica-determina-mas-de-la-mitad-de-los-anos-que-viviras.html%3Fssm=LK_CC\" data-param-description=\"La gen\u00e9tica determina m\u00e1s de la mitad de los a\u00f1os que vivir\u00e1s\" data-param-href=\"https:\/\/elpais.com\/ciencia\/2026-01-29\/la-genetica-determina-mas-de-la-mitad-de-los-anos-que-viviras.html\" data-param-text=\"La gen\u00e9tica determina m\u00e1s de la mitad de los a\u00f1os que vivir\u00e1s\" data-param-url=\"https:\/\/elpais.com\/ciencia\/2026-01-29\/la-genetica-determina-mas-de-la-mitad-de-los-anos-que-viviras.html\" target=\"_blank\" rel=\"noopener noreferrer\" data-share-track-dtm=\"linkedin\" id=\"btn_share_linkedin_509\"><span class=\"_sr\">Compartir en Linkedin<\/span><\/a><\/div>\n<div class=\"w_rs_i\"><a class=\"_btn rs_l\" href=\"https:\/\/elpais.com\/ciencia\/2026-01-29\/la-genetica-determina-mas-de-la-mitad-de-los-anos-que-viviras.html#?prm=copy_link\" data-share-track-dtm=\"copiar_url\" id=\"btn_share_link_6\"><span class=\"_sr\">Copiar enlace<\/span><\/a><\/div>\n<div class=\"w_rs_i\"><a class=\"_btn rs_c\" href=\"https:\/\/elpais.com\/ciencia\/2026-01-29\/la-genetica-determina-mas-de-la-mitad-de-los-anos-que-viviras.html#comments_container\" aria-expanded=\"false\" aria-controls=\"me-c\" data-share-track-dtm=\"eskup\" id=\"btn_share_comments_6\"><span class=\"_sr\">Ir a los comentarios<\/span><\/a><\/div>\n<\/div>\n<\/div>\n<\/div>\n<div class=\"a_c clearfix\" data-dtm-region=\"articulo_cuerpo\">\n<p class>\u00bfPor qu\u00e9 algunas personas viven <a href=\"https:\/\/elpais.com\/ciencia\/2026-01-06\/la-ciencia-busca-las-claves-de-la-longevidad-humana-en-el-mestizaje-genetico-de-los-supercentenarios-brasilenos.html\" rel>mucho m\u00e1s<\/a> que otras? Durante d\u00e9cadas, la respuesta ha apuntado sobre todo al entorno: el estilo de vida, las enfermedades, el nivel de riqueza, la suerte. Pero una nueva investigaci\u00f3n publicada esta semana cuestiona esa visi\u00f3n, y le da a la gen\u00e9tica que heredamos de nuestros padres un papel mucho m\u00e1s central de lo que se cre\u00eda hasta ahora.<\/p>\n<p class>Seg\u00fan el estudio, liderado por el bi\u00f3logo molecular <a href=\"https:\/\/www.weizmann.ac.il\/mcb\/alon\/\" rel>Uri Alon<\/a>, del Instituto de Ciencia Weizmann de Israel, hasta el 55% de la variaci\u00f3n en la duraci\u00f3n de la vida humana estar\u00eda determinada por factores gen\u00e9ticos, siempre que se sustraiga el efecto de las causas de muerte externas, como accidentes o infecciones. Esta tasa es m\u00e1s del doble que lo que dec\u00edan las estimaciones previas, que situaban la heredabilidad de la duraci\u00f3n de la vida humana entre el 6% y el 33%.<\/p>\n<p class>\u201cLa mortalidad externa estaba ocultando el peso real de la gen\u00e9tica en la duraci\u00f3n de la vida\u201d, escriben los autores en su <a href=\"http:\/\/dx.doi.org\/10.1126\/science.adz1187\" rel>estudio<\/a>, publicado en <i>Science<\/i>, referente de la mejor ciencia mundial. Una herencia gen\u00e9tica del 55% est\u00e1 mucho m\u00e1s en l\u00ednea con lo que se hab\u00eda observado en ratones de laboratorio y otros animales, y tambi\u00e9n con la contribuci\u00f3n probada de otras variantes fisiol\u00f3gicas humanas.<\/p>\n<p class>La clave del trabajo est\u00e1 en que no todas las muertes dicen lo mismo sobre el envejecimiento biol\u00f3gico. Los investigadores diferencian entre mortalidad extr\u00ednseca, causada por factores externos al organismo \u2014accidentes, violencia, infecciones o agentes t\u00f3xicos ambientales\u2014, y mortalidad intr\u00ednseca, relacionada con el deterioro biol\u00f3gico interno y el proceso de <a href=\"https:\/\/elpais.com\/salud-y-bienestar\/2024-09-03\/un-estudio-identifica-cinco-formas-distintas-de-envejecer-gracias-a-los-datos-de-50000-escaneres-cerebrales.html\" rel>envejecimiento <\/a>en s\u00ed.<\/p>\n<p class>Los responsables del trabajo recuerdan que muchos de los estudios previos sobre este tema se basaban en cohortes de personas que vivieron y murieron en el siglo XIX y la primera mitad del XX. Con frecuencia, estos trabajos no aclaran las causas de muerte. Adem\u00e1s, en esta \u00e9poca la carga de la mortalidad externa por infecciones y otras causas externas eran mucho m\u00e1s altas que en la actualidad, algo que tampoco se ha corregido debidamente en estudios posteriores, seg\u00fan sostiene el nuevo trabajo.<\/p>\n<p class>El equipo de Alon ha creado modelos matem\u00e1ticos para revaluar grandes bases de datos de <a href=\"https:\/\/elpais.com\/salud-y-bienestar\/2025-10-02\/un-estudio-en-gemelos-revela-que-un-mayor-nivel-educativo-se-asocia-con-un-mejor-rendimiento-cognitivo-en-la-vejez.html\" rel>gemelos<\/a>, tanto id\u00e9nticos \u2014comparten un 100% de su ADN\u2014 como mellizos \u2014un 50%\u2014, procedentes principalmente de dos grandes cohortes de Dinamarca y Suecia. Tambi\u00e9n incluyeron datos de gemelos criados por separado, para eliminar la influencia de un ambiente compartido; y de hermanos de personas centenarias en Estados Unidos, lo que permiti\u00f3 comprobar que los resultados no se limitan a las poblaciones escandinavas. La poblaci\u00f3n analizada abarca a casi 16.000 parejas de individuos emparentados, incluidos cerca de 14.000 gemelos y m\u00e1s de 2.000 pares de hermanos.<\/p>\n<p class>Una vez eliminada de forma estad\u00edstica la mortalidad extr\u00ednseca, la heredabilidad de la longevidad aument\u00f3 progresivamente hasta estabilizarse en torno al 55%. De hecho, el trabajo muestra una contribuci\u00f3n decreciente de la mortalidad externa en los periodos analizados por las tres grandes bases de datos consideradas (1870-1935). En la actualidad, estas causas de muerte externas son diez veces m\u00e1s bajas.<\/p>\n<p class>La idea predominante hasta ahora manten\u00eda que la gen\u00e9tica pod\u00eda contribuir incluso apenas un 6% a la duraci\u00f3n total de la vida. Eso a su vez reforzaba el mensaje err\u00f3neo de que la mayor parte de la esperanza de vida de una persona estaba en sus propias manos. Si evitaba comportamientos de riesgo, factores probadamente nocivos como el tabaco o el alcohol y manten\u00eda un <a href=\"https:\/\/elpais.com\/salud-y-bienestar\/2026-01-14\/las-personas-inactivas-pueden-reducir-su-riesgo-de-muerte-un-30-con-cinco-minutos-de-ejercicio-al-dia.html\" rel>estilo de vida saludable<\/a> con una dieta adecuada, pod\u00eda alargar significativamente su existencia. El nuevo c\u00e1lculo reduce esa capacidad, pero deja claro que a\u00fan hay un 50% que depende de factores externos que, al menos en parte, son modificables, como la alimentaci\u00f3n o el ejercicio f\u00edsico.<\/p>\n<p class>El estudio tambi\u00e9n ha calculado el papel que juega la herencia gen\u00e9tica en diferentes enfermedades. En la muerte por <a href=\"https:\/\/elpais.com\/noticias\/cancer\/\" rel>c\u00e1ncer <\/a>fue independiente de la edad y se situ\u00f3 en torno al 30%. En cambio, las muertes por enfermedad cardiovascular mostraron una heredabilidad m\u00e1s alta, de aproximadamente el 50% en edades m\u00e1s tempranas. Las muertes por demencia mostraron la mayor heredabilidad, en torno al 70% a los 80 a\u00f1os, y posteriormente se estabilizaron en valores de entre el 40% y el 50% en edades m\u00e1s avanzadas.<\/p>\n<p class><a href=\"https:\/\/einsteinmed.edu\/es\/faculty\/484\/nir-barzilai\" rel>Nir Barzilai<\/a>, uno de los mayores <a href=\"https:\/\/elpais.com\/elpais\/2017\/04\/28\/ciencia\/1493394455_199979.html\" rel>expertos mundiales<\/a> en gen\u00e9tica y longevidad, que no ha participado en el estudio, destaca su val\u00eda. \u201cCreo que es un trabajo muy revelador y contribuir\u00e1 a cambiar el dogma actual\u201d, explica a este diario el director del Instituto de Investigaci\u00f3n en Envejecimiento de la Escuela de Medicina Albert Einstein, en Estados Unidos. \u201cLos efectos de la gen\u00e9tica hab\u00edan sido infravalorados al contemplar solo datos de gemelos sin tener en cuenta si las causas de sus muertes eran intr\u00ednsecas o extr\u00ednsecas. No se deber\u00edan contar casos de gente que muere joven en estudios sobre la contribuci\u00f3n de la gen\u00e9tica en la longevidad\u201d, a\u00f1ade.<\/p>\n<p class>El cient\u00edfico lleva a\u00f1os estudiando a centenarios en busca de los factores gen\u00e9ticos que determinan su excepcional longevidad. \u201cEn un estudio con 750<a href=\"https:\/\/elpais.com\/ciencia\/2025-09-24\/estudiadme-aprended-de-mi-desvelados-los-secretos-de-la-longevidad-de-maria-la-anciana-catalana-que-murio-con-117-anos.html\" rel> centenarios<\/a> y sus familias [el ensayo <a href=\"https:\/\/einsteinmed.edu\/es\/centers\/aging\/longevity-genes-project\/\" rel>Genes de la Longevidad<\/a>] la gen\u00e9tica explica entre el 80% y el 100% de las posibilidades de alcanzar edades tan avanzadas. Si tus padres son dos centenarios, tu vida ser\u00e1 un 24% m\u00e1s larga que el del resto de la poblaci\u00f3n a la que perteneces, 13% en el caso de que solo uno de tus padres sea centenario y un 7% si tienes un abuelo que vivi\u00f3 hasta estas edades. Esto significa que probablemente superes los 100 a\u00f1os, los 93 y los 85, respectivamente, teniendo en cuenta una esperanza de vida media de 80 a\u00f1os\u201d, destaca Barzilai.<\/p>\n<p class>\u201cEste trabajo tiene consecuencias importantes para la investigaci\u00f3n en envejecimiento\u201d, resaltan <a href=\"https:\/\/researchprofiles.ku.dk\/en\/persons\/daniela-janina-bakula\/\" rel>Daniela Bakula<\/a> y <a href=\"https:\/\/researchprofiles.ku.dk\/en\/persons\/morten-scheibye-knudsen\/\" rel>Morten Scheibye-Knudsen<\/a>, del departamento de medicina molecular y celular de la Universidad de Copenhague (Dinamarca). \u201cUna contribuci\u00f3n sustancial de la gen\u00e9tica a la longevidad refuerza la necesidad de aumentar los esfuerzos para identificar las variantes gen\u00e9ticas asociadas, refinar los sistemas de riesgo polig\u00e9nico y resaltar qu\u00e9 diferencias gen\u00e9ticas est\u00e1n detr\u00e1s de los procesos biol\u00f3gicos que regulan el envejecimiento\u201d, apuntan los cient\u00edficos en un art\u00edculo complementario tambi\u00e9n publicado en <i>Science<\/i>. Los autores destacan que ese 55% encaja mucho mejor con lo que se sabe de la componente gen\u00e9tica de otros rasgos complejos en humanos. \u201cPosiblemente, esto significa que las tasas intr\u00ednsecas de longevidad se han optimizado al m\u00e1ximo a lo largo de la evoluci\u00f3n, en la l\u00ednea de otras como la<a href=\"https:\/\/elpais.com\/salud-y-bienestar\/2026-01-24\/rodrigo-quian-quiroga-neurocientifico-el-cerebro-humano-no-busca-recordar-sino-entender.html\" rel> inteligencia<\/a> y el metabolismo\u201d, dicen. <\/p>\n<\/div>\n<div id=\"me-dis\" class=\"me _pf\">\n<div class=\"me_bg\">\n<div class=\"me-dis _pa _df\">\n<div class=\"me-dis_c\">\n<h2 class=\"me-dis_t\">Tu suscripci\u00f3n se est\u00e1 usando en otro dispositivo<\/h2>\n<p>\u00bfQuieres a\u00f1adir otro usuario a tu suscripci\u00f3n?<\/p>\n<div class=\"me-dis_l\"><a href=\"https:\/\/elpais.com\/suscripciones\/premium\/upgrade\/?utm_source=autopromo&amp;utm_medium=interno&amp;utm_campaign=YYYY_MM_capping_upgrade\" id=\"capping-upgrade\" class=\"btn\">A\u00f1adir usuario<\/a><a href=\"https:\/\/elpais.com\/ciencia\/2026-01-29\/la-genetica-determina-mas-de-la-mitad-de-los-anos-que-viviras.html\" id=\"capping-continue\" class=\"btn btn-b\">Continuar leyendo aqu\u00ed<\/a><\/div>\n<p>Si contin\u00faas leyendo en este dispositivo, no se podr\u00e1 leer en el otro.<\/p>\n<p class=\"lk\"><a href=\"https:\/\/elpais.com\/ciencia\/2026-01-29\/la-genetica-determina-mas-de-la-mitad-de-los-anos-que-viviras.html\" id=\"capping-show-more-button\">\u00bfPor qu\u00e9 est\u00e1s viendo esto?<\/a><\/p>\n<p><span class=\"arrow\" id=\"capping-arrow\">Flecha<\/span><\/p>\n<div class=\"me-dis_d\">\n<div class=\"me-dis_d_t\">\n<h2 class=\"enc\">Tu suscripci\u00f3n se est\u00e1 usando en otro dispositivo y solo puedes acceder a EL PA\u00cdS desde un dispositivo a la vez.<\/h2>\n<div class=\"tx\">\n<p>Si quieres compartir tu cuenta, cambia tu suscripci\u00f3n a la modalidad Premium, as\u00ed podr\u00e1s a\u00f1adir otro usuario. Cada uno acceder\u00e1 con su propia cuenta de email, lo que os permitir\u00e1 personalizar vuestra experiencia en EL PA\u00cdS.<\/p>\n<p>\u00bfTienes una suscripci\u00f3n de empresa? Accede <a target=\"_blank\" rel=\"noreferrer\" href=\"https:\/\/elpais.com\/suscripciones\/premium\/upgrade\/\">aqu\u00ed<\/a> para contratar m\u00e1s cuentas.<\/p>\n<p>En el caso de no saber qui\u00e9n est\u00e1 usando tu cuenta, te recomendamos cambiar tu contrase\u00f1a <a target=\"_blank\" rel=\"noreferrer\" href=\"https:\/\/elpais.com\/subscriptions\/#\/forgot-password\">aqu\u00ed.<\/a><\/p>\n<p>Si decides continuar compartiendo tu cuenta, este mensaje se mostrar\u00e1 en tu dispositivo y en el de la otra persona que est\u00e1 usando tu cuenta de forma indefinida, afectando a tu experiencia de lectura. Puedes <a target=\"_blank\" rel=\"noreferrer\" href=\"https:\/\/elpais.com\/suscripciones\/condiciones-generales-servicios\/\">consultar aqu\u00ed los t\u00e9rminos y condiciones de la suscripci\u00f3n digital.<\/a><\/p>\n<\/div>\n<\/div>\n<\/div>\n<\/div>\n<\/div>\n<\/div>\n<\/div>\n<aside class=\"w w-sea\">\n<h2 class=\"w_t\">Sobre la firma<\/h2>\n<div class=\"w_b\">\n<div class=\"_g _g-xs\">\n<figure class=\"w-sea_f a_m-h c_m--nf\"><span class=\"a_m_w _db\"><img decoding=\"async\" alt=\"Nu\u00f1o Dom\u00ednguez\" class=\"_re lazyload a_m-h\" height=\"100\" width=\"100\" src=\"https:\/\/imagenes.elpais.com\/resizer\/v2\/https%3A%2F%2Fs3.amazonaws.com%2Farc-authors%2Fprisa%2F9dbc3f39-e6af-419d-8731-911cbacd8d76.jpg?auth=1fcdc0b04d2aa8c70c82cd8c026ba4236931a0777de631c8a3dc8bdc2ab99a72&amp;width=100&amp;height=100&amp;smart=true\" loading=\"lazy\"><\/span><\/figure>\n<div class=\"w-sea_txt\">\n<div class=\"_df\">\n<div class=\"w-sea_txt_na\"><a href=\"https:\/\/elpais.com\/autor\/nuno-dominguez-angulo\/\" rel=\"autor_bottom\">Nu\u00f1o Dom\u00ednguez<\/a><\/div>\n<div class=\"w_rs_i\"><a class=\"_btn \" href=\"https:\/\/twitter.com\/Nunodomin\" target=\"_blank\" rel=\"noopener noreferrer\"><span class=\"_sr\">Nu\u00f1o Dom\u00ednguez &#8211; twitter<\/span><\/a><\/div>\n<\/div>\n<div class=\"w-sea_txt_da _dn\">Nu\u00f1o Dom\u00ednguez es cofundador de Materia, la secci\u00f3n de Ciencia de EL PA\u00cdS. Es licenciado en Periodismo por la Universidad Complutense de Madrid y M\u00e1ster en Periodismo Cient\u00edfico por la Universidad de Boston (EE UU). Antes de EL PA\u00cdS trabaj\u00f3 en medios como P\u00fablico, El Mundo, La Voz de Galicia o la Agencia Efe.<\/div>\n<\/div>\n<\/div>\n<\/div>\n<\/aside>\n<aside class=\"w w-fid\">\n<div class=\"w_b\">\n<div class=\"w-fid_t\"><a href=\"https:\/\/plus.elpais.com\/newsletters\/lnp\/1\/331\/#?prm=not_newsletters_ciencia\">Recibe el bolet\u00edn de Ciencia<\/a><\/div>\n<div class=\"w-fid_s\">\n<div class=\"w_rs\">\n<div class=\"w_rs_i\"><a class=\"_btn\" href=\"https:\/\/www.facebook.com\/Materia.Ciencia\/\" rel=\"nofollow\"><span class=\"_sr\">Ciencia El Pa\u00eds en Facebook<\/span><\/a><\/div>\n<div class=\"w_rs_i\"><a class=\"_btn\" href=\"https:\/\/www.instagram.com\/materia_ciencia\/\" rel=\"nofollow\"><span class=\"_sr\">Ciencia El Pa\u00eds en Instagram<\/span><\/a><\/div>\n<div class=\"w_rs_i\"><a class=\"_btn\" href=\"https:\/\/twitter.com\/el_pais\" rel=\"nofollow\"><span class=\"_sr\">Ciencia El Pa\u00eds en Twitter<\/span><\/a><\/div>\n<\/div>\n<\/div>\n<\/div>\n<\/aside>\n<aside class=\"a_com w w-com _df\"><a class=\"a_com_l\" href=\"https:\/\/elpais.com\/info\/normas-de-participacion\/\">Normas \u203a<\/a><\/aside>\n<div class=\"me _pf\" id=\"me-c\">\n<div class=\"me_bg\">\n<div class=\"me-c _pa\" id=\"comments_container\" data-dtm-region=\"articulo_comentarios\">\n<div class=\"me_f me_f-os me_cc\"><a href=\"https:\/\/plus.elpais.com\/perfil\/actividad\/\">Mis comentarios<\/a><a href=\"https:\/\/elpais.com\/info\/normas-de-participacion\/\">Normas<\/a><\/div>\n<div class=\"me_f me_f-ns\"><span class=\"me_f_txt _db\">Rellena tu <b>nombre y apellido<\/b> para comentar<\/span><a href=\"https:\/\/plus.elpais.com\/autorization.html\/?prod=COM&amp;backURL=https%3A%2F%2Felpais.com%2Fciencia%2F2026-01-29%2Fla-genetica-determina-mas-de-la-mitad-de-los-anos-que-viviras.html\" class=\"btn btn-2\">completar datos<\/a><\/div>\n<div class=\"me_f\" id=\"comments_msg\"><a class=\"btn btn-2\" href=\"https:\/\/elpais.com\/suscripciones\/#\/campaign?prod=SUSDIGCRART&amp;o=COM&amp;prm=suscrip_articulo_comentarios_el-pais&amp;backURL=https%3A%2F%2Felpais.com%2Fciencia%2F2026-01-29%2Fla-genetica-determina-mas-de-la-mitad-de-los-anos-que-viviras.html\" id=\"comments_subscribe_link\" data-link-am=\"https:\/\/elpais.com\/suscripciones\/america\/#\/campaign?prod=SUSDIGCRARTAM&amp;o=COMAM&amp;prm=suscrip_articulo_comentarios_el-pais-america&amp;backURL=https%3A%2F%2Felpais.com%2Fciencia%2F2026-01-29%2Fla-genetica-determina-mas-de-la-mitad-de-los-anos-que-viviras.html\" data-link-mx=\"https:\/\/elpais.com\/suscripciones\/america\/#\/campaign?prod=SUSDIGMX&amp;o=COMMX&amp;prm=suscrip_articulo_comentarios_el-pais-mexico&amp;backURL=https%3A%2F%2Felpais.com%2Fciencia%2F2026-01-29%2Fla-genetica-determina-mas-de-la-mitad-de-los-anos-que-viviras.html\" data-link-co=\"https:\/\/elpais.com\/suscripciones\/america\/#\/campaign?prod=SUSDIGCOL&amp;o=COMCOL&amp;prm=suscrip_articulo_comentarios_el-pais_colombia&amp;backURL=https%3A%2F%2Felpais.com%2Fciencia%2F2026-01-29%2Fla-genetica-determina-mas-de-la-mitad-de-los-anos-que-viviras.html\" data-link-ar=\"https:\/\/elpais.com\/suscripciones\/america\/#\/campaign?prod=SUSDIGCRARTAR&amp;o=COMAR&amp;backURL=https%3A%2F%2Felpais.com%2Fciencia%2F2026-01-29%2Fla-genetica-determina-mas-de-la-mitad-de-los-anos-que-viviras.html\" data-link-cl=\"https:\/\/elpais.com\/suscripciones\/america\/#\/campaign?prod=SUSDIGCHILE&amp;o=COMCHILE&amp;backURL=https%3A%2F%2Felpais.com%2Fciencia%2F2026-01-29%2Fla-genetica-determina-mas-de-la-mitad-de-los-anos-que-viviras.html\" data-link-us=\"https:\/\/elpais.com\/suscripciones\/america\/#\/campaign?prod=SUSDIGCRARTEUCAN&amp;o=COMUS&amp;prm=suscrip_articulo_comentarios_el-pais_eucan&amp;backURL=https%3A%2F%2Felpais.com%2Fciencia%2F2026-01-29%2Fla-genetica-determina-mas-de-la-mitad-de-los-anos-que-viviras.html\">Suscr\u00edbete en El Pa\u00eds para participar<\/a><a class=\"btn btn-3\" href=\"https:\/\/elpais.com\/subscriptions\/#\/sign-in?prod=REG&amp;o=COM&amp;prm=login_articulo_comentarios_el-pais&amp;backURL=https%3A%2F%2Felpais.com%2Fciencia%2F2026-01-29%2Fla-genetica-determina-mas-de-la-mitad-de-los-anos-que-viviras.html\" id=\"comments_login_link\" data-link-am=\"https:\/\/elpais.com\/subscriptions\/#\/sign-in?prod=REG&amp;o=COM&amp;prm=login_articulo_comentarios_el-pais-america&amp;backURL=https%3A%2F%2Felpais.com%2Fciencia%2F2026-01-29%2Fla-genetica-determina-mas-de-la-mitad-de-los-anos-que-viviras.html\" data-link-mx=\"https:\/\/elpais.com\/subscriptions\/#\/sign-in?prod=REG&amp;o=COM&amp;prm=login_articulo_comentarios_el-pais-mexico&amp;backURL=https%3A%2F%2Felpais.com%2Fciencia%2F2026-01-29%2Fla-genetica-determina-mas-de-la-mitad-de-los-anos-que-viviras.html\" data-link-co=\"https:\/\/elpais.com\/subscriptions\/#\/sign-in?prod=REG&amp;o=COM&amp;backURL=https%3A%2F%2Felpais.com%2Fciencia%2F2026-01-29%2Fla-genetica-determina-mas-de-la-mitad-de-los-anos-que-viviras.html\" data-link-ar=\"https:\/\/elpais.com\/subscriptions\/#\/sign-in?prod=REG&amp;o=COM&amp;backURL=https%3A%2F%2Felpais.com%2Fciencia%2F2026-01-29%2Fla-genetica-determina-mas-de-la-mitad-de-los-anos-que-viviras.html\" data-link-cl=\"https:\/\/elpais.com\/subscriptions\/#\/sign-in?prod=REG&amp;o=COM&amp;backURL=https%3A%2F%2Felpais.com%2Fciencia%2F2026-01-29%2Fla-genetica-determina-mas-de-la-mitad-de-los-anos-que-viviras.html\" data-link-us=\"https:\/\/elpais.com\/subscriptions\/#\/sign-in?prod=REG&amp;o=COM&amp;backURL=https%3A%2F%2Felpais.com%2Fciencia%2F2026-01-29%2Fla-genetica-determina-mas-de-la-mitad-de-los-anos-que-viviras.html\">Ya tengo una suscripci\u00f3n<\/a><\/div>\n<p>Please enable JavaScript to view the &lt;a href=&#8221;https:\/\/disqus.com\/?ref_noscript&#8221; rel=&#8221;nofollow&#8221;&gt; comments powered by Disqus.&lt;\/a&gt;<\/p><\/div>\n<\/div>\n<\/div>\n<aside class=\"w w-rel\" data-dtm-region=\"articulo_mas-informacion\">\n<h2 class=\"w_t\">M\u00e1s informaci\u00f3n<\/h2>\n<ul class=\"w_b _ls\">\n<li class=\"_g _g-xs w-rel_n\">\n<div class=\" a_m-h c_m--nf\"><span class=\"_db _pr\"><img decoding=\"async\" alt class=\"_re lazyload a_m-h\" height=\"311\" width=\"414\" src=\"https:\/\/imagenes.elpais.com\/resizer\/v2\/6A42NSSP7VBYJBI7UJ5F5ZNYEM.jpg?auth=da58a3a9a3ec7ff7fecf3ee214f623039b5a9facd303df7ccefca00b0a082e46&amp;width=414&amp;height=311&amp;smart=true\" loading=\"lazy\"><\/span><\/div>\n<div class=\"nt\">\n<h3 class=\"nt_t\"><a href=\"https:\/\/elpais.com\/ciencia\/2026-01-06\/la-ciencia-busca-las-claves-de-la-longevidad-humana-en-el-mestizaje-genetico-de-los-supercentenarios-brasilenos.html#?rel=mas\">La ciencia busca las claves de la longevidad humana en el mestizaje gen\u00e9tico de los supercentenarios brasile\u00f1os<\/a><\/h3>\n<div class=\"nt_a\"><a href=\"https:\/\/elpais.com\/autor\/miguel-angel-criado-asien\/\" title=\"Ver todas las noticias de Miguel \u00c1ngel Criado\">Miguel \u00c1ngel Criado<\/a><\/div>\n<\/div>\n<\/li>\n<li class=\"_g _g-xs w-rel_n\">\n<div class=\" a_m-h c_m--nf\"><span class=\"_db _pr\"><img decoding=\"async\" alt class=\"_re lazyload a_m-h\" height=\"311\" width=\"414\" src=\"https:\/\/imagenes.elpais.com\/resizer\/v2\/Z3HLLCJGCRA7DHXBLO3HGG4KUY.jpg?auth=f8255492e9f16522c4e6b18b82a19b6d7fab035c4c88655036d31397473cce7e&amp;width=414&amp;height=311&amp;smart=true\" loading=\"lazy\"><\/span><\/div>\n<div class=\"nt\">\n<h3 class=\"nt_t\"><a href=\"https:\/\/elpais.com\/ciencia\/2025-05-27\/cuervo-y-arsuaga-sobre-como-envejecer-mejor-dormir-es-algo-democratico-universal-barato-y-gratis-y-nadie-duerme.html#?rel=mas\">Cuervo y Arsuaga, sobre c\u00f3mo envejecer mejor: \u201cDormir es algo democr\u00e1tico, universal y gratis, y nadie duerme\u201d<\/a><\/h3>\n<div class=\"nt_a\"><a href=\"https:\/\/elpais.com\/autor\/nuno-dominguez-angulo\/\" title=\"Ver todas las noticias de Nu\u00f1o Dom\u00ednguez\">Nu\u00f1o Dom\u00ednguez<\/a><\/div>\n<\/div>\n<\/li>\n<\/ul>\n<\/aside>\n<section class=\"w w-ae\" data-dtm-region=\"articulo_archivado-en\">\n<h2 class=\"w_t\">Archivado En<\/h2>\n<div class=\"w_b\">\n<ul class=\"w_ul w_ul--mh _df _ls\">\n<li><a href=\"https:\/\/elpais.com\/noticias\/ciencia\/#?rel=arch\" rel=\"noopener noreferrer\">Ciencia<\/a><\/li>\n<li><a href=\"https:\/\/elpais.com\/noticias\/adn\/#?rel=arch\" rel=\"noopener noreferrer\">ADN<\/a><\/li>\n<li><a href=\"https:\/\/elpais.com\/noticias\/genetica\/#?rel=arch\" rel=\"noopener noreferrer\">Gen\u00e9tica<\/a><\/li>\n<li><a href=\"https:\/\/elpais.com\/noticias\/envejecimiento-poblacion\/#?rel=arch\" rel=\"noopener noreferrer\">Envejecimiento poblaci\u00f3n<\/a><\/li>\n<li><a href=\"https:\/\/elpais.com\/noticias\/israel\/#?rel=arch\" rel=\"noopener noreferrer\">Israel<\/a><\/li>\n<li><a href=\"https:\/\/elpais.com\/noticias\/estados-unidos\/#?rel=arch\" rel=\"noopener noreferrer\">Estados Unidos<\/a><\/li>\n<li><a href=\"https:\/\/elpais.com\/noticias\/dinamarca\/#?rel=arch\" rel=\"noopener noreferrer\">Dinamarca<\/a><\/li>\n<li><a href=\"https:\/\/elpais.com\/noticias\/suecia\/#?rel=arch\" rel=\"noopener noreferrer\">Suecia<\/a><\/li>\n<li><a href=\"https:\/\/elpais.com\/noticias\/infecciones\/#?rel=arch\" rel=\"noopener noreferrer\">Infecciones<\/a><\/li>\n<li><a href=\"https:\/\/elpais.com\/noticias\/cancer\/#?rel=arch\" rel=\"noopener noreferrer\">C\u00e1ncer<\/a><\/li>\n<li><a href=\"https:\/\/elpais.com\/noticias\/alzheimer\/#?rel=arch\" rel=\"noopener noreferrer\">Alzh\u00e9imer<\/a><\/li>\n<\/ul>\n<\/div>\n<\/section>\n<aside class=\"a_tp _df\">\n<div class=\"a_tp_txt\"><span class=\"a_tp_t\">Se adhiere a los criterios de<\/span><\/p>\n<figure class=\"a_m a_m-h c_m--nf\"><a class=\"a_tp_i _dib\" href=\"https:\/\/elpais.com\/estaticos\/que-es-the-trust-project\/\" target=\"_blank\" rel=\"noopener noreferrer nofollow\"><img decoding=\"async\" alt=\"The Trust Project\" class=\" lazyload a_m-h\" height=\"20\" width=\"117\" src=\"https:\/\/static.elpais.com\/dist\/resources\/images\/the-trust-project.svg\" loading=\"lazy\"><\/a><\/figure>\n<p><a class=\"a_tp_mi\" href=\"https:\/\/elpais.com\/estaticos\/codigo-etico\/\" target=\"_blank\" rel=\"noopener noreferrer nofollow\">M\u00e1s informaci\u00f3n<\/a><\/div>\n<div class=\"a_tp_si\">Si est\u00e1 interesado en licenciar este contenido, pinche <a class=\"a_tp_si_l\" href=\"https:\/\/profesional.elpais.com\/soluciones-sindicacion\/?utm_medium=interno&amp;utm_source=crosslinking&amp;utm_campaign=sindicacion_ep_pie_articulos\" target=\"_blank\" rel=\"noopener noreferrer nofollow\">aqu\u00ed<\/a><\/div>\n<\/aside>\n<div class=\"a_o _pr\" data-dtm-region=\"articulo_right-rail\">\n<div id=\"elpais_gpt-MPU1\" data-adtype=\"MPU\" class=\"ad ad-mpu\"><span class=\"_dn\">_<\/span><\/div>\n<section class=\"w w-sc b_col\" data-dtm-region=\"articulo_ultimas-noticias\">\n<header class=\"w_h b_col_h\">\n<h3 class=\"w_t\"><a href=\"https:\/\/elpais.com\/ultimas-noticias\/\" rel=\"story-card-ultimas-noticias\">\u00daltimas noticias<\/a><\/h3>\n<\/header>\n<div class=\"w_b\">\n<article class=\"c  c--m-n   \" data-word=\"0\">\n<header class=\"c_h\"><time datetime=\"2026-02-03T18:17:10+01:00\" class=\"c_da\">18:17<\/time><\/p>\n<h2 class=\"c_t \"><a href=\"https:\/\/elpais.com\/america\/2026-02-03\/al-menos-15-peregrinos-muertos-en-brasil-en-un-accidente-de-autobus.html\">Al menos 15 peregrinos muertos en Brasil en un accidente de autob\u00fas<\/a><\/h2>\n<\/header>\n<\/article>\n<article class=\"c  c--m-n   \" data-word=\"0\">\n<header class=\"c_h\"><time datetime=\"2026-02-03T18:11:02+01:00\" class=\"c_da\">18:11<\/time><\/p>\n<h2 class=\"c_t \"><a href=\"https:\/\/elpais.com\/gente\/2026-02-03\/condenan-a-tres-anos-de-prision-a-uno-de-los-ladrones-que-intento-entrar-en-la-habitacion-de-anya-taylor-joy.html\">Condenan a tres a\u00f1os de prisi\u00f3n a uno de los ladrones que intent\u00f3 entrar en la habitaci\u00f3n de Anya Taylor-Joy<\/a><\/h2>\n<\/header>\n<\/article>\n<article class=\"c  c--m-n   \" data-word=\"0\">\n<header class=\"c_h\"><time datetime=\"2026-02-03T18:10:20+01:00\" class=\"c_da\">18:10<\/time><\/p>\n<h2 class=\"c_t \"><a href=\"https:\/\/elpais.com\/espana\/madrid\/2026-02-03\/el-controvertido-caso-del-desahucio-de-paca-blanco-12-anos-de-okupa-en-un-piso-del-ayuntamiento.html\">El controvertido caso del desahucio de Paca Blanco: 12 a\u00f1os de okupa en un piso del Ayuntamiento<\/a><\/h2>\n<\/header>\n<\/article>\n<article class=\"c  c--m-n   \" data-word=\"0\">\n<header class=\"c_h\"><time datetime=\"2026-02-03T17:54:05+01:00\" class=\"c_da\">17:54<\/time><\/p>\n<h2 class=\"c_t \"><a href=\"https:\/\/elpais.com\/economia\/2026-02-03\/bruselas-alerta-a-la-junta-de-andalucia-de-que-es-ilegal-duplicar-el-registro-pisos-turisticos-creando-uno-autonomico.html\">Bruselas alerta a la Junta de Andaluc\u00eda de que es ilegal duplicar el registro de pisos tur\u00edsticos creando uno auton\u00f3mico<\/a><\/h2>\n<\/header>\n<\/article>\n<\/div>\n<\/section>\n<aside class=\"w w-lmv\" data-dtm-region=\"articulo_lom\">\n<h2 class=\"w_t\"><a href=\"https:\/\/elpais.com\/lo-mas-visto\/\">Lo m\u00e1s visto<\/a><\/h2>\n<div class=\"w_b\">\n<ol class=\"_ls\">\n<li><a href=\"https:\/\/elpais.com\/internacional\/2026-02-02\/el-congreso-de-estados-unidos-entra-en-panico-ante-el-riesgo-de-que-se-prolongue-el-cierre-parcial-del-gobierno.html#?rel=lom\">El Congreso de Estados Unidos entra en p\u00e1nico ante el riesgo de que se prolongue el cierre parcial del Gobierno<\/a><\/li>\n<li><a href=\"https:\/\/elpais.com\/sociedad\/2026-02-02\/espana-tarda-casi-un-ano-en-publicar-las-causas-de-muerte-un-plazo-que-lastra-la-vigilancia-sanitaria.html#?rel=lom\">Espa\u00f1a tarda casi un a\u00f1o en publicar las causas de muerte, un plazo que lastra la vigilancia sanitaria<\/a><\/li>\n<li><a href=\"https:\/\/elpais.com\/espana\/2026-02-02\/feijoo-sobre-la-dimision-de-mazon-se-da-cuenta-de-que-cuando-la-gente-no-te-da-la-razon-lo-mas-honesto-es-irte.html#?rel=lom\">Feij\u00f3o, sobre la dimisi\u00f3n de Maz\u00f3n: \u201cSe da cuenta de que, cuando la gente no te da la raz\u00f3n, lo m\u00e1s honesto es irte\u201d<\/a><\/li>\n<li><a href=\"https:\/\/elpais.com\/internacional\/2026-02-02\/un-frances-de-24-anos-se-presenta-en-el-hospital-con-un-obus-de-la-i-guerra-mundial-en-el-recto.html#?rel=lom\">Un franc\u00e9s de 24 a\u00f1os se presenta en el hospital con un ob\u00fas de la I Guerra Mundial en el recto<\/a><\/li>\n<li><a href=\"https:\/\/elpais.com\/videos\/2026-02-02\/liam-conejo-el-nino-de-cinco-anos-detenido-por-el-ice-se-sienta-con-el-piloto-durante-el-vuelo-de-vuelta-a-minneapolis-tras-ser-liberado.html#?rel=lom\">Liam Conejo, el ni\u00f1o de cinco a\u00f1os detenido por el ICE, se sienta con el piloto durante el vuelo de vuelta a Minneapolis tras ser liberado<\/a><\/li>\n<\/ol>\n<\/div>\n<\/aside>\n<\/div>\n<\/article>\n<article class=\"c  c--m-n   \" data-word=\"0\">\n<header class=\"c_h\"><time datetime=\"2026-02-03T18:17:10+01:00\" class=\"c_da\">18:17<\/time><\/p>\n<h2 class=\"c_t \"><a href=\"https:\/\/elpais.com\/america\/2026-02-03\/al-menos-15-peregrinos-muertos-en-brasil-en-un-accidente-de-autobus.html\">Al menos 15 peregrinos muertos en Brasil en un accidente de autob\u00fas<\/a><\/h2>\n<\/header>\n<\/article>\n<article class=\"c  c--m-n   \" data-word=\"0\">\n<header class=\"c_h\"><time datetime=\"2026-02-03T18:11:02+01:00\" class=\"c_da\">18:11<\/time><\/p>\n<h2 class=\"c_t \"><a href=\"https:\/\/elpais.com\/gente\/2026-02-03\/condenan-a-tres-anos-de-prision-a-uno-de-los-ladrones-que-intento-entrar-en-la-habitacion-de-anya-taylor-joy.html\">Condenan a tres a\u00f1os de prisi\u00f3n a uno de los ladrones que intent\u00f3 entrar en la habitaci\u00f3n de Anya Taylor-Joy<\/a><\/h2>\n<\/header>\n<\/article>\n<article class=\"c  c--m-n   \" data-word=\"0\">\n<header class=\"c_h\"><time datetime=\"2026-02-03T18:10:20+01:00\" class=\"c_da\">18:10<\/time><\/p>\n<h2 class=\"c_t \"><a href=\"https:\/\/elpais.com\/espana\/madrid\/2026-02-03\/el-controvertido-caso-del-desahucio-de-paca-blanco-12-anos-de-okupa-en-un-piso-del-ayuntamiento.html\">El controvertido caso del desahucio de Paca Blanco: 12 a\u00f1os de okupa en un piso del Ayuntamiento<\/a><\/h2>\n<\/header>\n<\/article>\n<article class=\"c  c--m-n   \" data-word=\"0\">\n<header class=\"c_h\"><time datetime=\"2026-02-03T17:54:05+01:00\" class=\"c_da\">17:54<\/time><\/p>\n<h2 class=\"c_t \"><a href=\"https:\/\/elpais.com\/economia\/2026-02-03\/bruselas-alerta-a-la-junta-de-andalucia-de-que-es-ilegal-duplicar-el-registro-pisos-turisticos-creando-uno-autonomico.html\">Bruselas alerta a la Junta de Andaluc\u00eda de que es ilegal duplicar el registro de pisos tur\u00edsticos creando uno auton\u00f3mico<\/a><\/h2>\n<\/header>\n<\/article>\n<p>[analyse_source url=&#8221;https:\/\/elpais.com\/ciencia\/2026-01-29\/la-genetica-determina-mas-de-la-mitad-de-los-anos-que-viviras.html&#8221;]<\/p>\n","protected":false},"excerpt":{"rendered":"<p>[analyse_image type=&#8221;featured&#8221; src=&#8221;https:\/\/imagenes.elpais.com\/resizer\/v2\/FNV4IETTYJCR7L7TQM5DAXE2AM.jpg?auth=1c8cb3fec4f07c7366f76f622028606465e0bd610b42114cbf0d768467dc65c2&amp;width=1200&#8243;] Envejecimiento La gen\u00e9tica determina m\u00e1s de la mitad de los a\u00f1os que vivir\u00e1s Una nueva revisi\u00f3n de datos de miles de gemelos calcula que hasta el 55% de la duraci\u00f3n de la vida es hereditaria El estudio ha analizado datos de 14.000 gemelos.Ryan McVay (Getty Images) Nu\u00f1o Dom\u00ednguez 29 ene 2026 &#8211; [&hellip;]<\/p>\n","protected":false},"author":1,"featured_media":0,"comment_status":"open","ping_status":"","sticky":false,"template":"","format":"standard","meta":{"footnotes":""},"categories":[88],"tags":[226,92],"class_list":["post-1745167","post","type-post","status-publish","format-standard","hentry","category-spain","tag-crawlmanager","tag-elpais-com"],"_links":{"self":[{"href":"https:\/\/analyse.optim.biz\/index.php?rest_route=\/wp\/v2\/posts\/1745167","targetHints":{"allow":["GET"]}}],"collection":[{"href":"https:\/\/analyse.optim.biz\/index.php?rest_route=\/wp\/v2\/posts"}],"about":[{"href":"https:\/\/analyse.optim.biz\/index.php?rest_route=\/wp\/v2\/types\/post"}],"author":[{"embeddable":true,"href":"https:\/\/analyse.optim.biz\/index.php?rest_route=\/wp\/v2\/users\/1"}],"replies":[{"embeddable":true,"href":"https:\/\/analyse.optim.biz\/index.php?rest_route=%2Fwp%2Fv2%2Fcomments&post=1745167"}],"version-history":[{"count":0,"href":"https:\/\/analyse.optim.biz\/index.php?rest_route=\/wp\/v2\/posts\/1745167\/revisions"}],"wp:attachment":[{"href":"https:\/\/analyse.optim.biz\/index.php?rest_route=%2Fwp%2Fv2%2Fmedia&parent=1745167"}],"wp:term":[{"taxonomy":"category","embeddable":true,"href":"https:\/\/analyse.optim.biz\/index.php?rest_route=%2Fwp%2Fv2%2Fcategories&post=1745167"},{"taxonomy":"post_tag","embeddable":true,"href":"https:\/\/analyse.optim.biz\/index.php?rest_route=%2Fwp%2Fv2%2Ftags&post=1745167"}],"curies":[{"name":"wp","href":"https:\/\/api.w.org\/{rel}","templated":true}]}}