{"id":1744305,"date":"2026-02-02T07:46:21","date_gmt":"2026-02-02T04:46:21","guid":{"rendered":"https:\/\/analyse.optim.biz\/?p=1744305"},"modified":"2026-02-02T07:46:21","modified_gmt":"2026-02-02T04:46:21","slug":"hellas-salta-kouame-ufficiale-edmundsson-riscattato-bella-kotchap-belahyane-non-torna","status":"publish","type":"post","link":"https:\/\/analyse.optim.biz\/?p=1744305","title":{"rendered":"Hellas, salta Kouam\u00e8, ufficiale Edmundsson, riscattato Bella-Kotchap. Belahyane non torna"},"content":{"rendered":"<p>[analyse_image type=&#8221;featured&#8221; src=&#8221;https:\/\/gfx.larena.it\/image\/contentid\/policy:1.12916687:1770060225\/image.jpg?f=16&#215;9&amp;h=450&amp;w=800&amp;$p$f$h$w=7061f55&#8243;]<\/p>\n<div class=\"lbox-main\">\n<div class=\"content-parts\">\n<div class=\"content-heading\">\n<div class=\"subhead glyph\">Serie A<\/div>\n<h1>Hellas, salta Kouam\u00e8, ufficiale Edmundsson, riscattato Bella-Kotchap. Belahyane non torna<\/h1>\n<div class=\"signatures\">\n<div class=\"signature\">Riccardo Verz\u00e8<\/div>\n<\/div>\n<div class=\"summary\">Tutte le trattative concluse dal Verona nella sessione di mercato di gennaio-febbraio<\/div>\n<\/div>\n<div class=\"content-date-share\">\n<div class=\"content-date\">02 febbraio 2026<\/div>\n<ul class=\"share-links\">\n<li>\n<li>\n<li><a target=\"_blank\" class=\"share-twitter\" title=\"Condividi su Twitter\" href=\"https:\/\/twitter.com\/intent\/tweet?text=Hellas%2C+salta+Kouam%C3%A8%2C+ufficiale+Edmundsson%2C+riscattato+Bella-Kotchap.+Belahyane+non+torna&amp;url=https:\/\/www.larena.it\/argomenti\/sport\/hellas-verona\/mercato-hellas-verona-zanetti-belahayane-acquisti-cessioni-gennaio-1.12915904\"><img loading=\"lazy\" decoding=\"async\" src=\"https:\/\/gfx.larena.it\/gfx\/lib\/ath-v1\/image\/twitter-x-white.svg\" width=\"20\" height=\"20\"><\/a><\/li>\n<li><\/ul>\n<\/div>\n<div class=\"sticky-footer\">\n<div class=\"share-footer d-lg-none\">\n<ul class=\"share-links\">\n<li>\n<li>\n<li><a target=\"_blank\" class=\"share-twitter\" title=\"Condividi su Twitter\" href=\"https:\/\/twitter.com\/intent\/tweet?text=Hellas%2C+salta+Kouam%C3%A8%2C+ufficiale+Edmundsson%2C+riscattato+Bella-Kotchap.+Belahyane+non+torna&amp;url=https:\/\/www.larena.it\/argomenti\/sport\/hellas-verona\/mercato-hellas-verona-zanetti-belahayane-acquisti-cessioni-gennaio-1.12915904\"><img loading=\"lazy\" decoding=\"async\" src=\"https:\/\/gfx.larena.it\/gfx\/lib\/ath-v1\/image\/twitter-x-white.svg\" width=\"20\" height=\"20\"><\/a><\/li>\n<li><\/ul>\n<\/div>\n<\/div>\n<div class=\"content-picture\">\n<div class=\"content-media content-media-backup\">\n<figure class=\"kh-lightbox\" data-src=\"https:\/\/gfx.larena.it\/image\/contentid\/policy:1.12916687:1770060225\/image.jpg?f=default&amp;w=1024&amp;$p$f$w=336aa8e\" data-caption=\"Christian Kouam\u00e8\">\n<div class=\"aspected-image\" data-aspect=\"16x9\"><img loading=\"lazy\" decoding=\"async\" src=\"https:\/\/gfx.larena.it\/image\/contentid\/policy:1.12916687:1770060225\/image.jpg?f=16x9&amp;h=421&amp;w=750&amp;%24p%24f%24h%24w=597732e\" alt=\"Christian Kouam\u00e8\" width=\"750\" height=\"421\"><\/div>\n<\/figure>\n<div class=\"caption\">\n      Christian Kouam\u00e8\n          <\/div>\n<\/div>\n<div class=\"content-media content-media-main\">\n<figure class=\"kh-lightbox\" data-src=\"https:\/\/gfx.larena.it\/image\/contentid\/policy:1.12916687:1770060225\/image.jpg?f=default&amp;w=1024&amp;$p$f$w=336aa8e\" data-caption=\"Christian Kouam\u00e8\">\n<div class=\"aspected-image\" data-aspect=\"16x9\"><img loading=\"lazy\" decoding=\"async\" src=\"https:\/\/gfx.larena.it\/image\/contentid\/policy:1.12916687:1770060225\/image.jpg?f=16x9&amp;h=421&amp;w=750&amp;%24p%24f%24h%24w=597732e\" alt=\"Christian Kouam\u00e8\" width=\"750\" height=\"421\"><\/div>\n<\/figure>\n<div class=\"caption\">\n      Christian Kouam\u00e8\n          <\/div>\n<\/div>\n<\/div>\n<div id=\"banner-h7\" class=\"banner \">\n<div id=\"div-gpt-ad-h7\" class=\"gam-banner\"><\/div>\n<\/div>\n<div class=\"paywall-meter-floating\">\n<div class=\"paywall-meter-inner2 container\">\n<div class=\"claim\">\n<div class=\"main\">\n        Meno di 2 centesimi al giorno per sbloccare tutti i contenuti del sito web per 3 mesi.\n      <\/div>\n<\/div>\n<\/div>\n<div class=\"subscribe\"><a href=\"https:\/\/store.larena.it\/abbonamenti\/sottoscrizione\/offerta-speciale\/425FFA73140849\/\" class=\"btn btn-contrast\" data-dlevent='{\"event\":\"select_content\",\"content_type\":\"cta_abbonati\",\"position\":\"meter_bar\"}'><\/p>\n<p>         Abbonati ora<\/p>\n<p>      <\/a><\/div>\n<\/div>\n<\/div>\n<div class=\"content-body \">\n<p>Si \u00e8 chiusa la sessione di mercato invernale del campionato di Serie A. Ecco gli acquisti e le cessioni del Verona.<\/p>\n<h2>Il ritorno mancato<\/h2>\n<p><strong>\u00a0Reda Belahyane, dopo un corteggiamento durato un paio di settimane, non torna al Verona.<\/strong>\u00a0C&#8217;era l&#8217;accordo per il <strong>prestito secco con la Lazio<\/strong>, una delle squadre con le quali i rapporti sono pi\u00f9 solidi. Ma la cessione da parte del club biancoceleste di Vecino ha spinto Sarri a chiedere che non venisse ceduto anche il centrocampista 21enne.<\/p>\n<h2>Le cessioni<\/h2>\n<p>Nel pomeriggio la conferma della cessione a titolo definitivo di <strong>Alphadjo Cisse<\/strong> al Milan. Il classe 2006 Il giocatore rimarr\u00e0 all&#8217;Unione Sportiva Catanzaro 1929 fino al 30 giugno 2026. \u00abHellas Verona FC saluta e ringrazia Cisse, augurandogli le migliori soddisfazioni per il prosieguo della sua carriera sportiva\u00bb, si legge in una nota. Nelle casse del Verona circa otto milioni di euro. Venti ne erano arrivati dalla <a href=\"https:\/\/www.larena.it\/argomenti\/sport\/hellas-verona\/cessioni-gennaio-mercato-hellas-verona-giovane-jorginho-napoli-1.12908659\" target=\"_blank\"><strong>cessione di Giovane<\/strong><\/a> al Napoli.<\/p>\n<p><strong>Enzo Ebosse<\/strong>, utilizzato soltanto nelle ultime gare vista l&#8217;emergenza in difesa, torna all&#8217;Udinese (che l&#8217;aveva dato in prestito al Verona) e parte per un nuovo prestito al Torino.<\/p>\n<p>\u00a0<\/p>\n<h2>Colpi fatti<\/h2>\n<div class=\"content-media\">\n<figure class=\"kh-lightbox\" data-src=\"https:\/\/gfx.larena.it\/image\/contentid\/policy:1.12916626:1770057581\/image.jpg?f=default&amp;w=1024&amp;$p$f$w=336aa8e\" data-caption=\"Andrias Edmundsson\">\n<div class=\"aspected-image\" data-aspect=\"16x9\"><img loading=\"lazy\" decoding=\"async\" class=\"lazyload\" src=\"https:\/\/gfx.larena.it\/image\/contentid\/policy:1.12916626:1770057581\/image.jpg?f=16x9&amp;h=421&amp;w=750&amp;%24p%24f%24h%24w=597732e\" alt=\"Andrias Edmundsson\" width=\"750\" height=\"421\"><\/div>\n<\/figure>\n<div class=\"caption\">\n      Andrias Edmundsson<br \/>\n            <span class=\"byline\">(Fotoexpress)<\/span><\/div>\n<\/div>\n<p>I colpi fatti sono quelli<strong> di Lirola, Isaac, Lovric, <a href=\"https:\/\/www.larena.it\/argomenti\/sport\/hellas-verona\/kieron-bowie-hellas-verona-1.12913317\" target=\"_blank\">Bowie<\/a><\/strong>, e<strong>\u00a0di<a href=\"https:\/\/www.larena.it\/argomenti\/sport\/hellas-verona\/arriva-edmundosson-primo-giocatore-delle-faroe-della-storia-del-verona-1.12916268\" target=\"_blank\"> Andrias Edmundsson<\/a><\/strong><a href=\"https:\/\/www.larena.it\/argomenti\/sport\/hellas-verona\/arriva-edmundosson-primo-giocatore-delle-faroe-della-storia-del-verona-1.12916268\" target=\"_blank\">, difensore delle Isole Far\u00f6e<\/a> arrivato dal Wisla Plock. Per lui si parla di un <strong>esborso di tre milioni di euro.<\/strong><\/p>\n<p><strong>Armel Bella-Kotchap<\/strong> \u00e8 stato riscatto dal Southampton: per cinque milioni di euro il difensore 24enne tedesco ora \u00e8 tutto giallobl\u00f9. Per lui contratto fino al 2030.<\/p>\n<p>La sorpresa di fine mercato era data dall\u2019arrivo in prestito dalla Fiorentina di Christian Michael Kouakou <strong>Kouam\u00e9<\/strong>, attaccante ivorniano 28enne. Un &#8216;illusione durata pochi minuti. Documentazione incompleta, trasferimento saltato.<\/p>\n<p>\u00a0<\/p>\n<p>\u00a0<\/p>\n<h2>Le difficolt\u00e0<\/h2>\n<p>La <a href=\"https:\/\/www.larena.it\/argomenti\/sport\/hellas-verona\/hellas-verona-addio-allenatore-zanetti-1.12916025\" target=\"_blank\"><strong>questione Zanetti <\/strong><\/a>aveva messo un po\u2019 in secondo piano alcune delle \u00absassate\u00bb di Sogliano scagliate nel post partita di Cagliari. Su tutte, un\u2019ammissione di oggettiva difficolt\u00e0: <strong>\u00abFare mercato con questa classifica \u00e8 complicato<\/strong>. Non nascondo che tanti giocatori hanno preferito non venire\u00bb. Unito alla necessit\u00e0 di chiudere con un bilancio entrate uscite positive (e con Giovane l\u2019obiettivo \u00e8 centrato, al momento l\u2019Hellas ha investito circa la met\u00e0 di quanto incassato), un altro elemento con cui fare i conti da qui a stasera.<\/p>\n<p>\u00a0<\/p>\n<\/div>\n<div class=\"copyright\">\n  \u00a9 Riproduzione riservata\n<\/div>\n<div class=\"whatsapp-channel-link\">\n<p>L\u2019Arena \u00e8 su Whatsapp. <a href=\"https:\/\/whatsapp.com\/channel\/0029VaDsUGg1XquVqR4ZZC43\" target=\"_blank\">Clicca qui<\/a> per iscriverti al nostro canale e rimanere aggiornato in tempo reale.<\/p>\n<\/div>\n<div class=\"content-contribute margin-bottom-default\"><a rel=\"nofollow\" data-pushbar-target=\"comments-pushbar\" class=\"comments\" href=\"https:\/\/www.larena.it\/argomenti\/sport\/hellas-verona\/mercato-hellas-verona-zanetti-belahayane-acquisti-cessioni-gennaio-1.12915904\"><br \/>\n        Commenti (<span class=\"comment-count\">0<\/span>)<br \/>\n    <\/a><a rel=\"nofollow\" class=\"contribute d-none d-lg-inline\" href=\"https:\/\/www.larena.it\/spazio-lettori\/whatsapp\">\u00a0 Contribuisci alla notizia<\/a><a rel=\"nofollow\" class=\"contribute d-inline d-lg-none\" href=\"https:\/\/www.larena.it\/spazio-lettori\/whatsapp\">\u00a0 Contribuisci<\/a><\/div>\n<aside id=\"comments-pushbar\" class=\"sidebar sidebar-comments comments-zone\" data-pushbar-id=\"comments-pushbar\" data-pushbar-direction=\"right\">\n<div class=\"sidebar-header\">\n<div class=\"navbar navbar-expand d-flex justify-content-between\">\n<ul class=\"navbar-nav\">\n<li><\/ul>\n<ul class=\"navbar-nav\">\n<li>\n<h5>Commenti (<span class=\"comment-count\">0<\/span>)<\/h5>\n<\/li>\n<\/ul>\n<\/div>\n<\/div>\n<div class=\"sidebar-main sidebar-main-scroll\">\n<div class=\"comments-container\">\n<div class=\"spinner\"><img decoding=\"async\" src=\"https:\/\/gfx.larena.it\/gfx\/siti\/quotidiani_web-v3\/images\/spinners\/ajax-loader.gif\" alt=\"spinner\"><\/div>\n<\/div>\n<\/div>\n<div class=\"sidebar-footer\">\n<div class=\"comments-container foot\"><a class=\"comment-new-form-toggler btn btn-secondary btn-sm\" rel=\"nofollow\" href=\"https:\/\/www.larena.it\/argomenti\/sport\/hellas-verona\/mercato-hellas-verona-zanetti-belahayane-acquisti-cessioni-gennaio-1.12915904\">Commenta<\/a><\/p>\n<div class=\"buttons\">\n<div class=\"privacy\"><b>Informativa privacy:<\/b> L\u2019invio di un commento pu\u00f2 comportare il trattamento di dati personali: per maggiori informazioni sulle modalit\u00e0 di trattamento e l\u2019esercizio dei diritti consultare le nostre Informazioni sulla Privacy e l\u2019informativa estesa sui cookie presenti in calce al sito web.<\/div>\n<p><button type=\"button\" class=\"btn btn-primary submit\">Invia<\/button><\/div>\n<div class=\"comment-thankyou\">Grazie per aver inviato un commento. L&#8217;intervento non sar\u00e0 pubblicato fino a quando il moderatore non lo avr\u00e0 letto ed approvato. I commenti ritenuti inadatti o offensivi non saranno pubblicati.<\/div>\n<\/div>\n<\/div>\n<\/aside>\n<\/div>\n<p>[analyse_source url=&#8221;https:\/\/www.larena.it\/argomenti\/sport\/hellas-verona\/mercato-hellas-verona-zanetti-belahayane-acquisti-cessioni-gennaio-1.12915904&#8243;]<\/p>\n","protected":false},"excerpt":{"rendered":"<p>[analyse_image type=&#8221;featured&#8221; src=&#8221;https:\/\/gfx.larena.it\/image\/contentid\/policy:1.12916687:1770060225\/image.jpg?f=16&#215;9&amp;h=450&amp;w=800&amp;$p$f$h$w=7061f55&#8243;] Serie A Hellas, salta Kouam\u00e8, ufficiale Edmundsson, riscattato Bella-Kotchap. Belahyane non torna Riccardo Verz\u00e8 Tutte le trattative concluse dal Verona nella sessione di mercato di gennaio-febbraio 02 febbraio 2026 Christian Kouam\u00e8 Christian Kouam\u00e8 Meno di 2 centesimi al giorno per sbloccare tutti i contenuti del sito web per 3 mesi. Abbonati ora [&hellip;]<\/p>\n","protected":false},"author":1,"featured_media":0,"comment_status":"open","ping_status":"","sticky":false,"template":"","format":"standard","meta":{"footnotes":""},"categories":[87],"tags":[226,146],"class_list":["post-1744305","post","type-post","status-publish","format-standard","hentry","category-italy","tag-crawlmanager","tag-larena-it"],"_links":{"self":[{"href":"https:\/\/analyse.optim.biz\/index.php?rest_route=\/wp\/v2\/posts\/1744305","targetHints":{"allow":["GET"]}}],"collection":[{"href":"https:\/\/analyse.optim.biz\/index.php?rest_route=\/wp\/v2\/posts"}],"about":[{"href":"https:\/\/analyse.optim.biz\/index.php?rest_route=\/wp\/v2\/types\/post"}],"author":[{"embeddable":true,"href":"https:\/\/analyse.optim.biz\/index.php?rest_route=\/wp\/v2\/users\/1"}],"replies":[{"embeddable":true,"href":"https:\/\/analyse.optim.biz\/index.php?rest_route=%2Fwp%2Fv2%2Fcomments&post=1744305"}],"version-history":[{"count":0,"href":"https:\/\/analyse.optim.biz\/index.php?rest_route=\/wp\/v2\/posts\/1744305\/revisions"}],"wp:attachment":[{"href":"https:\/\/analyse.optim.biz\/index.php?rest_route=%2Fwp%2Fv2%2Fmedia&parent=1744305"}],"wp:term":[{"taxonomy":"category","embeddable":true,"href":"https:\/\/analyse.optim.biz\/index.php?rest_route=%2Fwp%2Fv2%2Fcategories&post=1744305"},{"taxonomy":"post_tag","embeddable":true,"href":"https:\/\/analyse.optim.biz\/index.php?rest_route=%2Fwp%2Fv2%2Ftags&post=1744305"}],"curies":[{"name":"wp","href":"https:\/\/api.w.org\/{rel}","templated":true}]}}