{"id":1744286,"date":"2026-01-31T22:49:46","date_gmt":"2026-01-31T19:49:46","guid":{"rendered":"https:\/\/analyse.optim.biz\/?p=1744286"},"modified":"2026-01-31T22:49:46","modified_gmt":"2026-01-31T19:49:46","slug":"siamo-tutti-in-crisi-ce-da-capire-se-siamo-in-grado-di-rialzarci-zanetti-normale-lo-si-valuti","status":"publish","type":"post","link":"https:\/\/analyse.optim.biz\/?p=1744286","title":{"rendered":"\u00abSiamo tutti in crisi, c&#8217;\u00e8 da capire se siamo in grado di rialzarci. Zanetti? Normale lo si valuti\u00bb"},"content":{"rendered":"<p>[analyse_image type=&#8221;featured&#8221; src=&#8221;https:\/\/gfx.larena.it\/image\/contentid\/policy:1.12915187:1769899680\/image.jpg?f=16&#215;9&amp;h=450&amp;w=800&amp;$p$f$h$w=7061f55&#8243;]<\/p>\n<div class=\"lbox-main\">\n<div class=\"content-parts\">\n<div class=\"content-heading\">\n<div class=\"subhead glyph\">Sogliano e la crisi Hellas<\/div>\n<h1>\u00abSiamo tutti in crisi, c&#8217;\u00e8 da capire se siamo in grado di rialzarci. Zanetti? Normale lo si valuti\u00bb<\/h1>\n<div class=\"signatures\">\n<div class=\"signature\">Simone Antolini<\/div>\n<\/div>\n<div class=\"summary\">Quando le cose vanno male, l&#8217;allenatore \u00e8 il ruolo principale, Ma non dobbiamo tenere le teste basse\u00bb<\/div>\n<\/div>\n<div class=\"content-date-share\">\n<div class=\"content-date\">31 gennaio 2026<\/div>\n<ul class=\"share-links\">\n<li>\n<li>\n<li><a target=\"_blank\" class=\"share-twitter\" title=\"Condividi su Twitter\" href=\"https:\/\/twitter.com\/intent\/tweet?text=%C2%ABSiamo+tutti+in+crisi%2C+c%27%C3%A8+da+capire+se+siamo+in+grado+di+rialzarci.+Zanetti%3F+Normale+lo+si+valuti%C2%BB&amp;url=https:\/\/www.larena.it\/argomenti\/sport\/hellas-verona\/sogliano-crisi-hellas-zanzi-verona-1.12915182\"><img loading=\"lazy\" decoding=\"async\" src=\"https:\/\/gfx.larena.it\/gfx\/lib\/ath-v1\/image\/twitter-x-white.svg\" width=\"20\" height=\"20\"><\/a><\/li>\n<li><\/ul>\n<\/div>\n<div class=\"sticky-footer\">\n<div class=\"share-footer d-lg-none\">\n<ul class=\"share-links\">\n<li>\n<li>\n<li><a target=\"_blank\" class=\"share-twitter\" title=\"Condividi su Twitter\" href=\"https:\/\/twitter.com\/intent\/tweet?text=%C2%ABSiamo+tutti+in+crisi%2C+c%27%C3%A8+da+capire+se+siamo+in+grado+di+rialzarci.+Zanetti%3F+Normale+lo+si+valuti%C2%BB&amp;url=https:\/\/www.larena.it\/argomenti\/sport\/hellas-verona\/sogliano-crisi-hellas-zanzi-verona-1.12915182\"><img loading=\"lazy\" decoding=\"async\" src=\"https:\/\/gfx.larena.it\/gfx\/lib\/ath-v1\/image\/twitter-x-white.svg\" width=\"20\" height=\"20\"><\/a><\/li>\n<li><\/ul>\n<\/div>\n<\/div>\n<div class=\"content-picture\">\n<div class=\"content-media content-media-backup\">\n<figure class=\"kh-lightbox\" data-src=\"https:\/\/gfx.larena.it\/image\/contentid\/policy:1.12915187:1769899680\/image.jpg?f=default&amp;w=1024&amp;$p$f$w=336aa8e\" data-caption=\"Sean Sogliano e Italo Zanzi a Cagliari\">\n<div class=\"aspected-image\" data-aspect=\"16x9\"><img loading=\"lazy\" decoding=\"async\" src=\"https:\/\/gfx.larena.it\/image\/contentid\/policy:1.12915187:1769899680\/image.jpg?f=16x9&amp;h=421&amp;w=750&amp;%24p%24f%24h%24w=597732e\" alt=\"Sean Sogliano e Italo Zanzi a Cagliari\" width=\"750\" height=\"421\"><\/div>\n<\/figure>\n<div class=\"caption\">\n      Sean Sogliano e Italo Zanzi a Cagliari<br \/>\n            <span class=\"byline\">(foto dado grigolini)<\/span><\/div>\n<\/div>\n<div class=\"content-media content-media-main\">\n<figure class=\"kh-lightbox\" data-src=\"https:\/\/gfx.larena.it\/image\/contentid\/policy:1.12915187:1769899680\/image.jpg?f=default&amp;w=1024&amp;$p$f$w=336aa8e\" data-caption=\"Sean Sogliano e Italo Zanzi a Cagliari\">\n<div class=\"aspected-image\" data-aspect=\"16x9\"><img loading=\"lazy\" decoding=\"async\" src=\"https:\/\/gfx.larena.it\/image\/contentid\/policy:1.12915187:1769899680\/image.jpg?f=16x9&amp;h=421&amp;w=750&amp;%24p%24f%24h%24w=597732e\" alt=\"Sean Sogliano e Italo Zanzi a Cagliari\" width=\"750\" height=\"421\"><\/div>\n<\/figure>\n<div class=\"caption\">\n      Sean Sogliano e Italo Zanzi a Cagliari<br \/>\n            <span class=\"byline\">(foto dado grigolini)<\/span><\/div>\n<\/div>\n<\/div>\n<div id=\"banner-h7\" class=\"banner \">\n<div id=\"div-gpt-ad-h7\" class=\"gam-banner\"><\/div>\n<\/div>\n<div class=\"paywall-meter-floating\">\n<div class=\"paywall-meter-inner2 container\">\n<div class=\"claim\">\n<div class=\"main\">\n        Meno di 2 centesimi al giorno per sbloccare tutti i contenuti del sito web per 3 mesi.\n      <\/div>\n<\/div>\n<\/div>\n<div class=\"subscribe\"><a href=\"https:\/\/store.larena.it\/abbonamenti\/sottoscrizione\/offerta-speciale\/425FFA73140849\/\" class=\"btn btn-contrast\" data-dlevent='{\"event\":\"select_content\",\"content_type\":\"cta_abbonati\",\"position\":\"meter_bar\"}'><\/p>\n<p>         Abbonati ora<\/p>\n<p>      <\/a><\/div>\n<\/div>\n<\/div>\n<div class=\"content-body \">\n<p>In sala stampa, dopo la grandinata di Cagliari, <strong>passa il diesse Sean Sogliano<\/strong>. Parla solo lui. Il momento \u00e8 duro e triste per l&#8217;Hellas, che in terra sarda ha toccato il fondo. Il 4-0 pesa.\u00a0 L&#8217;atteggiamento remissivo pure. Il Verona si \u00e8 squagliato. <strong>Brutto, inconcludente, fragile.<\/strong> Oggi difficilmente proponibile per questa serie A. La salvezza non dista ancora anni luce. Ma preoccupano impatto, idee (che mancano), fragilit\u00e0 e tendenza alla sofferenza pi\u00f9 estrema.<\/p>\n<p>\u00abIl momento \u00e8 complicato, la gara particolare.<strong> La squadra \u00e8 in difficolt\u00e0. Non \u00e8 riuscita ad essere compatta,<\/strong> e questa \u00e8 una cosa che mi dispiace molto. Poi, \u00e8 normale: abbiamo preso due tiri e due gol nel primo tempo.<strong> E giocare poi in dieci per una squadra in questo momento non forte \u00e8 difficile.<\/strong> E, infatti, lo abbiamo dimostrato che \u00e8 stato molto difficile per noi. Mi spiace: non sono contento. Non lo saranno i tifosi. Non lo \u00e8 nessuno di noi<strong>. E questo vale anche per allenatore e giocatori.<\/strong> C&#8217;\u00e8 poco da dire. Per\u00f2 bisogna trovare il modo di reagire. Lo dobbiamo a tutti e a noi stessi\u00bb-<\/p>\n<h2>Il futuro di Zanetti<\/h2>\n<p>\u00ab<strong>Normale ci siano valutazioni. Perch\u00e8 quando le cose vanno male, l&#8217;allenatore \u00e8 il ruolo principale<\/strong>. Ma lo sa bene anche lui. Questo \u00e8 il secondo anno che siamo insieme. Non dimentichiamo che il Verona in questi ultimi quattro anni si \u00e8 salvato una volta all&#8217;ultima giornata, una volta allo spareggio e una volta alla penultima. Quindi sappiamo che in questi quattro anni abbiamo attraversato tanti brutti momenti.<strong> L&#8217;allenatore \u00e8 in crisi. Come tutti, come me, come i giocatori.<\/strong> Per\u00f2 \u00e8 normale che in questo momento <strong>dobbiamo capire se siamo in grado di rialzarci o no.<\/strong> Oggi non \u00e8 tanto il momento di parlare. Giusto sia venuto io. Non avrebbe senso fossero venuti un giocatore o un allenatore. In questo momento non lo trovo utile. Quindi, adesso torniamo a casa con zero punti, in un momento difficile e pensiamo come reagire\u00bb<\/p>\n<h2>Il passato e i confronti<\/h2>\n<p>\u00abE&#8217; difficile come gli altri anni. In questo momento ci sono tante squadre che lottano per il nostro stesso obiettivo<strong> che sono molto attrezzate, che stanno dimostrando un carattere superiore a noi<\/strong> e sappiamo benissimo che ogni anno noi cambiamo tanti giocatori perch\u00e8 siamo obbligati. E sappiamo anche che certi giocatori li perdiamo<strong>. Ma sappiamo pure che anche nelle sconfitte bisogna salvare l&#8217;aspetto dell&#8217;orgoglio<\/strong>. E nelle partite difficili, dove si mettono male, bisogna fare di pi\u00f9 e stare pi\u00f9 uniti e questo aspetto, se manca, non va bene. Di sconfitte ne abbiamo fatte tante. Poi dalle sconfitte bisogna rialzarsi. Ma c&#8217;\u00e8 qualcosa che non mi piace a livello generale e bisogna pensare bene\u00bb<\/p>\n<h2>Il mercato in entrata<\/h2>\n<p>\u00abAbbiamo preso qualche giocatore<strong> e cerchiamo sempre di sostituire i giocatori che vanno, <\/strong>cercando di fare del nostro meglio anche se non \u00e8 facile perch\u00e8 bisogna dare del tempo. In questo momento qua avere un mercato con delle partite dove la classifica non \u00e8 buona \u00e8 complicato. Non nascondo <strong>che tanti giocatori hanno preferito non venire.<\/strong> Non mancano gli infortunati oggi e abbiamo tanti problemi. Ma anche nei problemi dobbiamo rialzare la testa e non avere le teste basse. Perch\u00e8 con le teste basse non riesci a cambiare le sorti della classifica\u00bb<\/p>\n<\/div>\n<div class=\"copyright\">\n  \u00a9 Riproduzione riservata\n<\/div>\n<div class=\"whatsapp-channel-link\">\n<p>L\u2019Arena \u00e8 su Whatsapp. <a href=\"https:\/\/whatsapp.com\/channel\/0029VaDsUGg1XquVqR4ZZC43\" target=\"_blank\">Clicca qui<\/a> per iscriverti al nostro canale e rimanere aggiornato in tempo reale.<\/p>\n<\/div>\n<div class=\"content-contribute margin-bottom-default\"><a rel=\"nofollow\" data-pushbar-target=\"comments-pushbar\" class=\"comments\" href=\"https:\/\/www.larena.it\/argomenti\/sport\/hellas-verona\/sogliano-crisi-hellas-zanzi-verona-1.12915182\"><br \/>\n        Commenti (<span class=\"comment-count\">0<\/span>)<br \/>\n    <\/a><a rel=\"nofollow\" class=\"contribute d-none d-lg-inline\" href=\"https:\/\/www.larena.it\/spazio-lettori\/whatsapp\">\u00a0 Contribuisci alla notizia<\/a><a rel=\"nofollow\" class=\"contribute d-inline d-lg-none\" href=\"https:\/\/www.larena.it\/spazio-lettori\/whatsapp\">\u00a0 Contribuisci<\/a><\/div>\n<aside id=\"comments-pushbar\" class=\"sidebar sidebar-comments comments-zone\" data-pushbar-id=\"comments-pushbar\" data-pushbar-direction=\"right\">\n<div class=\"sidebar-header\">\n<div class=\"navbar navbar-expand d-flex justify-content-between\">\n<ul class=\"navbar-nav\">\n<li><\/ul>\n<ul class=\"navbar-nav\">\n<li>\n<h5>Commenti (<span class=\"comment-count\">0<\/span>)<\/h5>\n<\/li>\n<\/ul>\n<\/div>\n<\/div>\n<div class=\"sidebar-main sidebar-main-scroll\">\n<div class=\"comments-container\">\n<div class=\"spinner\"><img decoding=\"async\" src=\"https:\/\/gfx.larena.it\/gfx\/siti\/quotidiani_web-v3\/images\/spinners\/ajax-loader.gif\" alt=\"spinner\"><\/div>\n<\/div>\n<\/div>\n<div class=\"sidebar-footer\">\n<div class=\"comments-container foot\"><a class=\"comment-new-form-toggler btn btn-secondary btn-sm\" rel=\"nofollow\" href=\"https:\/\/www.larena.it\/argomenti\/sport\/hellas-verona\/sogliano-crisi-hellas-zanzi-verona-1.12915182\">Commenta<\/a><\/p>\n<div class=\"buttons\">\n<div class=\"privacy\"><b>Informativa privacy:<\/b> L\u2019invio di un commento pu\u00f2 comportare il trattamento di dati personali: per maggiori informazioni sulle modalit\u00e0 di trattamento e l\u2019esercizio dei diritti consultare le nostre Informazioni sulla Privacy e l\u2019informativa estesa sui cookie presenti in calce al sito web.<\/div>\n<p><button type=\"button\" class=\"btn btn-primary submit\">Invia<\/button><\/div>\n<div class=\"comment-thankyou\">Grazie per aver inviato un commento. L&#8217;intervento non sar\u00e0 pubblicato fino a quando il moderatore non lo avr\u00e0 letto ed approvato. I commenti ritenuti inadatti o offensivi non saranno pubblicati.<\/div>\n<\/div>\n<\/div>\n<\/aside>\n<\/div>\n<p>[analyse_source url=&#8221;https:\/\/www.larena.it\/argomenti\/sport\/hellas-verona\/sogliano-crisi-hellas-zanzi-verona-1.12915182&#8243;]<\/p>\n","protected":false},"excerpt":{"rendered":"<p>[analyse_image type=&#8221;featured&#8221; src=&#8221;https:\/\/gfx.larena.it\/image\/contentid\/policy:1.12915187:1769899680\/image.jpg?f=16&#215;9&amp;h=450&amp;w=800&amp;$p$f$h$w=7061f55&#8243;] Sogliano e la crisi Hellas \u00abSiamo tutti in crisi, c&#8217;\u00e8 da capire se siamo in grado di rialzarci. Zanetti? Normale lo si valuti\u00bb Simone Antolini Quando le cose vanno male, l&#8217;allenatore \u00e8 il ruolo principale, Ma non dobbiamo tenere le teste basse\u00bb 31 gennaio 2026 Sean Sogliano e Italo Zanzi a Cagliari [&hellip;]<\/p>\n","protected":false},"author":1,"featured_media":0,"comment_status":"open","ping_status":"","sticky":false,"template":"","format":"standard","meta":{"footnotes":""},"categories":[87],"tags":[226,146],"class_list":["post-1744286","post","type-post","status-publish","format-standard","hentry","category-italy","tag-crawlmanager","tag-larena-it"],"_links":{"self":[{"href":"https:\/\/analyse.optim.biz\/index.php?rest_route=\/wp\/v2\/posts\/1744286","targetHints":{"allow":["GET"]}}],"collection":[{"href":"https:\/\/analyse.optim.biz\/index.php?rest_route=\/wp\/v2\/posts"}],"about":[{"href":"https:\/\/analyse.optim.biz\/index.php?rest_route=\/wp\/v2\/types\/post"}],"author":[{"embeddable":true,"href":"https:\/\/analyse.optim.biz\/index.php?rest_route=\/wp\/v2\/users\/1"}],"replies":[{"embeddable":true,"href":"https:\/\/analyse.optim.biz\/index.php?rest_route=%2Fwp%2Fv2%2Fcomments&post=1744286"}],"version-history":[{"count":0,"href":"https:\/\/analyse.optim.biz\/index.php?rest_route=\/wp\/v2\/posts\/1744286\/revisions"}],"wp:attachment":[{"href":"https:\/\/analyse.optim.biz\/index.php?rest_route=%2Fwp%2Fv2%2Fmedia&parent=1744286"}],"wp:term":[{"taxonomy":"category","embeddable":true,"href":"https:\/\/analyse.optim.biz\/index.php?rest_route=%2Fwp%2Fv2%2Fcategories&post=1744286"},{"taxonomy":"post_tag","embeddable":true,"href":"https:\/\/analyse.optim.biz\/index.php?rest_route=%2Fwp%2Fv2%2Ftags&post=1744286"}],"curies":[{"name":"wp","href":"https:\/\/api.w.org\/{rel}","templated":true}]}}