{"id":174361,"date":"2015-09-24T13:33:42","date_gmt":"2015-09-24T10:33:42","guid":{"rendered":"https:\/\/analyse.optim.biz\/?p=174361"},"modified":"2015-09-24T13:33:42","modified_gmt":"2015-09-24T10:33:42","slug":"liviu-dragnea-niciun-partid-nu-are-o-solutie-pentru-primaria-capitalei","status":"publish","type":"post","link":"https:\/\/analyse.optim.biz\/?p=174361","title":{"rendered":"Liviu Dragnea: Niciun partid nu are o solu\u0163ie pentru prim\u0103ria Capitalei"},"content":{"rendered":"<div class=\"entry data-app-meta data-app-meta-article\" data-embed-base-url-canonical=\"https:\/\/www.digi24.ro\/embed\/stiri\/actualitate\/politica\/liviu-dragnea-niciun-partid-nu-are-o-solutie-pentru-primaria-capitalei-441324\">\n<p data-index=\"1\">\u00cen acest moment, \u00een mod cinstit, niciun partid nu are nicio solu\u021bie pentru Capital\u0103. Asta nu \u00eenseamn\u0103 c\u0103 nu putem avea m\u00e2ine. Dar \u00een acest moment nici UNPR, nici PNL, nici PSD nu au o solu\u021bie serioas\u0103 pentru Prim\u0103ria Capitalei, adic\u0103 un om care, odat\u0103 ajuns primar general, continu\u0103 proiectele din Bucure\u0219ti care sunt importante, dar asta nu \u00eenseamn\u0103 c\u0103 nu vom g\u0103si\u201d, a spus Liviu Dragnea.<\/p>\n<\/div>\n<p> Source URL: https:\/\/www.digi24.ro\/stiri\/actualitate\/politica\/liviu-dragnea-niciun-partid-nu-are-o-solutie-pentru-primaria-capitalei-441324<\/p>\n","protected":false},"excerpt":{"rendered":"<p>\u00cen acest moment, \u00een mod cinstit, niciun partid nu are nicio solu\u021bie pentru Capital\u0103. Asta nu \u00eenseamn\u0103 c\u0103 nu putem avea m\u00e2ine. Dar \u00een acest moment nici UNPR, nici PNL, nici PSD nu au o solu\u021bie serioas\u0103 pentru Prim\u0103ria Capitalei, adic\u0103 un om care, odat\u0103 ajuns primar general, continu\u0103 proiectele din Bucure\u0219ti care sunt importante, [&hellip;]<\/p>\n","protected":false},"author":1,"featured_media":174362,"comment_status":"open","ping_status":"","sticky":false,"template":"","format":"standard","meta":{"footnotes":""},"categories":[2],"tags":[11],"class_list":["post-174361","post","type-post","status-publish","format-standard","has-post-thumbnail","hentry","category-politics","tag-digi24"],"_links":{"self":[{"href":"https:\/\/analyse.optim.biz\/index.php?rest_route=\/wp\/v2\/posts\/174361","targetHints":{"allow":["GET"]}}],"collection":[{"href":"https:\/\/analyse.optim.biz\/index.php?rest_route=\/wp\/v2\/posts"}],"about":[{"href":"https:\/\/analyse.optim.biz\/index.php?rest_route=\/wp\/v2\/types\/post"}],"author":[{"embeddable":true,"href":"https:\/\/analyse.optim.biz\/index.php?rest_route=\/wp\/v2\/users\/1"}],"replies":[{"embeddable":true,"href":"https:\/\/analyse.optim.biz\/index.php?rest_route=%2Fwp%2Fv2%2Fcomments&post=174361"}],"version-history":[{"count":0,"href":"https:\/\/analyse.optim.biz\/index.php?rest_route=\/wp\/v2\/posts\/174361\/revisions"}],"wp:featuredmedia":[{"embeddable":true,"href":"https:\/\/analyse.optim.biz\/index.php?rest_route=\/wp\/v2\/media\/174362"}],"wp:attachment":[{"href":"https:\/\/analyse.optim.biz\/index.php?rest_route=%2Fwp%2Fv2%2Fmedia&parent=174361"}],"wp:term":[{"taxonomy":"category","embeddable":true,"href":"https:\/\/analyse.optim.biz\/index.php?rest_route=%2Fwp%2Fv2%2Fcategories&post=174361"},{"taxonomy":"post_tag","embeddable":true,"href":"https:\/\/analyse.optim.biz\/index.php?rest_route=%2Fwp%2Fv2%2Ftags&post=174361"}],"curies":[{"name":"wp","href":"https:\/\/api.w.org\/{rel}","templated":true}]}}