{"id":1743528,"date":"2026-01-29T16:01:10","date_gmt":"2026-01-29T13:01:10","guid":{"rendered":"https:\/\/analyse.optim.biz\/?p=1743528"},"modified":"2026-01-29T16:01:10","modified_gmt":"2026-01-29T13:01:10","slug":"la-justicia-obliga-a-paises-bajos-a-proteger-sus-territorios-del-caribe-de-la-subida-del-mar","status":"publish","type":"post","link":"https:\/\/analyse.optim.biz\/?p=1743528","title":{"rendered":"La justicia obliga a Pa\u00edses Bajos a proteger sus territorios del Caribe de la subida del mar"},"content":{"rendered":"<article id=\"main-content\" class=\"a _g _g-lg _g-o\">\n<header class=\"a_e _g _g-xs\">\n<div class=\"a_e_txt _df\">\n<div class=\"a_k _df\"><a class=\"a_k_n\" href=\"https:\/\/elpais.com\/noticias\/emergencia-climatica\/%20\">Emergencia clim\u00e1tica<\/a><\/div>\n<h1 class=\"a_t\">La justicia obliga a Pa\u00edses Bajos a proteger sus territorios del Caribe de la subida del mar <\/h1>\n<p class=\"a_st\">El fallo estima que los habitantes de la isla de Bonaire no han sido tratados como los neerlandeses de Europa ante los efectos del cambio clim\u00e1tico<\/p>\n<\/div>\n<div class=\"a_e_m\">\n<figure class=\"a_m a_m-h \"><span class=\"a_m_w _db\"><img fetchpriority=\"high\" decoding=\"async\" alt=\"Playa de la isla caribe\u00f1a de Bonaire\" class=\"_re  a_m-h\" height=\"233\" width=\"414\" src=\"https:\/\/analyse.optim.biz\/wp-content\/uploads\/2026\/02\/3yqyy2rrnjelffipbizubiviwe-1.jpg\" loading=\"eager\" title=\"3yqyy2rrnjelffipbizubiviwe-1\"><\/span><figcaption class=\"a_m_p\" aria-hidden=\"true\"><span>Playa de la isla caribe\u00f1a de Bonaire. <\/span><span class=\"a_m_m\">Panther Media Global \/ Alamy Stock Photo (Alamy Stock Photo)<\/span><\/figcaption><\/figure>\n<\/div>\n<\/header>\n<div class=\"a_md _g _g-xs \">\n<figure class=\"a_md_i a_m-h c_m--nf\"><span class=\"a_m_w _db\"><img decoding=\"async\" alt=\"Isabel Ferrer\" class=\"_re lazyload a_m-h\" height=\"100\" width=\"100\" src=\"https:\/\/analyse.optim.biz\/wp-content\/uploads\/2026\/02\/https3a2f2fs3-amazonaws-com2farc-authors2fprisa2f8b95639c-d8ad-4697-89e7-0a8b128cb4e1.jpg\" loading=\"lazy\" title=\"https3a2f2fs3-amazonaws-com2farc-authors2fprisa2f8b95639c-d8ad-4697-89e7-0a8b128cb4e1\"><\/span><\/figure>\n<div class=\"a_md_txt\">\n<div class=\"a_md_a\" data-dtm-region=\"articulo_firma\"><a href=\"https:\/\/elpais.com\/autor\/isabel-ferrer\/#?rel=author_top\" title=\"Ver todas las noticias de Isabel Ferrer\" class=\"a_md_a_n\">Isabel Ferrer<\/a><\/div>\n<div class=\"a_md_f\"><span>La Haya &#8211; <a href=\"https:\/\/elpais.com\/hemeroteca\/2026-01-29\/\" data-date=\"2026-01-29T17:01:10+01:00\"><time data-date=\"2026-01-29T17:01:10+01:00\" datetime=\"2026-01-29T17:01:10+01:00\" id=\"article_date_p\">29 ene 2026 &#8211; 17:01<abbr title=\"Central European Time\">CET<\/abbr><\/time><\/a><\/span><\/div>\n<div class=\"w_rs\" data-dtm-region=\"articulo_botonera-social\">\n<div class=\"w_rs_i\"><a class=\"_btn hidden\" href=\"\/\/send?text=La%20justicia%20obliga%20a%20Pa%C3%ADses%20Bajos%20a%20proteger%20sus%20territorios%20del%20Caribe%20de%20la%20subida%20del%20mar%20%0D%0A%0D%0Ahttps%3A%2F%2Felpais.com%2Fclima-y-medio-ambiente%2F2026-01-29%2Fla-justicia-obliga-a-paises-bajos-a-proteger-sus-territorios-del-caribe-de-la-subida-del-mar.html%3Fssm=whatsapp_CC\" data-action=\"share\/whatsapp\/share\" data-param-description=\"La justicia obliga a Pa\u00edses Bajos a proteger sus territorios del Caribe de la subida del mar \" data-param-href=\"https:\/\/elpais.com\/clima-y-medio-ambiente\/2026-01-29\/la-justicia-obliga-a-paises-bajos-a-proteger-sus-territorios-del-caribe-de-la-subida-del-mar.html\" data-param-text=\"La justicia obliga a Pa\u00edses Bajos a proteger sus territorios del Caribe de la subida del mar  https:\/\/elpais.com\/clima-y-medio-ambiente\/2026-01-29\/la-justicia-obliga-a-paises-bajos-a-proteger-sus-territorios-del-caribe-de-la-subida-del-mar.html\" data-param-url=\"https:\/\/elpais.com\/clima-y-medio-ambiente\/2026-01-29\/la-justicia-obliga-a-paises-bajos-a-proteger-sus-territorios-del-caribe-de-la-subida-del-mar.html\" target=\"_blank\" rel=\"noopener noreferrer\" data-share-track-dtm=\"whatsapp\" id=\"btn_share_whatsapp_682\"><span class=\"_sr\">Compartir en Whatsapp<\/span><\/a><\/div>\n<div class=\"w_rs_i\"><a class=\"_btn \" href=\"https:\/\/www.facebook.com\/dialog\/share?display=popup&amp;app_id=94039431626&amp;href=https%3A%2F%2Felpais.com%2Fclima-y-medio-ambiente%2F2026-01-29%2Fla-justicia-obliga-a-paises-bajos-a-proteger-sus-territorios-del-caribe-de-la-subida-del-mar.html%3Fssm=FB_CC&amp;quote=La%20justicia%20obliga%20a%20Pa%C3%ADses%20Bajos%20a%20proteger%20sus%20territorios%20del%20Caribe%20de%20la%20subida%20del%20mar%20\" data-param-app_id=\"94039431626\" data-param-description=\"La justicia obliga a Pa\u00edses Bajos a proteger sus territorios del Caribe de la subida del mar \" data-param-href=\"https:\/\/elpais.com\/clima-y-medio-ambiente\/2026-01-29\/la-justicia-obliga-a-paises-bajos-a-proteger-sus-territorios-del-caribe-de-la-subida-del-mar.html\" data-param-text=\"La justicia obliga a Pa\u00edses Bajos a proteger sus territorios del Caribe de la subida del mar \" data-param-url=\"https:\/\/elpais.com\/clima-y-medio-ambiente\/2026-01-29\/la-justicia-obliga-a-paises-bajos-a-proteger-sus-territorios-del-caribe-de-la-subida-del-mar.html\" target=\"_blank\" rel=\"noopener noreferrer\" data-share-track-dtm=\"facebook\" id=\"btn_share_facebook_682\"><span class=\"_sr\">Compartir en Facebook<\/span><\/a><\/div>\n<div class=\"w_rs_i\"><a class=\"_btn \" href=\"https:\/\/twitter.com\/intent\/tweet?url=https%3A%2F%2Felpais.com%2Fclima-y-medio-ambiente%2F2026-01-29%2Fla-justicia-obliga-a-paises-bajos-a-proteger-sus-territorios-del-caribe-de-la-subida-del-mar.html%3Fssm=TW_CC&amp;text=La%20justicia%20obliga%20a%20Pa%C3%ADses%20Bajos%20a%20proteger%20sus%20territorios%20del%20Caribe%20de%20la%20subida%20del%20mar%20&amp;via=el_pais&amp;lang=es\" data-param-description=\"La justicia obliga a Pa\u00edses Bajos a proteger sus territorios del Caribe de la subida del mar \" data-param-href=\"https:\/\/elpais.com\/clima-y-medio-ambiente\/2026-01-29\/la-justicia-obliga-a-paises-bajos-a-proteger-sus-territorios-del-caribe-de-la-subida-del-mar.html\" data-param-text=\"La justicia obliga a Pa\u00edses Bajos a proteger sus territorios del Caribe de la subida del mar  via @el_pais\" data-param-url=\"https:\/\/elpais.com\/clima-y-medio-ambiente\/2026-01-29\/la-justicia-obliga-a-paises-bajos-a-proteger-sus-territorios-del-caribe-de-la-subida-del-mar.html\" target=\"_blank\" rel=\"noopener noreferrer\" data-share-track-dtm=\"twitter\" id=\"btn_share_twitter_682\"><span class=\"_sr\">Compartir en Twitter<\/span><\/a><\/div>\n<div class=\"w_rs_i\"><a class=\"_btn \" href=\"https:\/\/bsky.app\/intent\/compose?text=https%3A%2F%2Felpais.com%2Fclima-y-medio-ambiente%2F2026-01-29%2Fla-justicia-obliga-a-paises-bajos-a-proteger-sus-territorios-del-caribe-de-la-subida-del-mar.html%3Fssm=bsky_CC\" data-param-description=\"La justicia obliga a Pa\u00edses Bajos a proteger sus territorios del Caribe de la subida del mar \" data-param-href=\"https:\/\/elpais.com\/clima-y-medio-ambiente\/2026-01-29\/la-justicia-obliga-a-paises-bajos-a-proteger-sus-territorios-del-caribe-de-la-subida-del-mar.html\" data-param-text=\"La justicia obliga a Pa\u00edses Bajos a proteger sus territorios del Caribe de la subida del mar \" data-param-url=\"https:\/\/elpais.com\/clima-y-medio-ambiente\/2026-01-29\/la-justicia-obliga-a-paises-bajos-a-proteger-sus-territorios-del-caribe-de-la-subida-del-mar.html\" target=\"_blank\" rel=\"noopener noreferrer\" data-share-track-dtm=\"bluesky\" id=\"btn_share_bluesky_682\"><span class=\"_sr\">Compartir en Bluesky<\/span><\/a><\/div>\n<div class=\"w_rs_i\"><a class=\"_btn \" href=\"https:\/\/www.linkedin.com\/sharing\/share-offsite\/?url=https%3A%2F%2Felpais.com%2Fclima-y-medio-ambiente%2F2026-01-29%2Fla-justicia-obliga-a-paises-bajos-a-proteger-sus-territorios-del-caribe-de-la-subida-del-mar.html%3Fssm=LK_CC\" data-param-description=\"La justicia obliga a Pa\u00edses Bajos a proteger sus territorios del Caribe de la subida del mar \" data-param-href=\"https:\/\/elpais.com\/clima-y-medio-ambiente\/2026-01-29\/la-justicia-obliga-a-paises-bajos-a-proteger-sus-territorios-del-caribe-de-la-subida-del-mar.html\" data-param-text=\"La justicia obliga a Pa\u00edses Bajos a proteger sus territorios del Caribe de la subida del mar \" data-param-url=\"https:\/\/elpais.com\/clima-y-medio-ambiente\/2026-01-29\/la-justicia-obliga-a-paises-bajos-a-proteger-sus-territorios-del-caribe-de-la-subida-del-mar.html\" target=\"_blank\" rel=\"noopener noreferrer\" data-share-track-dtm=\"linkedin\" id=\"btn_share_linkedin_682\"><span class=\"_sr\">Compartir en Linkedin<\/span><\/a><\/div>\n<div class=\"w_rs_i\"><a class=\"_btn rs_l\" href=\"https:\/\/elpais.com\/clima-y-medio-ambiente\/2026-01-29\/la-justicia-obliga-a-paises-bajos-a-proteger-sus-territorios-del-caribe-de-la-subida-del-mar.html#?prm=copy_link\" data-share-track-dtm=\"copiar_url\" id=\"btn_share_link_6\"><span class=\"_sr\">Copiar enlace<\/span><\/a><\/div>\n<div class=\"w_rs_i\"><a class=\"_btn rs_c\" href=\"https:\/\/elpais.com\/clima-y-medio-ambiente\/2026-01-29\/la-justicia-obliga-a-paises-bajos-a-proteger-sus-territorios-del-caribe-de-la-subida-del-mar.html#comments_container\" aria-expanded=\"false\" aria-controls=\"me-c\" data-share-track-dtm=\"eskup\" id=\"btn_share_comments_6\"><span class=\"_sr\">Ir a los comentarios<\/span><\/a><\/div>\n<\/div>\n<\/div>\n<\/div>\n<div class=\"a_c clearfix\" data-dtm-region=\"articulo_cuerpo\">\n<p class>Un tribunal de Primera Instancia de La Haya ha ordenado al Estado neerland\u00e9s que elabore un plan para proteger a los habitantes de la isla de Bonaire \u2014antigua colonia de <a href=\"https:\/\/elpais.com\/noticias\/paises-bajos\/\" target=\"_self\" rel title=\"https:\/\/elpais.com\/noticias\/paises-bajos\/\">Pa\u00edses Bajos <\/a>en el Caribe y hoy parte de su territorio como municipio especial\u2014 de los efectos del <a href=\"https:\/\/elpais.com\/noticias\/emergencia-climatica\/\" target=\"_self\" rel title=\"https:\/\/elpais.com\/noticias\/emergencia-climatica\/\">cambio clim\u00e1tico<\/a>. El fallo, emitido este mi\u00e9rcoles, determina que los habitantes de Bonaire han sido tratados de manera distinta respecto a los neerlandeses residentes en Europa. El caso ha sido respaldado por Greenpeace y, en la pr\u00e1ctica, supone que el Gobierno deber\u00e1 presentar en el plazo de 18 meses una lista de objetivos vinculantes para reducir las emisiones de CO\u2082, y proteger a la poblaci\u00f3n contra la subida del nivel del mar.<\/p>\n<p class>Bonaire est\u00e1 situada frente a las costas de Venezuela, a unos 8.000 kil\u00f3metros de distancia de Pa\u00edses Bajos, y suma cerca de 27.000 habitantes. Es uno de los territorios neerlandeses en el Caribe, junto a Saba y San Eustaquio.<\/p>\n<p class>Durante la lectura de la sentencia, el juez, Jerzy Luiten, dijo que la isla caribe\u00f1a de Bonaire \u201cya sufre inundaciones debido a tormentas tropicales y lluvias extremas\u201d. Record\u00f3 que, seg\u00fan varios investigadores, \u201cla situaci\u00f3n empeorar\u00e1 y las previsiones m\u00e1s conservadoras indican que partes de la isla estar\u00e1n bajo el agua en 2050\u201d. Y advirti\u00f3 de que \u201cel Estado reconoce las graves consecuencias del cambio del clima, pero si los pa\u00edses eluden la adopci\u00f3n de medidas se\u00f1alando a otros, nunca se alcanzar\u00e1n los objetivos\u201d.<\/p>\n<p class><a href=\"https:\/\/www.greenpeace.org\/nl\/bonaire-2\/bonaire-klimaat-feiten\/\" rel>Seg\u00fan un estudio de la Universidad Libre de \u00c1msterdam (VU, en sus siglas neerlandesas), encargado por Greenpeace,<\/a> una quinta parte de la isla caribe\u00f1a puede acabar sumergida a finales de este siglo debido a la subida del nivel del mar. Por otro lado, el alza de las temperaturas aumentar\u00e1 las enfermedades transmitidas por mosquitos, y el estr\u00e9s t\u00e9rmico afectar\u00e1 a la salud mental.<\/p>\n<p class>Dado el peligro excepcional afrontado por la poblaci\u00f3n isle\u00f1a, el fallo se\u00f1ala que el Estado no ha hecho lo suficiente para protegerla \u201cy les ha discriminado con respecto al resto de los habitantes europeos de Pa\u00edses Bajos\u201d. Debido a ello, da al Estado un plazo de 18 meses para \u201cfijar objetivos claros y vinculantes\u201d en materia de reducci\u00f3n de gases de efecto invernadero. Adem\u00e1s, le ordena \u201celaborar un plan de adaptaci\u00f3n que incluya a Bonaire y sea aplicable en 2030\u201d.<\/p>\n<figure class=\"a_m a_m-h \"><span class=\"_db a_m_w _pr lb_btn\"><img decoding=\"async\" class=\"_re lazyload a_m-h\" height=\"277\" width=\"414\" src=\"https:\/\/analyse.optim.biz\/wp-content\/uploads\/2026\/02\/3vrb5wbpjzpnvgs2tjqgs6vjfy.jpg\" loading=\"lazy\" title=\"3vrb5wbpjzpnvgs2tjqgs6vjfy\"><\/span><figcaption class=\"a_m_p\" aria-hidden=\"true\"><span>Lectura del vedericto en una corte de La Haya este mi\u00e9rcoles. <\/span><span class=\"a_m_m\">LAURENS VAN PUTTEN (EFE)<\/span><\/figcaption><\/figure>\n<p class>\u201cLos jueces nos han escuchado de verdad; ya no somos ciudadanos de segunda clase\u201d, dijo Jackie Bernabela, una de las ocho demandantes de Bonaire apoyadas por Greenpeace, una vez le\u00eddo el fallo, y todav\u00eda en el tribunal. Para la organizaci\u00f3n ecologista, esta sentencia es la primera importante desde que el <a href=\"https:\/\/elpais.com\/clima-y-medio-ambiente\/2025-07-23\/el-tribunal-de-justicia-de-la-onu-dictamina-que-los-paises-que-no-luchan-contra-el-cambio-climatico-violan-el-derecho-internacional.html\" rel>Tribunal Internacional de Justicia de Naciones Unidas (TIJ) emitiera el pasado julio un dictamen consultivo<\/a> se\u00f1alando que \u201clos pa\u00edses que no luchan contra el cambio clim\u00e1tico violan el derecho internacional\u201d. Marieke Vellekoop, directora de Greenpeace en Pa\u00edses Bajos, declar\u00f3 tambi\u00e9n despu\u00e9s del juicio que este \u201cpodr\u00eda sentar un precedente mundial\u201d.<\/p>\n<p class>Los abogados del Estado alegaron que Pa\u00edses Bajos ya avanza en la lucha contra los efectos del cambio clim\u00e1tico, pero el tema \u201cdeber\u00eda ser abordado por las administraciones nacionales y no por los jueces\u201d. En estos momentos, y con un nuevo Gobierno de centro derecha que prev\u00e9 presentar este viernes su programa, el objetivo de Pa\u00edses Bajos es reducir para 2030 las emisiones de CO\u2082 en un 55% con respecto a 1990. Con la sentencia de Bonaire en la mano, los planes del Ministerio de Infraestructura y Gesti\u00f3n del Agua tendr\u00e1 menos margen de maniobra para aplicar una pol\u00edtica clim\u00e1tica restrictiva. Por otro lado, el liberal de izquierda Rob Jetten, futuro primer ministro, fue titular de Clima y Pol\u00edtica energ\u00e9tica entre 2022 y 2024, y se ocup\u00f3 de impulsar una serie de leyes destinadas a reducir la dependencia del pa\u00eds de los combustibles f\u00f3siles para reducir as\u00ed las emisiones de CO\u2082.<\/p>\n<p class>No es la primera vez que el tribunal de Primera Instancia de La Haya que se ha ocupado de Bonaire emite un fallo innovador. Fue el mismo donde se trat\u00f3 la primera fase del caso <a href=\"https:\/\/elpais.com\/sociedad\/2019\/12\/20\/actualidad\/1576836454_833657.html\" rel>Urgenda, una peque\u00f1a organizaci\u00f3n ecologista que logr\u00f3 -en 2019, ya en el Supremo-<\/a> que se ordenara la reducci\u00f3n en un 25,5% de las emisiones de gases de efecto invernadero comparadas con las de 1990. Urgenda <a href=\"https:\/\/elpais.com\/sociedad\/2019\/12\/22\/actualidad\/1577036985_046717.html\" rel>sent\u00f3 un precedente global esgrimiendo el respeto a los derechos fundamentales,<\/a> como el derecho a la vida, para reclamar que se tomen m\u00e1s medidas contra el calentamiento del planeta. Allan\u00f3 a su vez el camino a litigios similares en el mundo. Entre ellos, el presentado de <a href=\"https:\/\/elpais.com\/clima-y-medio-ambiente\/2024-04-14\/las-senoras-suizas-que-ganaron-en-estrasburgo-en-su-lucha-por-el-clima-nos-ridiculizaban-nos-decian-que-nos-fueramos-a-tejer.html\" rel>la agrupaci\u00f3n suiza Klimaseniorinnen (Asociaci\u00f3n Suiza de Mujeres Mayores por el Clima<\/a>), a la que le dio la raz\u00f3n en 2024 el Tribunal Europeo de Derechos Humanos (TEDH). Alegaron que Suiza vulneraba el derecho al respeto a la vida privada y familiar con su inacci\u00f3n clim\u00e1tica, y ganaron.<\/p>\n<\/div>\n<div id=\"me-dis\" class=\"me _pf\">\n<div class=\"me_bg\">\n<div class=\"me-dis _pa _df\">\n<div class=\"me-dis_c\">\n<h2 class=\"me-dis_t\">Tu suscripci\u00f3n se est\u00e1 usando en otro dispositivo<\/h2>\n<p>\u00bfQuieres a\u00f1adir otro usuario a tu suscripci\u00f3n?<\/p>\n<div class=\"me-dis_l\"><a href=\"https:\/\/elpais.com\/suscripciones\/premium\/upgrade\/?utm_source=autopromo&amp;utm_medium=interno&amp;utm_campaign=YYYY_MM_capping_upgrade\" id=\"capping-upgrade\" class=\"btn\">A\u00f1adir usuario<\/a><a href=\"https:\/\/elpais.com\/clima-y-medio-ambiente\/2026-01-29\/la-justicia-obliga-a-paises-bajos-a-proteger-sus-territorios-del-caribe-de-la-subida-del-mar.html\" id=\"capping-continue\" class=\"btn btn-b\">Continuar leyendo aqu\u00ed<\/a><\/div>\n<p>Si contin\u00faas leyendo en este dispositivo, no se podr\u00e1 leer en el otro.<\/p>\n<p class=\"lk\"><a href=\"https:\/\/elpais.com\/clima-y-medio-ambiente\/2026-01-29\/la-justicia-obliga-a-paises-bajos-a-proteger-sus-territorios-del-caribe-de-la-subida-del-mar.html\" id=\"capping-show-more-button\">\u00bfPor qu\u00e9 est\u00e1s viendo esto?<\/a><\/p>\n<p><span class=\"arrow\" id=\"capping-arrow\">Flecha<\/span><\/p>\n<div class=\"me-dis_d\">\n<div class=\"me-dis_d_t\">\n<h2 class=\"enc\">Tu suscripci\u00f3n se est\u00e1 usando en otro dispositivo y solo puedes acceder a EL PA\u00cdS desde un dispositivo a la vez.<\/h2>\n<div class=\"tx\">\n<p>Si quieres compartir tu cuenta, cambia tu suscripci\u00f3n a la modalidad Premium, as\u00ed podr\u00e1s a\u00f1adir otro usuario. Cada uno acceder\u00e1 con su propia cuenta de email, lo que os permitir\u00e1 personalizar vuestra experiencia en EL PA\u00cdS.<\/p>\n<p>\u00bfTienes una suscripci\u00f3n de empresa? Accede <a target=\"_blank\" rel=\"noreferrer\" href=\"https:\/\/elpais.com\/suscripciones\/premium\/upgrade\/\">aqu\u00ed<\/a> para contratar m\u00e1s cuentas.<\/p>\n<p>En el caso de no saber qui\u00e9n est\u00e1 usando tu cuenta, te recomendamos cambiar tu contrase\u00f1a <a target=\"_blank\" rel=\"noreferrer\" href=\"https:\/\/elpais.com\/subscriptions\/#\/forgot-password\">aqu\u00ed.<\/a><\/p>\n<p>Si decides continuar compartiendo tu cuenta, este mensaje se mostrar\u00e1 en tu dispositivo y en el de la otra persona que est\u00e1 usando tu cuenta de forma indefinida, afectando a tu experiencia de lectura. Puedes <a target=\"_blank\" rel=\"noreferrer\" href=\"https:\/\/elpais.com\/suscripciones\/condiciones-generales-servicios\/\">consultar aqu\u00ed los t\u00e9rminos y condiciones de la suscripci\u00f3n digital.<\/a><\/p>\n<\/div>\n<\/div>\n<\/div>\n<\/div>\n<\/div>\n<\/div>\n<\/div>\n<aside class=\"w w-fid\">\n<div class=\"w_b\">\n<div class=\"w-fid_t\"><a href=\"https:\/\/plus.elpais.com\/newsletters\/lnp\/1\/391\/#?prm=not_newsletters_clima\">Recibe el bolet\u00edn de Clima y Medio Ambiente<\/a><\/div>\n<div class=\"w-fid_s\">\n<div class=\"w_rs\">\n<div class=\"w_rs_i\"><a class=\"_btn\" href=\"https:\/\/www.facebook.com\/elpais\" rel=\"nofollow\"><span class=\"_sr\">Clima Y Medio Ambiente El Pa\u00eds en Facebook<\/span><\/a><\/div>\n<div class=\"w_rs_i\"><a class=\"_btn\" href=\"https:\/\/www.instagram.com\/el_pais\/\" rel=\"nofollow\"><span class=\"_sr\">Clima Y Medio Ambiente El Pa\u00eds en Instagram<\/span><\/a><\/div>\n<div class=\"w_rs_i\"><a class=\"_btn\" href=\"https:\/\/twitter.com\/el_pais\" rel=\"nofollow\"><span class=\"_sr\">Clima Y Medio Ambiente El Pa\u00eds en Twitter<\/span><\/a><\/div>\n<\/div>\n<\/div>\n<\/div>\n<\/aside>\n<aside class=\"a_com w w-com _df\"><a class=\"a_com_l\" href=\"https:\/\/elpais.com\/info\/normas-de-participacion\/\">Normas \u203a<\/a><\/aside>\n<div class=\"me _pf\" id=\"me-c\">\n<div class=\"me_bg\">\n<div class=\"me-c _pa\" id=\"comments_container\" data-dtm-region=\"articulo_comentarios\">\n<div class=\"me_f me_f-os me_cc\"><a href=\"https:\/\/plus.elpais.com\/perfil\/actividad\/\">Mis comentarios<\/a><a href=\"https:\/\/elpais.com\/info\/normas-de-participacion\/\">Normas<\/a><\/div>\n<div class=\"me_f me_f-ns\"><span class=\"me_f_txt _db\">Rellena tu <b>nombre y apellido<\/b> para comentar<\/span><a href=\"https:\/\/plus.elpais.com\/autorization.html\/?prod=COM&amp;backURL=https%3A%2F%2Felpais.com%2Fclima-y-medio-ambiente%2F2026-01-29%2Fla-justicia-obliga-a-paises-bajos-a-proteger-sus-territorios-del-caribe-de-la-subida-del-mar.html\" class=\"btn btn-2\">completar datos<\/a><\/div>\n<div class=\"me_f\" id=\"comments_msg\"><a class=\"btn btn-2\" href=\"https:\/\/elpais.com\/suscripciones\/#\/campaign?prod=SUSDIGCRART&amp;o=COM&amp;prm=suscrip_articulo_comentarios_el-pais&amp;backURL=https%3A%2F%2Felpais.com%2Fclima-y-medio-ambiente%2F2026-01-29%2Fla-justicia-obliga-a-paises-bajos-a-proteger-sus-territorios-del-caribe-de-la-subida-del-mar.html\" id=\"comments_subscribe_link\" data-link-am=\"https:\/\/elpais.com\/suscripciones\/america\/#\/campaign?prod=SUSDIGCRARTAM&amp;o=COMAM&amp;prm=suscrip_articulo_comentarios_el-pais-america&amp;backURL=https%3A%2F%2Felpais.com%2Fclima-y-medio-ambiente%2F2026-01-29%2Fla-justicia-obliga-a-paises-bajos-a-proteger-sus-territorios-del-caribe-de-la-subida-del-mar.html\" data-link-mx=\"https:\/\/elpais.com\/suscripciones\/america\/#\/campaign?prod=SUSDIGMX&amp;o=COMMX&amp;prm=suscrip_articulo_comentarios_el-pais-mexico&amp;backURL=https%3A%2F%2Felpais.com%2Fclima-y-medio-ambiente%2F2026-01-29%2Fla-justicia-obliga-a-paises-bajos-a-proteger-sus-territorios-del-caribe-de-la-subida-del-mar.html\" data-link-co=\"https:\/\/elpais.com\/suscripciones\/america\/#\/campaign?prod=SUSDIGCOL&amp;o=COMCOL&amp;prm=suscrip_articulo_comentarios_el-pais_colombia&amp;backURL=https%3A%2F%2Felpais.com%2Fclima-y-medio-ambiente%2F2026-01-29%2Fla-justicia-obliga-a-paises-bajos-a-proteger-sus-territorios-del-caribe-de-la-subida-del-mar.html\" data-link-ar=\"https:\/\/elpais.com\/suscripciones\/america\/#\/campaign?prod=SUSDIGCRARTAR&amp;o=COMAR&amp;backURL=https%3A%2F%2Felpais.com%2Fclima-y-medio-ambiente%2F2026-01-29%2Fla-justicia-obliga-a-paises-bajos-a-proteger-sus-territorios-del-caribe-de-la-subida-del-mar.html\" data-link-cl=\"https:\/\/elpais.com\/suscripciones\/america\/#\/campaign?prod=SUSDIGCHILE&amp;o=COMCHILE&amp;backURL=https%3A%2F%2Felpais.com%2Fclima-y-medio-ambiente%2F2026-01-29%2Fla-justicia-obliga-a-paises-bajos-a-proteger-sus-territorios-del-caribe-de-la-subida-del-mar.html\" data-link-us=\"https:\/\/elpais.com\/suscripciones\/america\/#\/campaign?prod=SUSDIGCRARTEUCAN&amp;o=COMUS&amp;prm=suscrip_articulo_comentarios_el-pais_eucan&amp;backURL=https%3A%2F%2Felpais.com%2Fclima-y-medio-ambiente%2F2026-01-29%2Fla-justicia-obliga-a-paises-bajos-a-proteger-sus-territorios-del-caribe-de-la-subida-del-mar.html\">Suscr\u00edbete en El Pa\u00eds para participar<\/a><a class=\"btn btn-3\" href=\"https:\/\/elpais.com\/subscriptions\/#\/sign-in?prod=REG&amp;o=COM&amp;prm=login_articulo_comentarios_el-pais&amp;backURL=https%3A%2F%2Felpais.com%2Fclima-y-medio-ambiente%2F2026-01-29%2Fla-justicia-obliga-a-paises-bajos-a-proteger-sus-territorios-del-caribe-de-la-subida-del-mar.html\" id=\"comments_login_link\" data-link-am=\"https:\/\/elpais.com\/subscriptions\/#\/sign-in?prod=REG&amp;o=COM&amp;prm=login_articulo_comentarios_el-pais-america&amp;backURL=https%3A%2F%2Felpais.com%2Fclima-y-medio-ambiente%2F2026-01-29%2Fla-justicia-obliga-a-paises-bajos-a-proteger-sus-territorios-del-caribe-de-la-subida-del-mar.html\" data-link-mx=\"https:\/\/elpais.com\/subscriptions\/#\/sign-in?prod=REG&amp;o=COM&amp;prm=login_articulo_comentarios_el-pais-mexico&amp;backURL=https%3A%2F%2Felpais.com%2Fclima-y-medio-ambiente%2F2026-01-29%2Fla-justicia-obliga-a-paises-bajos-a-proteger-sus-territorios-del-caribe-de-la-subida-del-mar.html\" data-link-co=\"https:\/\/elpais.com\/subscriptions\/#\/sign-in?prod=REG&amp;o=COM&amp;backURL=https%3A%2F%2Felpais.com%2Fclima-y-medio-ambiente%2F2026-01-29%2Fla-justicia-obliga-a-paises-bajos-a-proteger-sus-territorios-del-caribe-de-la-subida-del-mar.html\" data-link-ar=\"https:\/\/elpais.com\/subscriptions\/#\/sign-in?prod=REG&amp;o=COM&amp;backURL=https%3A%2F%2Felpais.com%2Fclima-y-medio-ambiente%2F2026-01-29%2Fla-justicia-obliga-a-paises-bajos-a-proteger-sus-territorios-del-caribe-de-la-subida-del-mar.html\" data-link-cl=\"https:\/\/elpais.com\/subscriptions\/#\/sign-in?prod=REG&amp;o=COM&amp;backURL=https%3A%2F%2Felpais.com%2Fclima-y-medio-ambiente%2F2026-01-29%2Fla-justicia-obliga-a-paises-bajos-a-proteger-sus-territorios-del-caribe-de-la-subida-del-mar.html\" data-link-us=\"https:\/\/elpais.com\/subscriptions\/#\/sign-in?prod=REG&amp;o=COM&amp;backURL=https%3A%2F%2Felpais.com%2Fclima-y-medio-ambiente%2F2026-01-29%2Fla-justicia-obliga-a-paises-bajos-a-proteger-sus-territorios-del-caribe-de-la-subida-del-mar.html\">Ya tengo una suscripci\u00f3n<\/a><\/div>\n<p>Please enable JavaScript to view the &lt;a href=&#8221;https:\/\/disqus.com\/?ref_noscript&#8221; rel=&#8221;nofollow&#8221;&gt; comments powered by Disqus.&lt;\/a&gt;<\/p><\/div>\n<\/div>\n<\/div>\n<aside class=\"w w-rel\" data-dtm-region=\"articulo_mas-informacion\">\n<h2 class=\"w_t\">M\u00e1s informaci\u00f3n<\/h2>\n<ul class=\"w_b _ls\">\n<li class=\"_g _g-xs w-rel_n\">\n<div class=\" a_m-h c_m--nf\"><span class=\"_db _pr\"><img decoding=\"async\" class=\"_re lazyload a_m-h\" height=\"311\" width=\"414\" src=\"https:\/\/analyse.optim.biz\/wp-content\/uploads\/2026\/02\/caogutx2yzawvm7j5w47umtihm.jpg\" loading=\"lazy\" title=\"caogutx2yzawvm7j5w47umtihm\"><\/span><\/div>\n<div class=\"nt\">\n<h3 class=\"nt_t\"><a href=\"https:\/\/elpais.com\/clima-y-medio-ambiente\/2026-01-29\/alberto-garzon-exministro-hay-que-frenar-la-rueda-de-hamster-del-capitalismo-es-suicida.html#?rel=mas\">Alberto Garz\u00f3n, exministro: \u201cHay que frenar la rueda de h\u00e1mster del capitalismo, es suicida\u201d<\/a><\/h3>\n<div class=\"nt_a\"><a href=\"https:\/\/elpais.com\/autor\/clemente-alvarez\/\" title=\"Ver todas las noticias de Clemente \u00c1lvarez\">Clemente \u00c1lvarez<\/a> | Madrid<\/div>\n<\/div>\n<\/li>\n<li class=\"_g _g-xs w-rel_n\">\n<div class=\" a_m-h c_m--nf\"><span class=\"_db _pr\"><img decoding=\"async\" class=\"_re lazyload a_m-h\" height=\"311\" width=\"414\" src=\"https:\/\/analyse.optim.biz\/wp-content\/uploads\/2026\/02\/6u43nsysw5mddgonsg6u3cykti.jpg\" loading=\"lazy\" title=\"6u43nsysw5mddgonsg6u3cykti\"><\/span><\/div>\n<div class=\"nt\">\n<h3 class=\"nt_t\"><a href=\"https:\/\/elpais.com\/clima-y-medio-ambiente\/2026-01-29\/las-30-belugas-escapan-de-la-eutanasia-el-gobierno-canadiense-abre-la-puerta-a-su-envio-desde-marineland-a-estados-unidos.html#?rel=mas\">Las 30 belugas escapan de la eutanasia: el Gobierno canadiense abre la puerta a su env\u00edo desde Marineland a Estados Unidos<\/a><\/h3>\n<div class=\"nt_a\"><a href=\"https:\/\/elpais.com\/autor\/jaime-porras-ferreyra\/\" title=\"Ver todas las noticias de Jaime Porras Ferreyra\">Jaime Porras Ferreyra<\/a> | Montreal<\/div>\n<\/div>\n<\/li>\n<\/ul>\n<\/aside>\n<section class=\"w w-ae\" data-dtm-region=\"articulo_archivado-en\">\n<h2 class=\"w_t\">Archivado En<\/h2>\n<div class=\"w_b\">\n<ul class=\"w_ul w_ul--mh _df _ls\">\n<li><a href=\"https:\/\/elpais.com\/noticias\/medio-ambiente\/#?rel=arch\" rel=\"noopener noreferrer\">Medio ambiente<\/a><\/li>\n<li><a href=\"https:\/\/elpais.com\/noticias\/sociedad\/#?rel=arch\" rel=\"noopener noreferrer\">Sociedad<\/a><\/li>\n<li><a href=\"https:\/\/elpais.com\/noticias\/cambio-climatico\/#?rel=arch\" rel=\"noopener noreferrer\">Cambio clim\u00e1tico<\/a><\/li>\n<li><a href=\"https:\/\/elpais.com\/noticias\/emergencia-climatica\/#?rel=arch\" rel=\"noopener noreferrer\">Emergencia clim\u00e1tica<\/a><\/li>\n<li><a href=\"https:\/\/elpais.com\/noticias\/paises-bajos\/#?rel=arch\" rel=\"noopener noreferrer\">Holanda<\/a><\/li>\n<li><a href=\"https:\/\/elpais.com\/noticias\/caribe\/#?rel=arch\" rel=\"noopener noreferrer\">Caribe<\/a><\/li>\n<li><a href=\"https:\/\/elpais.com\/noticias\/juicios\/#?rel=arch\" rel=\"noopener noreferrer\">Juicios<\/a><\/li>\n<li><a href=\"https:\/\/elpais.com\/noticias\/tribunales\/#?rel=arch\" rel=\"noopener noreferrer\">Tribunales<\/a><\/li>\n<\/ul>\n<\/div>\n<\/section>\n<aside class=\"a_tp _df\">\n<div class=\"a_tp_txt\"><span class=\"a_tp_t\">Se adhiere a los criterios de<\/span><\/p>\n<figure class=\"a_m a_m-h c_m--nf\"><a class=\"a_tp_i _dib\" href=\"https:\/\/elpais.com\/estaticos\/que-es-the-trust-project\/\" target=\"_blank\" rel=\"noopener noreferrer nofollow\"><img decoding=\"async\" alt=\"The Trust Project\" class=\" lazyload a_m-h\" height=\"20\" width=\"117\" src=\"https:\/\/analyse.optim.biz\/wp-content\/uploads\/2026\/02\/the-trust-project-1.svg\" loading=\"lazy\" title=\"the-trust-project-1\"><\/a><\/figure>\n<p><a class=\"a_tp_mi\" href=\"https:\/\/elpais.com\/estaticos\/codigo-etico\/\" target=\"_blank\" rel=\"noopener noreferrer nofollow\">M\u00e1s informaci\u00f3n<\/a><\/div>\n<div class=\"a_tp_si\">Si est\u00e1 interesado en licenciar este contenido, pinche <a class=\"a_tp_si_l\" href=\"https:\/\/profesional.elpais.com\/soluciones-sindicacion\/?utm_medium=interno&amp;utm_source=crosslinking&amp;utm_campaign=sindicacion_ep_pie_articulos\" target=\"_blank\" rel=\"noopener noreferrer nofollow\">aqu\u00ed<\/a><\/div>\n<\/aside>\n<div class=\"a_o _pr\" data-dtm-region=\"articulo_right-rail\">\n<div id=\"elpais_gpt-MPU1\" data-adtype=\"MPU\" class=\"ad ad-mpu\"><span class=\"_dn\">_<\/span><\/div>\n<section class=\"w w-sc b_col\" data-dtm-region=\"articulo_ultimas-noticias\">\n<header class=\"w_h b_col_h\">\n<h3 class=\"w_t\"><a href=\"https:\/\/elpais.com\/ultimas-noticias\/\" rel=\"story-card-ultimas-noticias\">\u00daltimas noticias<\/a><\/h3>\n<\/header>\n<div class=\"w_b\">\n<article class=\"c  c--m-n   \" data-word=\"0\">\n<header class=\"c_h\"><time datetime=\"2026-02-03T15:25:00+01:00\" class=\"c_da\">15:25<\/time><\/p>\n<h2 class=\"c_t \"><a href=\"https:\/\/elpais.com\/espana\/2026-02-03\/ortega-smith-acusa-a-abascal-y-garriga-de-utilizar-la-mentira-la-manipulacion-y-la-tergiversacion-para-degradarlo.html\">Ortega Smith acusa a Abascal y Garriga de utilizar \u201cla mentira, la manipulaci\u00f3n y la tergiversaci\u00f3n\u201d para degradarlo<\/a><\/h2>\n<\/header>\n<\/article>\n<article class=\"c  c--m-n   \" data-word=\"0\">\n<header class=\"c_h\"><time datetime=\"2026-02-03T15:18:41+01:00\" class=\"c_da\">15:18<\/time><\/p>\n<h2 class=\"c_t \"><a href=\"https:\/\/elpais.com\/espana\/comunidad-valenciana\/2026-02-03\/el-ayuntamiento-de-alicante-se-lava-las-manos-en-el-escandalo-de-las-viviendas-protegidas-y-delega-la-investigacion-en-la-fiscalia.html\">El Ayuntamiento de Alicante se lava las manos en el esc\u00e1ndalo de las viviendas protegidas y delega la investigaci\u00f3n en la Fiscal\u00eda<\/a><\/h2>\n<\/header>\n<\/article>\n<article class=\"c  c--m-n   \" data-word=\"0\">\n<header class=\"c_h\"><time datetime=\"2026-02-03T14:58:12+01:00\" class=\"c_da\">14:58<\/time><\/p>\n<h2 class=\"c_t \"><a href=\"https:\/\/elpais.com\/economia\/2026-02-03\/renfe-iryo-y-ouigo-aceptan-un-incremento-de-25-minutos-en-el-trayecto-madrid-barcelona-por-las-revisiones-de-adif.html\">Renfe, Iryo y Ouigo aceptan un incremento de 25 minutos en el trayecto Madrid-Barcelona por las revisiones de Adif  <\/a><\/h2>\n<\/header>\n<\/article>\n<article class=\"c  c--m-n   \" data-word=\"0\">\n<header class=\"c_h\"><time datetime=\"2026-02-03T14:54:38+01:00\" class=\"c_da\">14:54<\/time><\/p>\n<h2 class=\"c_t \"><a href=\"https:\/\/elpais.com\/economia\/2026-02-03\/disney-nombra-a-josh-damaro-nuevo-consejero-delegado-en-sustitucion-de-bob-iger.html\">Disney nombra a Josh D\u2019Amaro nuevo consejero delegado en sustituci\u00f3n de Bob Iger<\/a><\/h2>\n<\/header>\n<\/article>\n<\/div>\n<\/section>\n<aside class=\"w w-lmv\" data-dtm-region=\"articulo_lom\">\n<h2 class=\"w_t\"><a href=\"https:\/\/elpais.com\/lo-mas-visto\/\">Lo m\u00e1s visto<\/a><\/h2>\n<div class=\"w_b\">\n<ol class=\"_ls\">\n<li><a href=\"https:\/\/elpais.com\/sociedad\/2026-02-02\/espana-tarda-casi-un-ano-en-publicar-las-causas-de-muerte-un-plazo-que-lastra-la-vigilancia-sanitaria.html#?rel=lom\">Espa\u00f1a tarda casi un a\u00f1o en publicar las causas de muerte, un plazo que lastra la vigilancia sanitaria<\/a><\/li>\n<li><a href=\"https:\/\/elpais.com\/espana\/2026-02-02\/feijoo-sobre-la-dimision-de-mazon-se-da-cuenta-de-que-cuando-la-gente-no-te-da-la-razon-lo-mas-honesto-es-irte.html#?rel=lom\">Feij\u00f3o, sobre la dimisi\u00f3n de Maz\u00f3n: \u201cSe da cuenta de que, cuando la gente no te da la raz\u00f3n, lo m\u00e1s honesto es irte\u201d<\/a><\/li>\n<li><a href=\"https:\/\/elpais.com\/internacional\/2026-02-02\/el-congreso-de-estados-unidos-entra-en-panico-ante-el-riesgo-de-que-se-prolongue-el-cierre-parcial-del-gobierno.html#?rel=lom\">El Congreso de Estados Unidos entra en p\u00e1nico ante el riesgo de que se prolongue el cierre parcial del Gobierno<\/a><\/li>\n<li><a href=\"https:\/\/elpais.com\/videos\/2026-02-02\/liam-conejo-el-nino-de-cinco-anos-detenido-por-el-ice-se-sienta-con-el-piloto-durante-el-vuelo-de-vuelta-a-minneapolis-tras-ser-liberado.html#?rel=lom\">Liam Conejo, el ni\u00f1o de cinco a\u00f1os detenido por el ICE, se sienta con el piloto durante el vuelo de vuelta a Minneapolis tras ser liberado<\/a><\/li>\n<li><a href=\"https:\/\/elpais.com\/internacional\/2026-02-02\/un-frances-de-24-anos-se-presenta-en-el-hospital-con-un-obus-de-la-i-guerra-mundial-en-el-recto.html#?rel=lom\">Un franc\u00e9s de 24 a\u00f1os se presenta en el hospital con un ob\u00fas de la I Guerra Mundial en el recto<\/a><\/li>\n<\/ol>\n<\/div>\n<\/aside>\n<\/div>\n<\/article>\n<article class=\"c  c--m-n   \" data-word=\"0\">\n<header class=\"c_h\"><time datetime=\"2026-02-03T15:25:00+01:00\" class=\"c_da\">15:25<\/time><\/p>\n<h2 class=\"c_t \"><a href=\"https:\/\/elpais.com\/espana\/2026-02-03\/ortega-smith-acusa-a-abascal-y-garriga-de-utilizar-la-mentira-la-manipulacion-y-la-tergiversacion-para-degradarlo.html\">Ortega Smith acusa a Abascal y Garriga de utilizar \u201cla mentira, la manipulaci\u00f3n y la tergiversaci\u00f3n\u201d para degradarlo<\/a><\/h2>\n<\/header>\n<\/article>\n<article class=\"c  c--m-n   \" data-word=\"0\">\n<header class=\"c_h\"><time datetime=\"2026-02-03T15:18:41+01:00\" class=\"c_da\">15:18<\/time><\/p>\n<h2 class=\"c_t \"><a href=\"https:\/\/elpais.com\/espana\/comunidad-valenciana\/2026-02-03\/el-ayuntamiento-de-alicante-se-lava-las-manos-en-el-escandalo-de-las-viviendas-protegidas-y-delega-la-investigacion-en-la-fiscalia.html\">El Ayuntamiento de Alicante se lava las manos en el esc\u00e1ndalo de las viviendas protegidas y delega la investigaci\u00f3n en la Fiscal\u00eda<\/a><\/h2>\n<\/header>\n<\/article>\n<article class=\"c  c--m-n   \" data-word=\"0\">\n<header class=\"c_h\"><time datetime=\"2026-02-03T14:58:12+01:00\" class=\"c_da\">14:58<\/time><\/p>\n<h2 class=\"c_t \"><a href=\"https:\/\/elpais.com\/economia\/2026-02-03\/renfe-iryo-y-ouigo-aceptan-un-incremento-de-25-minutos-en-el-trayecto-madrid-barcelona-por-las-revisiones-de-adif.html\">Renfe, Iryo y Ouigo aceptan un incremento de 25 minutos en el trayecto Madrid-Barcelona por las revisiones de Adif  <\/a><\/h2>\n<\/header>\n<\/article>\n<article class=\"c  c--m-n   \" data-word=\"0\">\n<header class=\"c_h\"><time datetime=\"2026-02-03T14:54:38+01:00\" class=\"c_da\">14:54<\/time><\/p>\n<h2 class=\"c_t \"><a href=\"https:\/\/elpais.com\/economia\/2026-02-03\/disney-nombra-a-josh-damaro-nuevo-consejero-delegado-en-sustitucion-de-bob-iger.html\">Disney nombra a Josh D\u2019Amaro nuevo consejero delegado en sustituci\u00f3n de Bob Iger<\/a><\/h2>\n<\/header>\n<\/article>\n<p> Source URL: https:\/\/elpais.com\/clima-y-medio-ambiente\/2026-01-29\/la-justicia-obliga-a-paises-bajos-a-proteger-sus-territorios-del-caribe-de-la-subida-del-mar.html<\/p>\n","protected":false},"excerpt":{"rendered":"<p>Emergencia clim\u00e1tica La justicia obliga a Pa\u00edses Bajos a proteger sus territorios del Caribe de la subida del mar El fallo estima que los habitantes de la isla de Bonaire no han sido tratados como los neerlandeses de Europa ante los efectos del cambio clim\u00e1tico Playa de la isla caribe\u00f1a de Bonaire. Panther Media Global [&hellip;]<\/p>\n","protected":false},"author":1,"featured_media":1743529,"comment_status":"open","ping_status":"","sticky":false,"template":"","format":"standard","meta":{"footnotes":""},"categories":[88],"tags":[226,92],"class_list":["post-1743528","post","type-post","status-publish","format-standard","has-post-thumbnail","hentry","category-spain","tag-crawlmanager","tag-elpais-com"],"_links":{"self":[{"href":"https:\/\/analyse.optim.biz\/index.php?rest_route=\/wp\/v2\/posts\/1743528","targetHints":{"allow":["GET"]}}],"collection":[{"href":"https:\/\/analyse.optim.biz\/index.php?rest_route=\/wp\/v2\/posts"}],"about":[{"href":"https:\/\/analyse.optim.biz\/index.php?rest_route=\/wp\/v2\/types\/post"}],"author":[{"embeddable":true,"href":"https:\/\/analyse.optim.biz\/index.php?rest_route=\/wp\/v2\/users\/1"}],"replies":[{"embeddable":true,"href":"https:\/\/analyse.optim.biz\/index.php?rest_route=%2Fwp%2Fv2%2Fcomments&post=1743528"}],"version-history":[{"count":0,"href":"https:\/\/analyse.optim.biz\/index.php?rest_route=\/wp\/v2\/posts\/1743528\/revisions"}],"wp:featuredmedia":[{"embeddable":true,"href":"https:\/\/analyse.optim.biz\/index.php?rest_route=\/wp\/v2\/media\/1743529"}],"wp:attachment":[{"href":"https:\/\/analyse.optim.biz\/index.php?rest_route=%2Fwp%2Fv2%2Fmedia&parent=1743528"}],"wp:term":[{"taxonomy":"category","embeddable":true,"href":"https:\/\/analyse.optim.biz\/index.php?rest_route=%2Fwp%2Fv2%2Fcategories&post=1743528"},{"taxonomy":"post_tag","embeddable":true,"href":"https:\/\/analyse.optim.biz\/index.php?rest_route=%2Fwp%2Fv2%2Ftags&post=1743528"}],"curies":[{"name":"wp","href":"https:\/\/api.w.org\/{rel}","templated":true}]}}