{"id":174350,"date":"2015-09-24T16:43:50","date_gmt":"2015-09-24T13:43:50","guid":{"rendered":"https:\/\/analyse.optim.biz\/?p=174350"},"modified":"2015-09-24T16:43:50","modified_gmt":"2015-09-24T13:43:50","slug":"serban-nicolae-se-retrage-din-cursa-pentru-sefia-psd","status":"publish","type":"post","link":"https:\/\/analyse.optim.biz\/?p=174350","title":{"rendered":"\u015eerban Nicolae se retrage din cursa pentru \u015fefia PSD"},"content":{"rendered":"<div class=\"entry data-app-meta data-app-meta-article\" data-embed-base-url-canonical=\"https:\/\/www.digi24.ro\/embed\/stiri\/actualitate\/politica\/serban-nicolae-se-retrage-din-cursa-pentru-sefia-psd-441418\">\n<p data-index=\"1\">\u0218erban Nicolae argumenteaz\u0103 c\u0103 alegerea pre\u0219edintelui PSD de c\u0103tre to\u021bi membrii din partid \u00eei creeaz\u0103 avantaje lui Liviu Dragnea \u0219i, mai mult dec\u00e2t at\u00e2t, blocheaz\u0103 \u0219ansele celorlal\u021bi candida\u021bi.<\/p>\n<p data-index=\"2\">Senatorul mai spune c\u0103 ceilal\u021bi candida\u021bi care aspir\u0103 la \u0219efia PSD nu au avut timp s\u0103-\u0219i fac\u0103 campanie electoral\u0103, s\u0103 mearg\u0103 \u00een teritoriu ca s\u0103 vorbeasc\u0103 cu membrii de partid pentru a le explica inten\u021biile lor. Acest lucru Liviu Dragnea a apucat deja s\u0103-l fac\u0103 \u00een calitate de pre\u0219edinte interimar al PSD.<\/p>\n<p data-index=\"3\">\u0218erban Nicolae este nemul\u021bumit \u0219i de faptul c\u0103 deja exist\u0103 organiza\u021bii care au anun\u021bat c\u0103 \u00eel sprijin\u0103 pe Liviu Dragnea, de\u0219i p\u00e2n\u0103 \u00een acest moment nu a f\u0103cut vreun anun\u021b oficial c\u0103 va candida la \u0219efia PSD. Cu toate acestea, liderul interimar al partidului a anun\u021bat recent c\u0103 va face acest lucru, duminic\u0103, \u00een jude\u021bul Teleorman.<\/p>\n<p data-index=\"4\">Ieri, <a href=\"https:\/\/www.digi24.ro\/Stiri\/Digi24\/Actualitate\/Politica\/Robert+Negoita+Nu+mai+candidez+pentru+sefia+PSD\" data-skip-linkfix=\"1\">Robert Negoi\u021b\u0103 \u0219i-a retras \u0219i el candidatura<\/a> de la alegerile pentru pre\u0219edin\u021bia PSD. \u201e<span>Fac parte din echipa Liviu Dragnea \u015fi \u00eel sus\u0163in \u00eempreun\u0103 cu PSD Bucure\u015fti \u00een acest demers\u201d, a transmis primarul sectorului 3. El \u00a0\u00ee\u0219i anun\u021base candidatura cu un atac la adresa lui Victor Ponta \u0219i Liviu Dragnea.<\/span><\/p>\n<\/div>\n<p> Source URL: https:\/\/www.digi24.ro\/stiri\/actualitate\/politica\/serban-nicolae-se-retrage-din-cursa-pentru-sefia-psd-441418<\/p>\n","protected":false},"excerpt":{"rendered":"<p>\u0218erban Nicolae argumenteaz\u0103 c\u0103 alegerea pre\u0219edintelui PSD de c\u0103tre to\u021bi membrii din partid \u00eei creeaz\u0103 avantaje lui Liviu Dragnea \u0219i, mai mult dec\u00e2t at\u00e2t, blocheaz\u0103 \u0219ansele celorlal\u021bi candida\u021bi. Senatorul mai spune c\u0103 ceilal\u021bi candida\u021bi care aspir\u0103 la \u0219efia PSD nu au avut timp s\u0103-\u0219i fac\u0103 campanie electoral\u0103, s\u0103 mearg\u0103 \u00een teritoriu ca s\u0103 vorbeasc\u0103 cu [&hellip;]<\/p>\n","protected":false},"author":1,"featured_media":174351,"comment_status":"open","ping_status":"","sticky":false,"template":"","format":"standard","meta":{"footnotes":""},"categories":[2],"tags":[11],"class_list":["post-174350","post","type-post","status-publish","format-standard","has-post-thumbnail","hentry","category-politics","tag-digi24"],"_links":{"self":[{"href":"https:\/\/analyse.optim.biz\/index.php?rest_route=\/wp\/v2\/posts\/174350","targetHints":{"allow":["GET"]}}],"collection":[{"href":"https:\/\/analyse.optim.biz\/index.php?rest_route=\/wp\/v2\/posts"}],"about":[{"href":"https:\/\/analyse.optim.biz\/index.php?rest_route=\/wp\/v2\/types\/post"}],"author":[{"embeddable":true,"href":"https:\/\/analyse.optim.biz\/index.php?rest_route=\/wp\/v2\/users\/1"}],"replies":[{"embeddable":true,"href":"https:\/\/analyse.optim.biz\/index.php?rest_route=%2Fwp%2Fv2%2Fcomments&post=174350"}],"version-history":[{"count":0,"href":"https:\/\/analyse.optim.biz\/index.php?rest_route=\/wp\/v2\/posts\/174350\/revisions"}],"wp:featuredmedia":[{"embeddable":true,"href":"https:\/\/analyse.optim.biz\/index.php?rest_route=\/wp\/v2\/media\/174351"}],"wp:attachment":[{"href":"https:\/\/analyse.optim.biz\/index.php?rest_route=%2Fwp%2Fv2%2Fmedia&parent=174350"}],"wp:term":[{"taxonomy":"category","embeddable":true,"href":"https:\/\/analyse.optim.biz\/index.php?rest_route=%2Fwp%2Fv2%2Fcategories&post=174350"},{"taxonomy":"post_tag","embeddable":true,"href":"https:\/\/analyse.optim.biz\/index.php?rest_route=%2Fwp%2Fv2%2Ftags&post=174350"}],"curies":[{"name":"wp","href":"https:\/\/api.w.org\/{rel}","templated":true}]}}