{"id":1743106,"date":"2026-02-02T21:06:20","date_gmt":"2026-02-02T18:06:20","guid":{"rendered":"https:\/\/analyse.optim.biz\/?p=1743106"},"modified":"2026-02-02T21:06:20","modified_gmt":"2026-02-02T18:06:20","slug":"majoritatea-adaposturilor-de-protectie-civila-nefunctionale","status":"publish","type":"post","link":"https:\/\/analyse.optim.biz\/?p=1743106","title":{"rendered":"Majoritatea ad\u0103posturilor de protec\u0163ie civil\u0103 nefunc\u0163ionale"},"content":{"rendered":"<div class=\"td-ss-main-content\">\n<article id=\"post-117932\" class=\"post-117932 post type-post status-publish format-video has-post-thumbnail hentry category-actualitate post_format-post-format-video\">\n<div class=\"td-post-header\">\n<ul class=\"td-category\">\n<li class=\"entry-category\"><a href=\"https:\/\/www.tvbuzau.ro\/category\/actualitate\/\">Actualitate<\/a><\/li>\n<\/ul>\n<header class=\"td-post-title\">\n<h1 class=\"entry-title\">Majoritatea ad\u0103posturilor de protec\u0163ie civil\u0103 nefunc\u0163ionale<\/h1>\n<div class=\"td-module-meta-info\">\n<div class=\"td-post-author-name\">De c\u0103tre <a href=\"https:\/\/www.tvbuzau.ro\/author\/mihai-vasilescu\/\">TV Buz\u0103u<\/a> &#8211; <\/div>\n<p><span class=\"td-post-date\"><time class=\"entry-date updated td-module-date\" datetime=\"2026-02-02T21:06:20+00:00\">februarie 2, 2026<\/time><\/span><\/p>\n<div class=\"td-post-comments\"><a href=\"https:\/\/www.tvbuzau.ro\/majoritatea-adaposturilor-de-protectie-civila-nefunctionale\/#respond\">0<\/a><\/div>\n<div class=\"td-post-views\"><span class=\"td-nr-views-117932\">8<\/span><\/div>\n<\/div>\n<\/header>\n<\/div>\n<div class=\"td-post-sharing td-post-sharing-top td-with-like\">\n<div class=\"td-default-sharing\"><a class=\"td-social-sharing-buttons td-social-facebook\" href=\"http:\/\/www.facebook.com\/sharer.php?u=https%3A%2F%2Fwww.tvbuzau.ro%2Fmajoritatea-adaposturilor-de-protectie-civila-nefunctionale%2F\"><\/p>\n<div class=\"td-social-but-text\">Distribui\u021bi pe Facebook<\/div>\n<p><\/a><a class=\"td-social-sharing-buttons td-social-twitter\" href=\"https:\/\/twitter.com\/intent\/tweet?text=Majoritatea+ad%C4%83posturilor+de+protec%C5%A3ie+civil%C4%83+nefunc%C5%A3ionale&amp;url=https%3A%2F%2Fwww.tvbuzau.ro%2Fmajoritatea-adaposturilor-de-protectie-civila-nefunctionale%2F&amp;via=TV+Buz%C4%83u\"><\/p>\n<div class=\"td-social-but-text\">Distribui\u021bi pe Twitter<\/div>\n<p><\/a><\/div>\n<div class=\"td-classic-sharing\">\n<ul>\n<li class=\"td-classic-facebook\"><iframe frameborder src=\"https:\/\/www.facebook.com\/plugins\/like.php?href=https:\/\/www.tvbuzau.ro\/majoritatea-adaposturilor-de-protectie-civila-nefunctionale\/&amp;layout=button_count&amp;show_faces=false&amp;width=105&amp;action=like&amp;colorscheme=light&amp;height=21\"><\/iframe><\/li>\n<li class=\"td-classic-twitter\"><a href=\"https:\/\/twitter.com\/share\" class=\"twitter-share-button\" data-url=\"https:\/\/www.tvbuzau.ro\/majoritatea-adaposturilor-de-protectie-civila-nefunctionale\/\" data-text=\"Majoritatea ad\u0103posturilor de protec\u0163ie civil\u0103 nefunc\u0163ionale\" data-via data-lang=\"en\">tweet<\/a><\/li>\n<\/ul>\n<\/div>\n<\/div>\n<div class=\"td-post-content\">\n<div class=\"td-featured-image-rec\">\n<div class=\"wpb_video_wrapper\">\n                    <iframe loading=\"lazy\" id=\"td_youtube_player\" width=\"600\" height=\"560\" src=\"https:\/\/www.youtube.com\/embed\/3kTjsbi1aP4?enablejsapi=1&amp;feature=oembed&amp;wmode=opaque&amp;vq=hd720\" frameborder allowfullscreen><\/iframe><\/p><\/div>\n<\/div>\n<p>Ce lipseau din ad\u0103posturile aflate \u00een blocurile din ora\u015fe<br \/>\nMajoritatea ad\u0103posturilor de protec\u0163ie civil\u0103 nefunc\u0163ionale reiese \u00een urma unui control al Inspectoratului pentru Situ\u0163ii de Urgen\u0163\u0103 Buz\u0103u.<br \/>\nAd\u0103posturile de protec\u021bie civil\u0103 sunt spa\u021bii special amenajate, proiectate pentru a proteja popula\u021bia de efectele dezastrelor, inclusiv atacuri aeriene.<br \/>\nPrincipalele nereguli consttate de ISU Buz\u0103u au vizat lipsa unor echipamente de baz\u0103 care ar trebui s\u0103 se reg\u0103seasc\u0103 \u00een ad\u0103posturile de protec\u0163ie civil\u0103.<br \/>\nUrm\u0103toarea activitate de verificare a ad\u0103posturilor este programat\u0103 la un interval de \u0219ase luni de la ultima evaluare, care a avut loc \u00een luna noiembrie 2025.<\/p>\n<div class=\"post-views post-117932 entry-meta\"><span class=\"post-views-label\">Post Views: <\/span><span class=\"post-views-count\">143<\/span><\/div>\n<\/div>\n<footer>\n<div class=\"td-post-sharing td-post-sharing-bottom td-with-like\"><span class=\"td-post-share-title\">DISTRIBUI\u021aI<\/span><\/p>\n<div class=\"td-default-sharing\"><a class=\"td-social-sharing-buttons td-social-facebook\" href=\"http:\/\/www.facebook.com\/sharer.php?u=https%3A%2F%2Fwww.tvbuzau.ro%2Fmajoritatea-adaposturilor-de-protectie-civila-nefunctionale%2F\"><\/p>\n<div class=\"td-social-but-text\">Facebook<\/div>\n<p><\/a><a class=\"td-social-sharing-buttons td-social-twitter\" href=\"https:\/\/twitter.com\/intent\/tweet?text=Majoritatea+ad%C4%83posturilor+de+protec%C5%A3ie+civil%C4%83+nefunc%C5%A3ionale&amp;url=https%3A%2F%2Fwww.tvbuzau.ro%2Fmajoritatea-adaposturilor-de-protectie-civila-nefunctionale%2F&amp;via=TV+Buz%C4%83u\"><\/p>\n<div class=\"td-social-but-text\">Twitter<\/div>\n<p><\/a><\/div>\n<div class=\"td-classic-sharing\">\n<ul>\n<li class=\"td-classic-facebook\"><iframe frameborder src=\"https:\/\/www.facebook.com\/plugins\/like.php?href=https:\/\/www.tvbuzau.ro\/majoritatea-adaposturilor-de-protectie-civila-nefunctionale\/&amp;layout=button_count&amp;show_faces=false&amp;width=105&amp;action=like&amp;colorscheme=light&amp;height=21\"><\/iframe><\/li>\n<li class=\"td-classic-twitter\"><a href=\"https:\/\/twitter.com\/share\" class=\"twitter-share-button\" data-url=\"https:\/\/www.tvbuzau.ro\/majoritatea-adaposturilor-de-protectie-civila-nefunctionale\/\" data-text=\"Majoritatea ad\u0103posturilor de protec\u0163ie civil\u0103 nefunc\u0163ionale\" data-via data-lang=\"en\">tweet<\/a><\/li>\n<\/ul>\n<\/div>\n<\/div>\n<div class=\"td-author-name vcard author\"><span class=\"fn\"><a href=\"https:\/\/www.tvbuzau.ro\/author\/mihai-vasilescu\/\">TV Buz\u0103u<\/a><\/span><\/div>\n<p><span><\/span><span><span><\/span><\/span><span><\/span><\/footer>\n<\/article>\n<div class=\"td_block_wrap td_block_related_posts td_uid_1_69820478a6388_rand td_with_ajax_pagination td-pb-border-top\" data-td-block-uid=\"td_uid_1_69820478a6388\">\n<h4 class=\"td-related-title\"><a id=\"td_uid_2_69820478ab5f7\" class=\"td-related-left td-cur-simple-item\" data-td_filter_value data-td_block_id=\"td_uid_1_69820478a6388\" href=\"https:\/\/www.tvbuzau.ro\/majoritatea-adaposturilor-de-protectie-civila-nefunctionale\/\">ARTICOLE SIMILARE<\/a><a id=\"td_uid_3_69820478ab631\" class=\"td-related-right\" data-td_filter_value=\"td_related_more_from_author\" data-td_block_id=\"td_uid_1_69820478a6388\" href=\"https:\/\/www.tvbuzau.ro\/majoritatea-adaposturilor-de-protectie-civila-nefunctionale\/\">DE LA ACELA\u0218I AUTOR<\/a><\/h4>\n<div id=\"td_uid_1_69820478a6388\" class=\"td_block_inner\">\n<div class=\"td-related-row\">\n<div class=\"td-related-span4\">\n<div class=\"td_module_related_posts td-animation-stack td_mod_related_posts\">\n<div class=\"td-module-image\">\n<div class=\"td-module-thumb\"><a href=\"https:\/\/www.tvbuzau.ro\/a-fost-inaugurat-compartimentul-de-somnologie\/\" rel=\"bookmark\" title=\"A fost inaugurat Compartimentul de Somnologie\"><img loading=\"lazy\" decoding=\"async\" width=\"218\" height=\"150\" class=\"entry-thumb\" src=\"https:\/\/analyse.optim.biz\/wp-content\/uploads\/2026\/02\/hqdefault-3-218x150-3.jpg\" title=\"A fost inaugurat Compartimentul de Somnologie\"><span class=\"td-video-play-ico\"><img loading=\"lazy\" decoding=\"async\" width=\"40\" height=\"40\" class=\"td-retina\" src=\"https:\/\/analyse.optim.biz\/wp-content\/uploads\/2026\/02\/ico-video-large-3.png\" alt=\"video\" title=\"ico-video-large-3\"><\/span><\/a><\/div>\n<p><a href=\"https:\/\/www.tvbuzau.ro\/category\/actualitate\/\" class=\"td-post-category\">Actualitate<\/a><\/div>\n<div class=\"item-details\">\n<h3 class=\"entry-title td-module-title\"><a href=\"https:\/\/www.tvbuzau.ro\/a-fost-inaugurat-compartimentul-de-somnologie\/\" rel=\"bookmark\" title=\"A fost inaugurat Compartimentul de Somnologie\">A fost inaugurat Compartimentul de Somnologie<\/a><\/h3>\n<\/div>\n<\/div>\n<\/div>\n<div class=\"td-related-span4\">\n<div class=\"td_module_related_posts td-animation-stack td_mod_related_posts\">\n<div class=\"td-module-image\">\n<div class=\"td-module-thumb\"><a href=\"https:\/\/www.tvbuzau.ro\/operatiune-defrisare-garduri-vii-continua\/\" rel=\"bookmark\" title=\"Opera\u0163iune \u201cdefri\u015fare garduri vii\u201d continu\u0103\"><img loading=\"lazy\" decoding=\"async\" width=\"218\" height=\"150\" class=\"entry-thumb\" src=\"https:\/\/analyse.optim.biz\/wp-content\/uploads\/2026\/02\/sddefault-218x150-3.jpg\" title=\"Opera\u0163iune \u201cdefri\u015fare garduri vii\u201d continu\u0103\"><span class=\"td-video-play-ico\"><img loading=\"lazy\" decoding=\"async\" width=\"40\" height=\"40\" class=\"td-retina\" src=\"https:\/\/analyse.optim.biz\/wp-content\/uploads\/2026\/02\/ico-video-large-3.png\" alt=\"video\" title=\"ico-video-large-3\"><\/span><\/a><\/div>\n<p><a href=\"https:\/\/www.tvbuzau.ro\/category\/actualitate\/\" class=\"td-post-category\">Actualitate<\/a><\/div>\n<div class=\"item-details\">\n<h3 class=\"entry-title td-module-title\"><a href=\"https:\/\/www.tvbuzau.ro\/operatiune-defrisare-garduri-vii-continua\/\" rel=\"bookmark\" title=\"Opera\u0163iune \u201cdefri\u015fare garduri vii\u201d continu\u0103\">Opera\u0163iune \u201cdefri\u015fare garduri vii\u201d continu\u0103<\/a><\/h3>\n<\/div>\n<\/div>\n<\/div>\n<div class=\"td-related-span4\">\n<div class=\"td_module_related_posts td-animation-stack td_mod_related_posts\">\n<div class=\"td-module-image\">\n<div class=\"td-module-thumb\"><a href=\"https:\/\/www.tvbuzau.ro\/ziua-internationala-a-nonviolentei-in-scoli-transpusa-pe-scena-teatrului-george-ciprian\/\" rel=\"bookmark\" title=\"Ziua Interna\u021bional\u0103 a Nonviolen\u021bei \u00een \u015ecoli, transpus\u0103 pe scena Teatrului \u201cGeorge Ciprian\u201d\"><img loading=\"lazy\" decoding=\"async\" width=\"218\" height=\"150\" class=\"entry-thumb\" src=\"https:\/\/analyse.optim.biz\/wp-content\/uploads\/2026\/02\/hqdefault-1-218x150-3.jpg\" title=\"Ziua Interna\u021bional\u0103 a Nonviolen\u021bei \u00een \u015ecoli, transpus\u0103 pe scena Teatrului \u201cGeorge Ciprian\u201d\"><span class=\"td-video-play-ico\"><img loading=\"lazy\" decoding=\"async\" width=\"40\" height=\"40\" class=\"td-retina\" src=\"https:\/\/analyse.optim.biz\/wp-content\/uploads\/2026\/02\/ico-video-large-3.png\" alt=\"video\" title=\"ico-video-large-3\"><\/span><\/a><\/div>\n<p><a href=\"https:\/\/www.tvbuzau.ro\/category\/actualitate\/\" class=\"td-post-category\">Actualitate<\/a><\/div>\n<div class=\"item-details\">\n<h3 class=\"entry-title td-module-title\"><a href=\"https:\/\/www.tvbuzau.ro\/ziua-internationala-a-nonviolentei-in-scoli-transpusa-pe-scena-teatrului-george-ciprian\/\" rel=\"bookmark\" title=\"Ziua Interna\u021bional\u0103 a Nonviolen\u021bei \u00een \u015ecoli, transpus\u0103 pe scena Teatrului \u201cGeorge Ciprian\u201d\">Ziua Interna\u021bional\u0103 a Nonviolen\u021bei \u00een \u015ecoli, transpus\u0103 pe scena Teatrului \u201cGeorge Ciprian\u201d<\/a><\/h3>\n<\/div>\n<\/div>\n<\/div>\n<\/div>\n<div class=\"td-related-row\">\n<div class=\"td-related-span4\">\n<div class=\"td_module_related_posts td-animation-stack td_mod_related_posts\">\n<div class=\"td-module-image\">\n<div class=\"td-module-thumb\"><a href=\"https:\/\/www.tvbuzau.ro\/de-unde-vin-diferentele-si-pierderile-la-apa\/\" rel=\"bookmark\" title=\"De unde vin diferen\u0163ele \u015fi pierderile la ap\u0103?\"><img loading=\"lazy\" decoding=\"async\" width=\"218\" height=\"150\" class=\"entry-thumb\" src=\"https:\/\/analyse.optim.biz\/wp-content\/uploads\/2026\/02\/hqdefault-218x150-4.jpg\" title=\"De unde vin diferen\u0163ele \u015fi pierderile la ap\u0103?\"><span class=\"td-video-play-ico\"><img loading=\"lazy\" decoding=\"async\" width=\"40\" height=\"40\" class=\"td-retina\" src=\"https:\/\/analyse.optim.biz\/wp-content\/uploads\/2026\/02\/ico-video-large-3.png\" alt=\"video\" title=\"ico-video-large-3\"><\/span><\/a><\/div>\n<p><a href=\"https:\/\/www.tvbuzau.ro\/category\/actualitate\/\" class=\"td-post-category\">Actualitate<\/a><\/div>\n<div class=\"item-details\">\n<h3 class=\"entry-title td-module-title\"><a href=\"https:\/\/www.tvbuzau.ro\/de-unde-vin-diferentele-si-pierderile-la-apa\/\" rel=\"bookmark\" title=\"De unde vin diferen\u0163ele \u015fi pierderile la ap\u0103?\">De unde vin diferen\u0163ele \u015fi pierderile la ap\u0103?<\/a><\/h3>\n<\/div>\n<\/div>\n<\/div>\n<div class=\"td-related-span4\">\n<div class=\"td_module_related_posts td-animation-stack td_mod_related_posts\">\n<div class=\"td-module-image\">\n<div class=\"td-module-thumb\"><a href=\"https:\/\/www.tvbuzau.ro\/demersuri-pentru-un-consortiu-de-sanatate-la-buzau\/\" rel=\"bookmark\" title=\"Demersuri pentru un consor\u0163iu de s\u0103n\u0103tate la Buz\u0103u\"><img loading=\"lazy\" decoding=\"async\" width=\"218\" height=\"150\" class=\"entry-thumb\" src=\"https:\/\/analyse.optim.biz\/wp-content\/uploads\/2026\/02\/hqdefault-41-218x150-4.jpg\" title=\"Demersuri pentru un consor\u0163iu de s\u0103n\u0103tate la Buz\u0103u\"><span class=\"td-video-play-ico\"><img loading=\"lazy\" decoding=\"async\" width=\"40\" height=\"40\" class=\"td-retina\" src=\"https:\/\/analyse.optim.biz\/wp-content\/uploads\/2026\/02\/ico-video-large-3.png\" alt=\"video\" title=\"ico-video-large-3\"><\/span><\/a><\/div>\n<p><a href=\"https:\/\/www.tvbuzau.ro\/category\/actualitate\/\" class=\"td-post-category\">Actualitate<\/a><\/div>\n<div class=\"item-details\">\n<h3 class=\"entry-title td-module-title\"><a href=\"https:\/\/www.tvbuzau.ro\/demersuri-pentru-un-consortiu-de-sanatate-la-buzau\/\" rel=\"bookmark\" title=\"Demersuri pentru un consor\u0163iu de s\u0103n\u0103tate la Buz\u0103u\">Demersuri pentru un consor\u0163iu de s\u0103n\u0103tate la Buz\u0103u<\/a><\/h3>\n<\/div>\n<\/div>\n<\/div>\n<div class=\"td-related-span4\">\n<div class=\"td_module_related_posts td-animation-stack td_mod_related_posts\">\n<div class=\"td-module-image\">\n<div class=\"td-module-thumb\"><a href=\"https:\/\/www.tvbuzau.ro\/mii-de-obiecte-vor-fi-tratate-cu-aparatul-de-anoxie-al-muzeului-judetean\/\" rel=\"bookmark\" title=\"Mii de obiecte vor fi tratate cu aparatul de anoxie al Muzeului Jude\u0163ean\"><img loading=\"lazy\" decoding=\"async\" width=\"218\" height=\"150\" class=\"entry-thumb\" src=\"https:\/\/analyse.optim.biz\/wp-content\/uploads\/2026\/02\/hqdefault-40-218x150-4.jpg\" title=\"Mii de obiecte vor fi tratate cu aparatul de anoxie al Muzeului Jude\u0163ean\"><span class=\"td-video-play-ico\"><img loading=\"lazy\" decoding=\"async\" width=\"40\" height=\"40\" class=\"td-retina\" src=\"https:\/\/analyse.optim.biz\/wp-content\/uploads\/2026\/02\/ico-video-large-3.png\" alt=\"video\" title=\"ico-video-large-3\"><\/span><\/a><\/div>\n<p><a href=\"https:\/\/www.tvbuzau.ro\/category\/actualitate\/\" class=\"td-post-category\">Actualitate<\/a><\/div>\n<div class=\"item-details\">\n<h3 class=\"entry-title td-module-title\"><a href=\"https:\/\/www.tvbuzau.ro\/mii-de-obiecte-vor-fi-tratate-cu-aparatul-de-anoxie-al-muzeului-judetean\/\" rel=\"bookmark\" title=\"Mii de obiecte vor fi tratate cu aparatul de anoxie al Muzeului Jude\u0163ean\">Mii de obiecte vor fi tratate cu aparatul de anoxie al Muzeului Jude\u0163ean<\/a><\/h3>\n<\/div>\n<\/div>\n<\/div>\n<\/div>\n<\/div>\n<\/div>\n<div class=\"comments\" id=\"comments\">\n<div id=\"respond\" class=\"comment-respond\">\n<h3 id=\"reply-title\" class=\"comment-reply-title\">L\u0102SA\u021aI UN MESAJ <small><a rel=\"nofollow\" id=\"cancel-comment-reply-link\" href=\"https:\/\/www.tvbuzau.ro\/majoritatea-adaposturilor-de-protectie-civila-nefunctionale\/#respond\">Renun\u021ba\u021bi la r\u0103spuns<\/a><\/small><\/h3>\n<\/div>\n<\/div>\n<\/div>\n<div class=\"td-post-content\">\n<div class=\"td-featured-image-rec\">\n<div class=\"wpb_video_wrapper\">\n                    <iframe loading=\"lazy\" id=\"td_youtube_player\" width=\"600\" height=\"560\" src=\"https:\/\/www.youtube.com\/embed\/3kTjsbi1aP4?enablejsapi=1&amp;feature=oembed&amp;wmode=opaque&amp;vq=hd720\" frameborder allowfullscreen><\/iframe><\/p><\/div>\n<\/div>\n<p>Ce lipseau din ad\u0103posturile aflate \u00een blocurile din ora\u015fe<br \/>\nMajoritatea ad\u0103posturilor de protec\u0163ie civil\u0103 nefunc\u0163ionale reiese \u00een urma unui control al Inspectoratului pentru Situ\u0163ii de Urgen\u0163\u0103 Buz\u0103u.<br \/>\nAd\u0103posturile de protec\u021bie civil\u0103 sunt spa\u021bii special amenajate, proiectate pentru a proteja popula\u021bia de efectele dezastrelor, inclusiv atacuri aeriene.<br \/>\nPrincipalele nereguli consttate de ISU Buz\u0103u au vizat lipsa unor echipamente de baz\u0103 care ar trebui s\u0103 se reg\u0103seasc\u0103 \u00een ad\u0103posturile de protec\u0163ie civil\u0103.<br \/>\nUrm\u0103toarea activitate de verificare a ad\u0103posturilor este programat\u0103 la un interval de \u0219ase luni de la ultima evaluare, care a avut loc \u00een luna noiembrie 2025.<\/p>\n<div class=\"post-views post-117932 entry-meta\"><span class=\"post-views-label\">Post Views: <\/span><span class=\"post-views-count\">143<\/span><\/div>\n<\/div>\n<p> Source URL: https:\/\/www.tvbuzau.ro\/majoritatea-adaposturilor-de-protectie-civila-nefunctionale\/<\/p>\n","protected":false},"excerpt":{"rendered":"<p>Actualitate Majoritatea ad\u0103posturilor de protec\u0163ie civil\u0103 nefunc\u0163ionale De c\u0103tre TV Buz\u0103u &#8211; februarie 2, 2026 0 8 Distribui\u021bi pe Facebook Distribui\u021bi pe Twitter tweet Ce lipseau din ad\u0103posturile aflate \u00een blocurile din ora\u015fe Majoritatea ad\u0103posturilor de protec\u0163ie civil\u0103 nefunc\u0163ionale reiese \u00een urma unui control al Inspectoratului pentru Situ\u0163ii de Urgen\u0163\u0103 Buz\u0103u. Ad\u0103posturile de protec\u021bie civil\u0103 [&hellip;]<\/p>\n","protected":false},"author":1,"featured_media":1743107,"comment_status":"open","ping_status":"","sticky":false,"template":"","format":"standard","meta":{"footnotes":""},"categories":[2],"tags":[226,116],"class_list":["post-1743106","post","type-post","status-publish","format-standard","has-post-thumbnail","hentry","category-politics","tag-crawlmanager","tag-tvbuzau-ro"],"_links":{"self":[{"href":"https:\/\/analyse.optim.biz\/index.php?rest_route=\/wp\/v2\/posts\/1743106","targetHints":{"allow":["GET"]}}],"collection":[{"href":"https:\/\/analyse.optim.biz\/index.php?rest_route=\/wp\/v2\/posts"}],"about":[{"href":"https:\/\/analyse.optim.biz\/index.php?rest_route=\/wp\/v2\/types\/post"}],"author":[{"embeddable":true,"href":"https:\/\/analyse.optim.biz\/index.php?rest_route=\/wp\/v2\/users\/1"}],"replies":[{"embeddable":true,"href":"https:\/\/analyse.optim.biz\/index.php?rest_route=%2Fwp%2Fv2%2Fcomments&post=1743106"}],"version-history":[{"count":0,"href":"https:\/\/analyse.optim.biz\/index.php?rest_route=\/wp\/v2\/posts\/1743106\/revisions"}],"wp:featuredmedia":[{"embeddable":true,"href":"https:\/\/analyse.optim.biz\/index.php?rest_route=\/wp\/v2\/media\/1743107"}],"wp:attachment":[{"href":"https:\/\/analyse.optim.biz\/index.php?rest_route=%2Fwp%2Fv2%2Fmedia&parent=1743106"}],"wp:term":[{"taxonomy":"category","embeddable":true,"href":"https:\/\/analyse.optim.biz\/index.php?rest_route=%2Fwp%2Fv2%2Fcategories&post=1743106"},{"taxonomy":"post_tag","embeddable":true,"href":"https:\/\/analyse.optim.biz\/index.php?rest_route=%2Fwp%2Fv2%2Ftags&post=1743106"}],"curies":[{"name":"wp","href":"https:\/\/api.w.org\/{rel}","templated":true}]}}