{"id":1743048,"date":"2026-02-02T21:01:55","date_gmt":"2026-02-02T18:01:55","guid":{"rendered":"https:\/\/analyse.optim.biz\/?p=1743048"},"modified":"2026-02-02T21:01:55","modified_gmt":"2026-02-02T18:01:55","slug":"ziua-internationala-a-nonviolentei-in-scoli-transpusa-pe-scena-teatrului-george-ciprian","status":"publish","type":"post","link":"https:\/\/analyse.optim.biz\/?p=1743048","title":{"rendered":"Ziua Interna\u021bional\u0103 a Nonviolen\u021bei \u00een \u015ecoli, transpus\u0103 pe scena Teatrului \u201cGeorge Ciprian\u201d"},"content":{"rendered":"<div class=\"td-ss-main-content\">\n<article id=\"post-117926\" class=\"post-117926 post type-post status-publish format-video has-post-thumbnail hentry category-actualitate post_format-post-format-video\">\n<div class=\"td-post-header\">\n<ul class=\"td-category\">\n<li class=\"entry-category\"><a href=\"https:\/\/www.tvbuzau.ro\/category\/actualitate\/\">Actualitate<\/a><\/li>\n<\/ul>\n<header class=\"td-post-title\">\n<h1 class=\"entry-title\">Ziua Interna\u021bional\u0103 a Nonviolen\u021bei \u00een \u015ecoli, transpus\u0103 pe scena Teatrului \u201cGeorge Ciprian\u201d<\/h1>\n<div class=\"td-module-meta-info\">\n<div class=\"td-post-author-name\">De c\u0103tre <a href=\"https:\/\/www.tvbuzau.ro\/author\/mihai-vasilescu\/\">TV Buz\u0103u<\/a> &#8211; <\/div>\n<p><span class=\"td-post-date\"><time class=\"entry-date updated td-module-date\" datetime=\"2026-02-02T21:01:55+00:00\">februarie 2, 2026<\/time><\/span><\/p>\n<div class=\"td-post-comments\"><a href=\"https:\/\/www.tvbuzau.ro\/ziua-internationala-a-nonviolentei-in-scoli-transpusa-pe-scena-teatrului-george-ciprian\/#respond\">0<\/a><\/div>\n<div class=\"td-post-views\"><span class=\"td-nr-views-117926\">14<\/span><\/div>\n<\/div>\n<\/header>\n<\/div>\n<div class=\"td-post-sharing td-post-sharing-top td-with-like\">\n<div class=\"td-default-sharing\"><a class=\"td-social-sharing-buttons td-social-facebook\" href=\"http:\/\/www.facebook.com\/sharer.php?u=https%3A%2F%2Fwww.tvbuzau.ro%2Fziua-internationala-a-nonviolentei-in-scoli-transpusa-pe-scena-teatrului-george-ciprian%2F\"><\/p>\n<div class=\"td-social-but-text\">Distribui\u021bi pe Facebook<\/div>\n<p><\/a><a class=\"td-social-sharing-buttons td-social-twitter\" href=\"https:\/\/twitter.com\/intent\/tweet?text=Ziua+Interna%C8%9Bional%C4%83+a+Nonviolen%C8%9Bei+%C3%AEn+%C5%9Ecoli%2C+transpus%C4%83+pe+scena+Teatrului+%E2%80%9CGeorge+Ciprian%E2%80%9D&amp;url=https%3A%2F%2Fwww.tvbuzau.ro%2Fziua-internationala-a-nonviolentei-in-scoli-transpusa-pe-scena-teatrului-george-ciprian%2F&amp;via=TV+Buz%C4%83u\"><\/p>\n<div class=\"td-social-but-text\">Distribui\u021bi pe Twitter<\/div>\n<p><\/a><\/div>\n<div class=\"td-classic-sharing\">\n<ul>\n<li class=\"td-classic-facebook\"><iframe frameborder src=\"https:\/\/www.facebook.com\/plugins\/like.php?href=https:\/\/www.tvbuzau.ro\/ziua-internationala-a-nonviolentei-in-scoli-transpusa-pe-scena-teatrului-george-ciprian\/&amp;layout=button_count&amp;show_faces=false&amp;width=105&amp;action=like&amp;colorscheme=light&amp;height=21\"><\/iframe><\/li>\n<li class=\"td-classic-twitter\"><a href=\"https:\/\/twitter.com\/share\" class=\"twitter-share-button\" data-url=\"https:\/\/www.tvbuzau.ro\/ziua-internationala-a-nonviolentei-in-scoli-transpusa-pe-scena-teatrului-george-ciprian\/\" data-text=\"Ziua Interna\u021bional\u0103 a Nonviolen\u021bei \u00een \u015ecoli, transpus\u0103 pe scena Teatrului \u201cGeorge Ciprian\u201d\" data-via data-lang=\"en\">tweet<\/a><\/li>\n<\/ul>\n<\/div>\n<\/div>\n<div class=\"td-post-content\">\n<div class=\"td-featured-image-rec\">\n<div class=\"wpb_video_wrapper\">\n                    <iframe loading=\"lazy\" id=\"td_youtube_player\" width=\"600\" height=\"560\" src=\"https:\/\/www.youtube.com\/embed\/4vutptrxdTM?enablejsapi=1&amp;feature=oembed&amp;wmode=opaque&amp;vq=hd720\" frameborder allowfullscreen><\/iframe><\/p><\/div>\n<\/div>\n<p>Despre violen\u021ba din mediul \u0219colar \u015fi implica\u021biile \u00een plan personal<br \/>\nPoli\u021bi\u0219tii din cadrul Biroului Siguran\u021b\u0103 \u0218colar\u0103, \u00een parteneriat cu elevii Trupei de teatru Treivirgul\u0103pai\u0219pe a Colegiului Na\u021bional \u201dBogdan Petriceicu Hasdeu\u201d Buz\u0103u, au optat s\u0103 marcheze Ziua Interna\u021bional\u0103 a Nonviolen\u021bei \u00een \u015ecoli \u00eentr-un mod inedit \u2013 printr-un spectacol manifest, g\u0103zduit de Teatrul \u201cGeorge Ciprian\u201d. Spectatori au fost poli\u021bi\u0219tii din Buz\u0103u, \u00eenso\u021bi\u021bi de copiii acestora, afla\u021bi la v\u00e2rsta adolescen\u021bei, modalitate prin care au dorit s\u0103 sublinieze c\u0103, dincolo de preocuparea profesional\u0103, violen\u021ba din mediul \u0219colar are implica\u021bii \u0219i \u00een plan personal.<br \/>\nExperien\u021bele de via\u021b\u0103 ale liceenilor au fost transformate \u00een acte artistice: piese de teatru, monologuri, dans \u0219i art\u0103 fotografic\u0103, cu scopul sensibiliz\u0103rii publicului participant \u0219i opiniei publice cu privire la formele de violen\u021b\u0103 la care pot fi expu\u0219i adolescen\u021bii \u0219i tinerii, at\u00e2t \u00een mediul social, c\u00e2t \u0219i \u00een mediul \u0219colar.<br \/>\nEvenimentul a fost denumit \u201dNoduri \u0219i Semne\u201d, titlu inspirat de volumul de poezii al lui Nichita St\u0103nescu, f\u0103c\u00e2nd trimitere c\u0103tre ceea ce simte victima violen\u021bei \u2013 \u201dnod \u00een g\u00e2t\u201d \u0219i \u201dsemne r\u0103mase \u00een suflet\u201d, a anun\u0163at Inspectoratul Jude\u0163ean de Poli\u0163ie Buz\u0103u.<br \/>\nReprezentan\u021bii Institu\u021biei Prefectului s-au al\u0103turat evenimentului, reiter\u00e2nd sus\u021binerea pe care o acord\u0103 tuturor formelor de combatere a violen\u021bei \u00een particular, dar \u0219i ordinii \u0219i siguran\u021bei publice la nivelul jude\u021bului, \u00een general.<br \/>\nPiesa \u201dNoduri &amp; Semne\u201d se inspir\u0103 at\u00e2t din cazuri reale, c\u00e2t \u0219i din texte de referin\u021b\u0103 din literatura anti-bullying.  Piesa a fost jucat\u0103 de c\u0103tre Trupa de teatru Treivirgul\u0103pai\u0219pe la Buz\u0103u, la Muzeul Jude\u021bean \u0219i la Teatrul \u201dGeorge Ciprian\u201d, dar \u0219i la Br\u0103ila, la Teatrul \u201dMaria Filotti\u201d, \u00een cadrul Festivalului \u201dAna Blandiana\u201d, fiind la a cincea reprezenta\u021bie.  Anul trecut, spectacolul a reprezentat piesa central\u0103 a proiectului \u201dAdolescen\u021b\u0103 f\u0103r\u0103 violen\u021b\u0103\u201d al Colegiului Na\u021bional \u201eBogdan Petriceicu Hasdeu\u201d, care a c\u00e2\u0219tigat Marele Premiu la Concurs Na\u021bional \u201d\u0218coli f\u0103r\u0103 bullying\u201d, coordonat de Organiza\u021bia \u201dSalva\u021bi Copiii\u201d.<\/p>\n<div class=\"post-views post-117926 entry-meta\"><span class=\"post-views-label\">Post Views: <\/span><span class=\"post-views-count\">152<\/span><\/div>\n<\/div>\n<footer>\n<div class=\"td-post-sharing td-post-sharing-bottom td-with-like\"><span class=\"td-post-share-title\">DISTRIBUI\u021aI<\/span><\/p>\n<div class=\"td-default-sharing\"><a class=\"td-social-sharing-buttons td-social-facebook\" href=\"http:\/\/www.facebook.com\/sharer.php?u=https%3A%2F%2Fwww.tvbuzau.ro%2Fziua-internationala-a-nonviolentei-in-scoli-transpusa-pe-scena-teatrului-george-ciprian%2F\"><\/p>\n<div class=\"td-social-but-text\">Facebook<\/div>\n<p><\/a><a class=\"td-social-sharing-buttons td-social-twitter\" href=\"https:\/\/twitter.com\/intent\/tweet?text=Ziua+Interna%C8%9Bional%C4%83+a+Nonviolen%C8%9Bei+%C3%AEn+%C5%9Ecoli%2C+transpus%C4%83+pe+scena+Teatrului+%E2%80%9CGeorge+Ciprian%E2%80%9D&amp;url=https%3A%2F%2Fwww.tvbuzau.ro%2Fziua-internationala-a-nonviolentei-in-scoli-transpusa-pe-scena-teatrului-george-ciprian%2F&amp;via=TV+Buz%C4%83u\"><\/p>\n<div class=\"td-social-but-text\">Twitter<\/div>\n<p><\/a><\/div>\n<div class=\"td-classic-sharing\">\n<ul>\n<li class=\"td-classic-facebook\"><iframe frameborder src=\"https:\/\/www.facebook.com\/plugins\/like.php?href=https:\/\/www.tvbuzau.ro\/ziua-internationala-a-nonviolentei-in-scoli-transpusa-pe-scena-teatrului-george-ciprian\/&amp;layout=button_count&amp;show_faces=false&amp;width=105&amp;action=like&amp;colorscheme=light&amp;height=21\"><\/iframe><\/li>\n<li class=\"td-classic-twitter\"><a href=\"https:\/\/twitter.com\/share\" class=\"twitter-share-button\" data-url=\"https:\/\/www.tvbuzau.ro\/ziua-internationala-a-nonviolentei-in-scoli-transpusa-pe-scena-teatrului-george-ciprian\/\" data-text=\"Ziua Interna\u021bional\u0103 a Nonviolen\u021bei \u00een \u015ecoli, transpus\u0103 pe scena Teatrului \u201cGeorge Ciprian\u201d\" data-via data-lang=\"en\">tweet<\/a><\/li>\n<\/ul>\n<\/div>\n<\/div>\n<div class=\"td-author-name vcard author\"><span class=\"fn\"><a href=\"https:\/\/www.tvbuzau.ro\/author\/mihai-vasilescu\/\">TV Buz\u0103u<\/a><\/span><\/div>\n<p><span><\/span><span><span><\/span><\/span><span><\/span><\/footer>\n<\/article>\n<div class=\"td_block_wrap td_block_related_posts td_uid_1_69820443be662_rand td_with_ajax_pagination td-pb-border-top\" data-td-block-uid=\"td_uid_1_69820443be662\">\n<h4 class=\"td-related-title\"><a id=\"td_uid_2_69820443c3a61\" class=\"td-related-left td-cur-simple-item\" data-td_filter_value data-td_block_id=\"td_uid_1_69820443be662\" href=\"https:\/\/www.tvbuzau.ro\/ziua-internationala-a-nonviolentei-in-scoli-transpusa-pe-scena-teatrului-george-ciprian\/\">ARTICOLE SIMILARE<\/a><a id=\"td_uid_3_69820443c3a9a\" class=\"td-related-right\" data-td_filter_value=\"td_related_more_from_author\" data-td_block_id=\"td_uid_1_69820443be662\" href=\"https:\/\/www.tvbuzau.ro\/ziua-internationala-a-nonviolentei-in-scoli-transpusa-pe-scena-teatrului-george-ciprian\/\">DE LA ACELA\u0218I AUTOR<\/a><\/h4>\n<div id=\"td_uid_1_69820443be662\" class=\"td_block_inner\">\n<div class=\"td-related-row\">\n<div class=\"td-related-span4\">\n<div class=\"td_module_related_posts td-animation-stack td_mod_related_posts\">\n<div class=\"td-module-image\">\n<div class=\"td-module-thumb\"><a href=\"https:\/\/www.tvbuzau.ro\/a-fost-inaugurat-compartimentul-de-somnologie\/\" rel=\"bookmark\" title=\"A fost inaugurat Compartimentul de Somnologie\"><img loading=\"lazy\" decoding=\"async\" width=\"218\" height=\"150\" class=\"entry-thumb\" src=\"https:\/\/analyse.optim.biz\/wp-content\/uploads\/2026\/02\/hqdefault-3-218x150-1.jpg\" title=\"A fost inaugurat Compartimentul de Somnologie\"><span class=\"td-video-play-ico\"><img loading=\"lazy\" decoding=\"async\" width=\"40\" height=\"40\" class=\"td-retina\" src=\"https:\/\/analyse.optim.biz\/wp-content\/uploads\/2026\/02\/ico-video-large-1.png\" alt=\"video\" title=\"ico-video-large-1\"><\/span><\/a><\/div>\n<p><a href=\"https:\/\/www.tvbuzau.ro\/category\/actualitate\/\" class=\"td-post-category\">Actualitate<\/a><\/div>\n<div class=\"item-details\">\n<h3 class=\"entry-title td-module-title\"><a href=\"https:\/\/www.tvbuzau.ro\/a-fost-inaugurat-compartimentul-de-somnologie\/\" rel=\"bookmark\" title=\"A fost inaugurat Compartimentul de Somnologie\">A fost inaugurat Compartimentul de Somnologie<\/a><\/h3>\n<\/div>\n<\/div>\n<\/div>\n<div class=\"td-related-span4\">\n<div class=\"td_module_related_posts td-animation-stack td_mod_related_posts\">\n<div class=\"td-module-image\">\n<div class=\"td-module-thumb\"><a href=\"https:\/\/www.tvbuzau.ro\/majoritatea-adaposturilor-de-protectie-civila-nefunctionale\/\" rel=\"bookmark\" title=\"Majoritatea ad\u0103posturilor de protec\u0163ie civil\u0103 nefunc\u0163ionale\"><img loading=\"lazy\" decoding=\"async\" width=\"218\" height=\"150\" class=\"entry-thumb\" src=\"https:\/\/analyse.optim.biz\/wp-content\/uploads\/2026\/02\/hqdefault-2-218x150-2.jpg\" title=\"Majoritatea ad\u0103posturilor de protec\u0163ie civil\u0103 nefunc\u0163ionale\"><span class=\"td-video-play-ico\"><img loading=\"lazy\" decoding=\"async\" width=\"40\" height=\"40\" class=\"td-retina\" src=\"https:\/\/analyse.optim.biz\/wp-content\/uploads\/2026\/02\/ico-video-large-1.png\" alt=\"video\" title=\"ico-video-large-1\"><\/span><\/a><\/div>\n<p><a href=\"https:\/\/www.tvbuzau.ro\/category\/actualitate\/\" class=\"td-post-category\">Actualitate<\/a><\/div>\n<div class=\"item-details\">\n<h3 class=\"entry-title td-module-title\"><a href=\"https:\/\/www.tvbuzau.ro\/majoritatea-adaposturilor-de-protectie-civila-nefunctionale\/\" rel=\"bookmark\" title=\"Majoritatea ad\u0103posturilor de protec\u0163ie civil\u0103 nefunc\u0163ionale\">Majoritatea ad\u0103posturilor de protec\u0163ie civil\u0103 nefunc\u0163ionale<\/a><\/h3>\n<\/div>\n<\/div>\n<\/div>\n<div class=\"td-related-span4\">\n<div class=\"td_module_related_posts td-animation-stack td_mod_related_posts\">\n<div class=\"td-module-image\">\n<div class=\"td-module-thumb\"><a href=\"https:\/\/www.tvbuzau.ro\/operatiune-defrisare-garduri-vii-continua\/\" rel=\"bookmark\" title=\"Opera\u0163iune \u201cdefri\u015fare garduri vii\u201d continu\u0103\"><img loading=\"lazy\" decoding=\"async\" width=\"218\" height=\"150\" class=\"entry-thumb\" src=\"https:\/\/analyse.optim.biz\/wp-content\/uploads\/2026\/02\/sddefault-218x150-2.jpg\" title=\"Opera\u0163iune \u201cdefri\u015fare garduri vii\u201d continu\u0103\"><span class=\"td-video-play-ico\"><img loading=\"lazy\" decoding=\"async\" width=\"40\" height=\"40\" class=\"td-retina\" src=\"https:\/\/analyse.optim.biz\/wp-content\/uploads\/2026\/02\/ico-video-large-1.png\" alt=\"video\" title=\"ico-video-large-1\"><\/span><\/a><\/div>\n<p><a href=\"https:\/\/www.tvbuzau.ro\/category\/actualitate\/\" class=\"td-post-category\">Actualitate<\/a><\/div>\n<div class=\"item-details\">\n<h3 class=\"entry-title td-module-title\"><a href=\"https:\/\/www.tvbuzau.ro\/operatiune-defrisare-garduri-vii-continua\/\" rel=\"bookmark\" title=\"Opera\u0163iune \u201cdefri\u015fare garduri vii\u201d continu\u0103\">Opera\u0163iune \u201cdefri\u015fare garduri vii\u201d continu\u0103<\/a><\/h3>\n<\/div>\n<\/div>\n<\/div>\n<\/div>\n<div class=\"td-related-row\">\n<div class=\"td-related-span4\">\n<div class=\"td_module_related_posts td-animation-stack td_mod_related_posts\">\n<div class=\"td-module-image\">\n<div class=\"td-module-thumb\"><a href=\"https:\/\/www.tvbuzau.ro\/de-unde-vin-diferentele-si-pierderile-la-apa\/\" rel=\"bookmark\" title=\"De unde vin diferen\u0163ele \u015fi pierderile la ap\u0103?\"><img loading=\"lazy\" decoding=\"async\" width=\"218\" height=\"150\" class=\"entry-thumb\" src=\"https:\/\/analyse.optim.biz\/wp-content\/uploads\/2026\/02\/hqdefault-218x150-2.jpg\" title=\"De unde vin diferen\u0163ele \u015fi pierderile la ap\u0103?\"><span class=\"td-video-play-ico\"><img loading=\"lazy\" decoding=\"async\" width=\"40\" height=\"40\" class=\"td-retina\" src=\"https:\/\/analyse.optim.biz\/wp-content\/uploads\/2026\/02\/ico-video-large-1.png\" alt=\"video\" title=\"ico-video-large-1\"><\/span><\/a><\/div>\n<p><a href=\"https:\/\/www.tvbuzau.ro\/category\/actualitate\/\" class=\"td-post-category\">Actualitate<\/a><\/div>\n<div class=\"item-details\">\n<h3 class=\"entry-title td-module-title\"><a href=\"https:\/\/www.tvbuzau.ro\/de-unde-vin-diferentele-si-pierderile-la-apa\/\" rel=\"bookmark\" title=\"De unde vin diferen\u0163ele \u015fi pierderile la ap\u0103?\">De unde vin diferen\u0163ele \u015fi pierderile la ap\u0103?<\/a><\/h3>\n<\/div>\n<\/div>\n<\/div>\n<div class=\"td-related-span4\">\n<div class=\"td_module_related_posts td-animation-stack td_mod_related_posts\">\n<div class=\"td-module-image\">\n<div class=\"td-module-thumb\"><a href=\"https:\/\/www.tvbuzau.ro\/demersuri-pentru-un-consortiu-de-sanatate-la-buzau\/\" rel=\"bookmark\" title=\"Demersuri pentru un consor\u0163iu de s\u0103n\u0103tate la Buz\u0103u\"><img loading=\"lazy\" decoding=\"async\" width=\"218\" height=\"150\" class=\"entry-thumb\" src=\"https:\/\/analyse.optim.biz\/wp-content\/uploads\/2026\/02\/hqdefault-41-218x150-2.jpg\" title=\"Demersuri pentru un consor\u0163iu de s\u0103n\u0103tate la Buz\u0103u\"><span class=\"td-video-play-ico\"><img loading=\"lazy\" decoding=\"async\" width=\"40\" height=\"40\" class=\"td-retina\" src=\"https:\/\/analyse.optim.biz\/wp-content\/uploads\/2026\/02\/ico-video-large-1.png\" alt=\"video\" title=\"ico-video-large-1\"><\/span><\/a><\/div>\n<p><a href=\"https:\/\/www.tvbuzau.ro\/category\/actualitate\/\" class=\"td-post-category\">Actualitate<\/a><\/div>\n<div class=\"item-details\">\n<h3 class=\"entry-title td-module-title\"><a href=\"https:\/\/www.tvbuzau.ro\/demersuri-pentru-un-consortiu-de-sanatate-la-buzau\/\" rel=\"bookmark\" title=\"Demersuri pentru un consor\u0163iu de s\u0103n\u0103tate la Buz\u0103u\">Demersuri pentru un consor\u0163iu de s\u0103n\u0103tate la Buz\u0103u<\/a><\/h3>\n<\/div>\n<\/div>\n<\/div>\n<div class=\"td-related-span4\">\n<div class=\"td_module_related_posts td-animation-stack td_mod_related_posts\">\n<div class=\"td-module-image\">\n<div class=\"td-module-thumb\"><a href=\"https:\/\/www.tvbuzau.ro\/mii-de-obiecte-vor-fi-tratate-cu-aparatul-de-anoxie-al-muzeului-judetean\/\" rel=\"bookmark\" title=\"Mii de obiecte vor fi tratate cu aparatul de anoxie al Muzeului Jude\u0163ean\"><img loading=\"lazy\" decoding=\"async\" width=\"218\" height=\"150\" class=\"entry-thumb\" src=\"https:\/\/analyse.optim.biz\/wp-content\/uploads\/2026\/02\/hqdefault-40-218x150-2.jpg\" title=\"Mii de obiecte vor fi tratate cu aparatul de anoxie al Muzeului Jude\u0163ean\"><span class=\"td-video-play-ico\"><img loading=\"lazy\" decoding=\"async\" width=\"40\" height=\"40\" class=\"td-retina\" src=\"https:\/\/analyse.optim.biz\/wp-content\/uploads\/2026\/02\/ico-video-large-1.png\" alt=\"video\" title=\"ico-video-large-1\"><\/span><\/a><\/div>\n<p><a href=\"https:\/\/www.tvbuzau.ro\/category\/actualitate\/\" class=\"td-post-category\">Actualitate<\/a><\/div>\n<div class=\"item-details\">\n<h3 class=\"entry-title td-module-title\"><a href=\"https:\/\/www.tvbuzau.ro\/mii-de-obiecte-vor-fi-tratate-cu-aparatul-de-anoxie-al-muzeului-judetean\/\" rel=\"bookmark\" title=\"Mii de obiecte vor fi tratate cu aparatul de anoxie al Muzeului Jude\u0163ean\">Mii de obiecte vor fi tratate cu aparatul de anoxie al Muzeului Jude\u0163ean<\/a><\/h3>\n<\/div>\n<\/div>\n<\/div>\n<\/div>\n<\/div>\n<\/div>\n<div class=\"comments\" id=\"comments\">\n<div id=\"respond\" class=\"comment-respond\">\n<h3 id=\"reply-title\" class=\"comment-reply-title\">L\u0102SA\u021aI UN MESAJ <small><a rel=\"nofollow\" id=\"cancel-comment-reply-link\" href=\"https:\/\/www.tvbuzau.ro\/ziua-internationala-a-nonviolentei-in-scoli-transpusa-pe-scena-teatrului-george-ciprian\/#respond\">Renun\u021ba\u021bi la r\u0103spuns<\/a><\/small><\/h3>\n<\/div>\n<\/div>\n<\/div>\n<div class=\"td-post-content\">\n<div class=\"td-featured-image-rec\">\n<div class=\"wpb_video_wrapper\">\n                    <iframe loading=\"lazy\" id=\"td_youtube_player\" width=\"600\" height=\"560\" src=\"https:\/\/www.youtube.com\/embed\/4vutptrxdTM?enablejsapi=1&amp;feature=oembed&amp;wmode=opaque&amp;vq=hd720\" frameborder allowfullscreen><\/iframe><\/p><\/div>\n<\/div>\n<p>Despre violen\u021ba din mediul \u0219colar \u015fi implica\u021biile \u00een plan personal<br \/>\nPoli\u021bi\u0219tii din cadrul Biroului Siguran\u021b\u0103 \u0218colar\u0103, \u00een parteneriat cu elevii Trupei de teatru Treivirgul\u0103pai\u0219pe a Colegiului Na\u021bional \u201dBogdan Petriceicu Hasdeu\u201d Buz\u0103u, au optat s\u0103 marcheze Ziua Interna\u021bional\u0103 a Nonviolen\u021bei \u00een \u015ecoli \u00eentr-un mod inedit \u2013 printr-un spectacol manifest, g\u0103zduit de Teatrul \u201cGeorge Ciprian\u201d. Spectatori au fost poli\u021bi\u0219tii din Buz\u0103u, \u00eenso\u021bi\u021bi de copiii acestora, afla\u021bi la v\u00e2rsta adolescen\u021bei, modalitate prin care au dorit s\u0103 sublinieze c\u0103, dincolo de preocuparea profesional\u0103, violen\u021ba din mediul \u0219colar are implica\u021bii \u0219i \u00een plan personal.<br \/>\nExperien\u021bele de via\u021b\u0103 ale liceenilor au fost transformate \u00een acte artistice: piese de teatru, monologuri, dans \u0219i art\u0103 fotografic\u0103, cu scopul sensibiliz\u0103rii publicului participant \u0219i opiniei publice cu privire la formele de violen\u021b\u0103 la care pot fi expu\u0219i adolescen\u021bii \u0219i tinerii, at\u00e2t \u00een mediul social, c\u00e2t \u0219i \u00een mediul \u0219colar.<br \/>\nEvenimentul a fost denumit \u201dNoduri \u0219i Semne\u201d, titlu inspirat de volumul de poezii al lui Nichita St\u0103nescu, f\u0103c\u00e2nd trimitere c\u0103tre ceea ce simte victima violen\u021bei \u2013 \u201dnod \u00een g\u00e2t\u201d \u0219i \u201dsemne r\u0103mase \u00een suflet\u201d, a anun\u0163at Inspectoratul Jude\u0163ean de Poli\u0163ie Buz\u0103u.<br \/>\nReprezentan\u021bii Institu\u021biei Prefectului s-au al\u0103turat evenimentului, reiter\u00e2nd sus\u021binerea pe care o acord\u0103 tuturor formelor de combatere a violen\u021bei \u00een particular, dar \u0219i ordinii \u0219i siguran\u021bei publice la nivelul jude\u021bului, \u00een general.<br \/>\nPiesa \u201dNoduri &amp; Semne\u201d se inspir\u0103 at\u00e2t din cazuri reale, c\u00e2t \u0219i din texte de referin\u021b\u0103 din literatura anti-bullying.  Piesa a fost jucat\u0103 de c\u0103tre Trupa de teatru Treivirgul\u0103pai\u0219pe la Buz\u0103u, la Muzeul Jude\u021bean \u0219i la Teatrul \u201dGeorge Ciprian\u201d, dar \u0219i la Br\u0103ila, la Teatrul \u201dMaria Filotti\u201d, \u00een cadrul Festivalului \u201dAna Blandiana\u201d, fiind la a cincea reprezenta\u021bie.  Anul trecut, spectacolul a reprezentat piesa central\u0103 a proiectului \u201dAdolescen\u021b\u0103 f\u0103r\u0103 violen\u021b\u0103\u201d al Colegiului Na\u021bional \u201eBogdan Petriceicu Hasdeu\u201d, care a c\u00e2\u0219tigat Marele Premiu la Concurs Na\u021bional \u201d\u0218coli f\u0103r\u0103 bullying\u201d, coordonat de Organiza\u021bia \u201dSalva\u021bi Copiii\u201d.<\/p>\n<div class=\"post-views post-117926 entry-meta\"><span class=\"post-views-label\">Post Views: <\/span><span class=\"post-views-count\">152<\/span><\/div>\n<\/div>\n<p> Source URL: https:\/\/www.tvbuzau.ro\/ziua-internationala-a-nonviolentei-in-scoli-transpusa-pe-scena-teatrului-george-ciprian\/<\/p>\n","protected":false},"excerpt":{"rendered":"<p>Actualitate Ziua Interna\u021bional\u0103 a Nonviolen\u021bei \u00een \u015ecoli, transpus\u0103 pe scena Teatrului \u201cGeorge Ciprian\u201d De c\u0103tre TV Buz\u0103u &#8211; februarie 2, 2026 0 14 Distribui\u021bi pe Facebook Distribui\u021bi pe Twitter tweet Despre violen\u021ba din mediul \u0219colar \u015fi implica\u021biile \u00een plan personal Poli\u021bi\u0219tii din cadrul Biroului Siguran\u021b\u0103 \u0218colar\u0103, \u00een parteneriat cu elevii Trupei de teatru Treivirgul\u0103pai\u0219pe a [&hellip;]<\/p>\n","protected":false},"author":1,"featured_media":1743049,"comment_status":"open","ping_status":"","sticky":false,"template":"","format":"standard","meta":{"footnotes":""},"categories":[2],"tags":[226,116],"class_list":["post-1743048","post","type-post","status-publish","format-standard","has-post-thumbnail","hentry","category-politics","tag-crawlmanager","tag-tvbuzau-ro"],"_links":{"self":[{"href":"https:\/\/analyse.optim.biz\/index.php?rest_route=\/wp\/v2\/posts\/1743048","targetHints":{"allow":["GET"]}}],"collection":[{"href":"https:\/\/analyse.optim.biz\/index.php?rest_route=\/wp\/v2\/posts"}],"about":[{"href":"https:\/\/analyse.optim.biz\/index.php?rest_route=\/wp\/v2\/types\/post"}],"author":[{"embeddable":true,"href":"https:\/\/analyse.optim.biz\/index.php?rest_route=\/wp\/v2\/users\/1"}],"replies":[{"embeddable":true,"href":"https:\/\/analyse.optim.biz\/index.php?rest_route=%2Fwp%2Fv2%2Fcomments&post=1743048"}],"version-history":[{"count":0,"href":"https:\/\/analyse.optim.biz\/index.php?rest_route=\/wp\/v2\/posts\/1743048\/revisions"}],"wp:featuredmedia":[{"embeddable":true,"href":"https:\/\/analyse.optim.biz\/index.php?rest_route=\/wp\/v2\/media\/1743049"}],"wp:attachment":[{"href":"https:\/\/analyse.optim.biz\/index.php?rest_route=%2Fwp%2Fv2%2Fmedia&parent=1743048"}],"wp:term":[{"taxonomy":"category","embeddable":true,"href":"https:\/\/analyse.optim.biz\/index.php?rest_route=%2Fwp%2Fv2%2Fcategories&post=1743048"},{"taxonomy":"post_tag","embeddable":true,"href":"https:\/\/analyse.optim.biz\/index.php?rest_route=%2Fwp%2Fv2%2Ftags&post=1743048"}],"curies":[{"name":"wp","href":"https:\/\/api.w.org\/{rel}","templated":true}]}}