{"id":1743038,"date":"2026-02-02T21:07:22","date_gmt":"2026-02-02T18:07:22","guid":{"rendered":"https:\/\/analyse.optim.biz\/?p=1743038"},"modified":"2026-02-02T21:07:22","modified_gmt":"2026-02-02T18:07:22","slug":"a-fost-inaugurat-compartimentul-de-somnologie","status":"publish","type":"post","link":"https:\/\/analyse.optim.biz\/?p=1743038","title":{"rendered":"A fost inaugurat Compartimentul de Somnologie"},"content":{"rendered":"<div class=\"td-ss-main-content\">\n<article id=\"post-117935\" class=\"post-117935 post type-post status-publish format-video has-post-thumbnail hentry category-actualitate post_format-post-format-video\">\n<div class=\"td-post-header\">\n<ul class=\"td-category\">\n<li class=\"entry-category\"><a href=\"https:\/\/www.tvbuzau.ro\/category\/actualitate\/\">Actualitate<\/a><\/li>\n<\/ul>\n<header class=\"td-post-title\">\n<h1 class=\"entry-title\">A fost inaugurat Compartimentul de Somnologie<\/h1>\n<div class=\"td-module-meta-info\">\n<div class=\"td-post-author-name\">De c\u0103tre <a href=\"https:\/\/www.tvbuzau.ro\/author\/mihai-vasilescu\/\">TV Buz\u0103u<\/a> &#8211; <\/div>\n<p><span class=\"td-post-date\"><time class=\"entry-date updated td-module-date\" datetime=\"2026-02-02T21:07:22+00:00\">februarie 2, 2026<\/time><\/span><\/p>\n<div class=\"td-post-comments\"><a href=\"https:\/\/www.tvbuzau.ro\/a-fost-inaugurat-compartimentul-de-somnologie\/#respond\">0<\/a><\/div>\n<div class=\"td-post-views\"><span class=\"td-nr-views-117935\">20<\/span><\/div>\n<\/div>\n<\/header>\n<\/div>\n<div class=\"td-post-sharing td-post-sharing-top td-with-like\">\n<div class=\"td-default-sharing\"><a class=\"td-social-sharing-buttons td-social-facebook\" href=\"http:\/\/www.facebook.com\/sharer.php?u=https%3A%2F%2Fwww.tvbuzau.ro%2Fa-fost-inaugurat-compartimentul-de-somnologie%2F\"><\/p>\n<div class=\"td-social-but-text\">Distribui\u021bi pe Facebook<\/div>\n<p><\/a><a class=\"td-social-sharing-buttons td-social-twitter\" href=\"https:\/\/twitter.com\/intent\/tweet?text=A+fost+inaugurat+Compartimentul+de+Somnologie&amp;url=https%3A%2F%2Fwww.tvbuzau.ro%2Fa-fost-inaugurat-compartimentul-de-somnologie%2F&amp;via=TV+Buz%C4%83u\"><\/p>\n<div class=\"td-social-but-text\">Distribui\u021bi pe Twitter<\/div>\n<p><\/a><\/div>\n<div class=\"td-classic-sharing\">\n<ul>\n<li class=\"td-classic-facebook\"><iframe frameborder src=\"https:\/\/www.facebook.com\/plugins\/like.php?href=https:\/\/www.tvbuzau.ro\/a-fost-inaugurat-compartimentul-de-somnologie\/&amp;layout=button_count&amp;show_faces=false&amp;width=105&amp;action=like&amp;colorscheme=light&amp;height=21\"><\/iframe><\/li>\n<li class=\"td-classic-twitter\"><a href=\"https:\/\/twitter.com\/share\" class=\"twitter-share-button\" data-url=\"https:\/\/www.tvbuzau.ro\/a-fost-inaugurat-compartimentul-de-somnologie\/\" data-text=\"A fost inaugurat Compartimentul de Somnologie\" data-via data-lang=\"en\">tweet<\/a><\/li>\n<\/ul>\n<\/div>\n<\/div>\n<div class=\"td-post-content\">\n<div class=\"td-featured-image-rec\">\n<div class=\"wpb_video_wrapper\">\n                    <iframe loading=\"lazy\" id=\"td_youtube_player\" width=\"600\" height=\"560\" src=\"https:\/\/www.youtube.com\/embed\/HlIoeCD0FIs?enablejsapi=1&amp;feature=oembed&amp;wmode=opaque&amp;vq=hd720\" frameborder allowfullscreen><\/iframe><\/p><\/div>\n<\/div>\n<p>675 de pacien\u021bi au beneficiat p\u00e2n\u0103 \u00een prezent de servicii medicale specializate<br \/>\nLa Spitalul Jude\u0163ean a fost inaugurat Compartimentul de Somnologie din cadrul , acesta fiind organizat \u00een cadrul Sec\u0163iei de Chirurgie General\u0103.<br \/>\nCompartimentul dispune de dou\u0103 rezerve, cu un total de 4 paturi.\u00cen cadrul inaugur\u0103rii, doi pacien\u021bi diagnostica\u021bi cu apnee de somn sever\u0103, form\u0103 complex\u0103, au beneficiat de terapie CPAP. Coordonatorul Compartimentului de Somnologie este Dr. Oana Goidescu, medic primar chirurg \u2013 chirurgie general\u0103, doctor \u00een \u0219tiin\u021be medicale, cu competen\u021be \u00een somnologie nivel I, II \u0219i III, inclusiv \u00een ventila\u021bie non-invaziv\u0103.<br \/>\nAfec\u0163iunile care pot fi tratate sunt multiple, arat\u0103 specialistul spitalului.<br \/>\nPotrivit Spitalului Jude\u0163ean, 675 de pacien\u021bi au beneficiat p\u00e2n\u0103 \u00een prezent de aceste servicii. Totodat\u0103, doi pacien\u021bi au beneficiat de titrare polisomnografica. Aceasta presupune internarea pacientului, efectuarea analizelor \u0219i investiga\u021biilor necesare, iar pe timpul nop\u021bii, acesta este monitorizat cu ajutorul mai multor electrozi \u0219i supravegheat video. Presiunea aparatului de terapie poate fi ajustat\u0103 \u00een timp real, iar la final se \u00eentocme\u0219te un raport cu recomand\u0103ri personalizate, \u00een func\u021bie de nevoile fiec\u0103rui pacient, informeaz\u0103 specialistul unit\u0103\u0163ii medicale.<\/p>\n<div class=\"post-views post-117935 entry-meta\"><span class=\"post-views-label\">Post Views: <\/span><span class=\"post-views-count\">182<\/span><\/div>\n<\/div>\n<footer>\n<div class=\"td-post-sharing td-post-sharing-bottom td-with-like\"><span class=\"td-post-share-title\">DISTRIBUI\u021aI<\/span><\/p>\n<div class=\"td-default-sharing\"><a class=\"td-social-sharing-buttons td-social-facebook\" href=\"http:\/\/www.facebook.com\/sharer.php?u=https%3A%2F%2Fwww.tvbuzau.ro%2Fa-fost-inaugurat-compartimentul-de-somnologie%2F\"><\/p>\n<div class=\"td-social-but-text\">Facebook<\/div>\n<p><\/a><a class=\"td-social-sharing-buttons td-social-twitter\" href=\"https:\/\/twitter.com\/intent\/tweet?text=A+fost+inaugurat+Compartimentul+de+Somnologie&amp;url=https%3A%2F%2Fwww.tvbuzau.ro%2Fa-fost-inaugurat-compartimentul-de-somnologie%2F&amp;via=TV+Buz%C4%83u\"><\/p>\n<div class=\"td-social-but-text\">Twitter<\/div>\n<p><\/a><\/div>\n<div class=\"td-classic-sharing\">\n<ul>\n<li class=\"td-classic-facebook\"><iframe frameborder src=\"https:\/\/www.facebook.com\/plugins\/like.php?href=https:\/\/www.tvbuzau.ro\/a-fost-inaugurat-compartimentul-de-somnologie\/&amp;layout=button_count&amp;show_faces=false&amp;width=105&amp;action=like&amp;colorscheme=light&amp;height=21\"><\/iframe><\/li>\n<li class=\"td-classic-twitter\"><a href=\"https:\/\/twitter.com\/share\" class=\"twitter-share-button\" data-url=\"https:\/\/www.tvbuzau.ro\/a-fost-inaugurat-compartimentul-de-somnologie\/\" data-text=\"A fost inaugurat Compartimentul de Somnologie\" data-via data-lang=\"en\">tweet<\/a><\/li>\n<\/ul>\n<\/div>\n<\/div>\n<div class=\"td-author-name vcard author\"><span class=\"fn\"><a href=\"https:\/\/www.tvbuzau.ro\/author\/mihai-vasilescu\/\">TV Buz\u0103u<\/a><\/span><\/div>\n<p><span><\/span><span><span><\/span><\/span><span><\/span><\/footer>\n<\/article>\n<div class=\"td_block_wrap td_block_related_posts td_uid_1_69820428579d5_rand td_with_ajax_pagination td-pb-border-top\" data-td-block-uid=\"td_uid_1_69820428579d5\">\n<h4 class=\"td-related-title\"><a id=\"td_uid_2_698204285cb16\" class=\"td-related-left td-cur-simple-item\" data-td_filter_value data-td_block_id=\"td_uid_1_69820428579d5\" href=\"https:\/\/www.tvbuzau.ro\/a-fost-inaugurat-compartimentul-de-somnologie\/\">ARTICOLE SIMILARE<\/a><a id=\"td_uid_3_698204285cb52\" class=\"td-related-right\" data-td_filter_value=\"td_related_more_from_author\" data-td_block_id=\"td_uid_1_69820428579d5\" href=\"https:\/\/www.tvbuzau.ro\/a-fost-inaugurat-compartimentul-de-somnologie\/\">DE LA ACELA\u0218I AUTOR<\/a><\/h4>\n<div id=\"td_uid_1_69820428579d5\" class=\"td_block_inner\">\n<div class=\"td-related-row\">\n<div class=\"td-related-span4\">\n<div class=\"td_module_related_posts td-animation-stack td_mod_related_posts\">\n<div class=\"td-module-image\">\n<div class=\"td-module-thumb\"><a href=\"https:\/\/www.tvbuzau.ro\/majoritatea-adaposturilor-de-protectie-civila-nefunctionale\/\" rel=\"bookmark\" title=\"Majoritatea ad\u0103posturilor de protec\u0163ie civil\u0103 nefunc\u0163ionale\"><img loading=\"lazy\" decoding=\"async\" width=\"218\" height=\"150\" class=\"entry-thumb\" src=\"https:\/\/analyse.optim.biz\/wp-content\/uploads\/2026\/02\/hqdefault-2-218x150-1.jpg\" title=\"Majoritatea ad\u0103posturilor de protec\u0163ie civil\u0103 nefunc\u0163ionale\"><span class=\"td-video-play-ico\"><img loading=\"lazy\" decoding=\"async\" width=\"40\" height=\"40\" class=\"td-retina\" src=\"https:\/\/analyse.optim.biz\/wp-content\/uploads\/2026\/02\/ico-video-large.png\" alt=\"video\" title=\"ico-video-large\"><\/span><\/a><\/div>\n<p><a href=\"https:\/\/www.tvbuzau.ro\/category\/actualitate\/\" class=\"td-post-category\">Actualitate<\/a><\/div>\n<div class=\"item-details\">\n<h3 class=\"entry-title td-module-title\"><a href=\"https:\/\/www.tvbuzau.ro\/majoritatea-adaposturilor-de-protectie-civila-nefunctionale\/\" rel=\"bookmark\" title=\"Majoritatea ad\u0103posturilor de protec\u0163ie civil\u0103 nefunc\u0163ionale\">Majoritatea ad\u0103posturilor de protec\u0163ie civil\u0103 nefunc\u0163ionale<\/a><\/h3>\n<\/div>\n<\/div>\n<\/div>\n<div class=\"td-related-span4\">\n<div class=\"td_module_related_posts td-animation-stack td_mod_related_posts\">\n<div class=\"td-module-image\">\n<div class=\"td-module-thumb\"><a href=\"https:\/\/www.tvbuzau.ro\/operatiune-defrisare-garduri-vii-continua\/\" rel=\"bookmark\" title=\"Opera\u0163iune \u201cdefri\u015fare garduri vii\u201d continu\u0103\"><img loading=\"lazy\" decoding=\"async\" width=\"218\" height=\"150\" class=\"entry-thumb\" src=\"https:\/\/analyse.optim.biz\/wp-content\/uploads\/2026\/02\/sddefault-218x150-1.jpg\" title=\"Opera\u0163iune \u201cdefri\u015fare garduri vii\u201d continu\u0103\"><span class=\"td-video-play-ico\"><img loading=\"lazy\" decoding=\"async\" width=\"40\" height=\"40\" class=\"td-retina\" src=\"https:\/\/analyse.optim.biz\/wp-content\/uploads\/2026\/02\/ico-video-large.png\" alt=\"video\" title=\"ico-video-large\"><\/span><\/a><\/div>\n<p><a href=\"https:\/\/www.tvbuzau.ro\/category\/actualitate\/\" class=\"td-post-category\">Actualitate<\/a><\/div>\n<div class=\"item-details\">\n<h3 class=\"entry-title td-module-title\"><a href=\"https:\/\/www.tvbuzau.ro\/operatiune-defrisare-garduri-vii-continua\/\" rel=\"bookmark\" title=\"Opera\u0163iune \u201cdefri\u015fare garduri vii\u201d continu\u0103\">Opera\u0163iune \u201cdefri\u015fare garduri vii\u201d continu\u0103<\/a><\/h3>\n<\/div>\n<\/div>\n<\/div>\n<div class=\"td-related-span4\">\n<div class=\"td_module_related_posts td-animation-stack td_mod_related_posts\">\n<div class=\"td-module-image\">\n<div class=\"td-module-thumb\"><a href=\"https:\/\/www.tvbuzau.ro\/ziua-internationala-a-nonviolentei-in-scoli-transpusa-pe-scena-teatrului-george-ciprian\/\" rel=\"bookmark\" title=\"Ziua Interna\u021bional\u0103 a Nonviolen\u021bei \u00een \u015ecoli, transpus\u0103 pe scena Teatrului \u201cGeorge Ciprian\u201d\"><img loading=\"lazy\" decoding=\"async\" width=\"218\" height=\"150\" class=\"entry-thumb\" src=\"https:\/\/analyse.optim.biz\/wp-content\/uploads\/2026\/02\/hqdefault-1-218x150-1.jpg\" title=\"Ziua Interna\u021bional\u0103 a Nonviolen\u021bei \u00een \u015ecoli, transpus\u0103 pe scena Teatrului \u201cGeorge Ciprian\u201d\"><span class=\"td-video-play-ico\"><img loading=\"lazy\" decoding=\"async\" width=\"40\" height=\"40\" class=\"td-retina\" src=\"https:\/\/analyse.optim.biz\/wp-content\/uploads\/2026\/02\/ico-video-large.png\" alt=\"video\" title=\"ico-video-large\"><\/span><\/a><\/div>\n<p><a href=\"https:\/\/www.tvbuzau.ro\/category\/actualitate\/\" class=\"td-post-category\">Actualitate<\/a><\/div>\n<div class=\"item-details\">\n<h3 class=\"entry-title td-module-title\"><a href=\"https:\/\/www.tvbuzau.ro\/ziua-internationala-a-nonviolentei-in-scoli-transpusa-pe-scena-teatrului-george-ciprian\/\" rel=\"bookmark\" title=\"Ziua Interna\u021bional\u0103 a Nonviolen\u021bei \u00een \u015ecoli, transpus\u0103 pe scena Teatrului \u201cGeorge Ciprian\u201d\">Ziua Interna\u021bional\u0103 a Nonviolen\u021bei \u00een \u015ecoli, transpus\u0103 pe scena Teatrului \u201cGeorge Ciprian\u201d<\/a><\/h3>\n<\/div>\n<\/div>\n<\/div>\n<\/div>\n<div class=\"td-related-row\">\n<div class=\"td-related-span4\">\n<div class=\"td_module_related_posts td-animation-stack td_mod_related_posts\">\n<div class=\"td-module-image\">\n<div class=\"td-module-thumb\"><a href=\"https:\/\/www.tvbuzau.ro\/de-unde-vin-diferentele-si-pierderile-la-apa\/\" rel=\"bookmark\" title=\"De unde vin diferen\u0163ele \u015fi pierderile la ap\u0103?\"><img loading=\"lazy\" decoding=\"async\" width=\"218\" height=\"150\" class=\"entry-thumb\" src=\"https:\/\/analyse.optim.biz\/wp-content\/uploads\/2026\/02\/hqdefault-218x150-1.jpg\" title=\"De unde vin diferen\u0163ele \u015fi pierderile la ap\u0103?\"><span class=\"td-video-play-ico\"><img loading=\"lazy\" decoding=\"async\" width=\"40\" height=\"40\" class=\"td-retina\" src=\"https:\/\/analyse.optim.biz\/wp-content\/uploads\/2026\/02\/ico-video-large.png\" alt=\"video\" title=\"ico-video-large\"><\/span><\/a><\/div>\n<p><a href=\"https:\/\/www.tvbuzau.ro\/category\/actualitate\/\" class=\"td-post-category\">Actualitate<\/a><\/div>\n<div class=\"item-details\">\n<h3 class=\"entry-title td-module-title\"><a href=\"https:\/\/www.tvbuzau.ro\/de-unde-vin-diferentele-si-pierderile-la-apa\/\" rel=\"bookmark\" title=\"De unde vin diferen\u0163ele \u015fi pierderile la ap\u0103?\">De unde vin diferen\u0163ele \u015fi pierderile la ap\u0103?<\/a><\/h3>\n<\/div>\n<\/div>\n<\/div>\n<div class=\"td-related-span4\">\n<div class=\"td_module_related_posts td-animation-stack td_mod_related_posts\">\n<div class=\"td-module-image\">\n<div class=\"td-module-thumb\"><a href=\"https:\/\/www.tvbuzau.ro\/demersuri-pentru-un-consortiu-de-sanatate-la-buzau\/\" rel=\"bookmark\" title=\"Demersuri pentru un consor\u0163iu de s\u0103n\u0103tate la Buz\u0103u\"><img loading=\"lazy\" decoding=\"async\" width=\"218\" height=\"150\" class=\"entry-thumb\" src=\"https:\/\/analyse.optim.biz\/wp-content\/uploads\/2026\/02\/hqdefault-41-218x150-1.jpg\" title=\"Demersuri pentru un consor\u0163iu de s\u0103n\u0103tate la Buz\u0103u\"><span class=\"td-video-play-ico\"><img loading=\"lazy\" decoding=\"async\" width=\"40\" height=\"40\" class=\"td-retina\" src=\"https:\/\/analyse.optim.biz\/wp-content\/uploads\/2026\/02\/ico-video-large.png\" alt=\"video\" title=\"ico-video-large\"><\/span><\/a><\/div>\n<p><a href=\"https:\/\/www.tvbuzau.ro\/category\/actualitate\/\" class=\"td-post-category\">Actualitate<\/a><\/div>\n<div class=\"item-details\">\n<h3 class=\"entry-title td-module-title\"><a href=\"https:\/\/www.tvbuzau.ro\/demersuri-pentru-un-consortiu-de-sanatate-la-buzau\/\" rel=\"bookmark\" title=\"Demersuri pentru un consor\u0163iu de s\u0103n\u0103tate la Buz\u0103u\">Demersuri pentru un consor\u0163iu de s\u0103n\u0103tate la Buz\u0103u<\/a><\/h3>\n<\/div>\n<\/div>\n<\/div>\n<div class=\"td-related-span4\">\n<div class=\"td_module_related_posts td-animation-stack td_mod_related_posts\">\n<div class=\"td-module-image\">\n<div class=\"td-module-thumb\"><a href=\"https:\/\/www.tvbuzau.ro\/mii-de-obiecte-vor-fi-tratate-cu-aparatul-de-anoxie-al-muzeului-judetean\/\" rel=\"bookmark\" title=\"Mii de obiecte vor fi tratate cu aparatul de anoxie al Muzeului Jude\u0163ean\"><img loading=\"lazy\" decoding=\"async\" width=\"218\" height=\"150\" class=\"entry-thumb\" src=\"https:\/\/analyse.optim.biz\/wp-content\/uploads\/2026\/02\/hqdefault-40-218x150-1.jpg\" title=\"Mii de obiecte vor fi tratate cu aparatul de anoxie al Muzeului Jude\u0163ean\"><span class=\"td-video-play-ico\"><img loading=\"lazy\" decoding=\"async\" width=\"40\" height=\"40\" class=\"td-retina\" src=\"https:\/\/analyse.optim.biz\/wp-content\/uploads\/2026\/02\/ico-video-large.png\" alt=\"video\" title=\"ico-video-large\"><\/span><\/a><\/div>\n<p><a href=\"https:\/\/www.tvbuzau.ro\/category\/actualitate\/\" class=\"td-post-category\">Actualitate<\/a><\/div>\n<div class=\"item-details\">\n<h3 class=\"entry-title td-module-title\"><a href=\"https:\/\/www.tvbuzau.ro\/mii-de-obiecte-vor-fi-tratate-cu-aparatul-de-anoxie-al-muzeului-judetean\/\" rel=\"bookmark\" title=\"Mii de obiecte vor fi tratate cu aparatul de anoxie al Muzeului Jude\u0163ean\">Mii de obiecte vor fi tratate cu aparatul de anoxie al Muzeului Jude\u0163ean<\/a><\/h3>\n<\/div>\n<\/div>\n<\/div>\n<\/div>\n<\/div>\n<\/div>\n<div class=\"comments\" id=\"comments\">\n<div id=\"respond\" class=\"comment-respond\">\n<h3 id=\"reply-title\" class=\"comment-reply-title\">L\u0102SA\u021aI UN MESAJ <small><a rel=\"nofollow\" id=\"cancel-comment-reply-link\" href=\"https:\/\/www.tvbuzau.ro\/a-fost-inaugurat-compartimentul-de-somnologie\/#respond\">Renun\u021ba\u021bi la r\u0103spuns<\/a><\/small><\/h3>\n<\/div>\n<\/div>\n<\/div>\n<div class=\"td-post-content\">\n<div class=\"td-featured-image-rec\">\n<div class=\"wpb_video_wrapper\">\n                    <iframe loading=\"lazy\" id=\"td_youtube_player\" width=\"600\" height=\"560\" src=\"https:\/\/www.youtube.com\/embed\/HlIoeCD0FIs?enablejsapi=1&amp;feature=oembed&amp;wmode=opaque&amp;vq=hd720\" frameborder allowfullscreen><\/iframe><\/p><\/div>\n<\/div>\n<p>675 de pacien\u021bi au beneficiat p\u00e2n\u0103 \u00een prezent de servicii medicale specializate<br \/>\nLa Spitalul Jude\u0163ean a fost inaugurat Compartimentul de Somnologie din cadrul , acesta fiind organizat \u00een cadrul Sec\u0163iei de Chirurgie General\u0103.<br \/>\nCompartimentul dispune de dou\u0103 rezerve, cu un total de 4 paturi.\u00cen cadrul inaugur\u0103rii, doi pacien\u021bi diagnostica\u021bi cu apnee de somn sever\u0103, form\u0103 complex\u0103, au beneficiat de terapie CPAP. Coordonatorul Compartimentului de Somnologie este Dr. Oana Goidescu, medic primar chirurg \u2013 chirurgie general\u0103, doctor \u00een \u0219tiin\u021be medicale, cu competen\u021be \u00een somnologie nivel I, II \u0219i III, inclusiv \u00een ventila\u021bie non-invaziv\u0103.<br \/>\nAfec\u0163iunile care pot fi tratate sunt multiple, arat\u0103 specialistul spitalului.<br \/>\nPotrivit Spitalului Jude\u0163ean, 675 de pacien\u021bi au beneficiat p\u00e2n\u0103 \u00een prezent de aceste servicii. Totodat\u0103, doi pacien\u021bi au beneficiat de titrare polisomnografica. Aceasta presupune internarea pacientului, efectuarea analizelor \u0219i investiga\u021biilor necesare, iar pe timpul nop\u021bii, acesta este monitorizat cu ajutorul mai multor electrozi \u0219i supravegheat video. Presiunea aparatului de terapie poate fi ajustat\u0103 \u00een timp real, iar la final se \u00eentocme\u0219te un raport cu recomand\u0103ri personalizate, \u00een func\u021bie de nevoile fiec\u0103rui pacient, informeaz\u0103 specialistul unit\u0103\u0163ii medicale.<\/p>\n<div class=\"post-views post-117935 entry-meta\"><span class=\"post-views-label\">Post Views: <\/span><span class=\"post-views-count\">182<\/span><\/div>\n<\/div>\n<p> Source URL: https:\/\/www.tvbuzau.ro\/a-fost-inaugurat-compartimentul-de-somnologie\/<\/p>\n","protected":false},"excerpt":{"rendered":"<p>Actualitate A fost inaugurat Compartimentul de Somnologie De c\u0103tre TV Buz\u0103u &#8211; februarie 2, 2026 0 20 Distribui\u021bi pe Facebook Distribui\u021bi pe Twitter tweet 675 de pacien\u021bi au beneficiat p\u00e2n\u0103 \u00een prezent de servicii medicale specializate La Spitalul Jude\u0163ean a fost inaugurat Compartimentul de Somnologie din cadrul , acesta fiind organizat \u00een cadrul Sec\u0163iei de [&hellip;]<\/p>\n","protected":false},"author":1,"featured_media":1743039,"comment_status":"open","ping_status":"","sticky":false,"template":"","format":"standard","meta":{"footnotes":""},"categories":[2],"tags":[226,116],"class_list":["post-1743038","post","type-post","status-publish","format-standard","has-post-thumbnail","hentry","category-politics","tag-crawlmanager","tag-tvbuzau-ro"],"_links":{"self":[{"href":"https:\/\/analyse.optim.biz\/index.php?rest_route=\/wp\/v2\/posts\/1743038","targetHints":{"allow":["GET"]}}],"collection":[{"href":"https:\/\/analyse.optim.biz\/index.php?rest_route=\/wp\/v2\/posts"}],"about":[{"href":"https:\/\/analyse.optim.biz\/index.php?rest_route=\/wp\/v2\/types\/post"}],"author":[{"embeddable":true,"href":"https:\/\/analyse.optim.biz\/index.php?rest_route=\/wp\/v2\/users\/1"}],"replies":[{"embeddable":true,"href":"https:\/\/analyse.optim.biz\/index.php?rest_route=%2Fwp%2Fv2%2Fcomments&post=1743038"}],"version-history":[{"count":0,"href":"https:\/\/analyse.optim.biz\/index.php?rest_route=\/wp\/v2\/posts\/1743038\/revisions"}],"wp:featuredmedia":[{"embeddable":true,"href":"https:\/\/analyse.optim.biz\/index.php?rest_route=\/wp\/v2\/media\/1743039"}],"wp:attachment":[{"href":"https:\/\/analyse.optim.biz\/index.php?rest_route=%2Fwp%2Fv2%2Fmedia&parent=1743038"}],"wp:term":[{"taxonomy":"category","embeddable":true,"href":"https:\/\/analyse.optim.biz\/index.php?rest_route=%2Fwp%2Fv2%2Fcategories&post=1743038"},{"taxonomy":"post_tag","embeddable":true,"href":"https:\/\/analyse.optim.biz\/index.php?rest_route=%2Fwp%2Fv2%2Ftags&post=1743038"}],"curies":[{"name":"wp","href":"https:\/\/api.w.org\/{rel}","templated":true}]}}