{"id":174073,"date":"2015-09-29T19:25:33","date_gmt":"2015-09-29T16:25:33","guid":{"rendered":"https:\/\/analyse.optim.biz\/?p=174073"},"modified":"2015-09-29T19:25:33","modified_gmt":"2015-09-29T16:25:33","slug":"klaus-iohannis-a-pledat-la-onu-pentru-infiintarea-unei-curti-internationale-pentru-crimele-terorismului","status":"publish","type":"post","link":"https:\/\/analyse.optim.biz\/?p=174073","title":{"rendered":"Klaus Iohannis a pledat la ONU pentru \u00eenfiin\u021barea unei Cur\u021bi Interna\u021bionale pentru Crimele Terorismului"},"content":{"rendered":"<div class=\"entry data-app-meta data-app-meta-article\" data-embed-base-url-canonical=\"https:\/\/www.digi24.ro\/embed\/stiri\/actualitate\/politica\/klaus-iohannis-a-pledat-la-onu-pentru-infiintarea-unei-curti-internationale-pentru-crimele-terorismului-443068\">\n<p data-index=\"1\"><img decoding=\"async\" src=\"https:\/\/analyse.optim.biz\/wp-content\/uploads\/2024\/09\/odywnwi0ytjhymfkzjm0mty1nze3mjk5ogqyzjnjoa-thumb_.jpg\" data-skip-htmlfix=\"1\" title=\"odywnwi0ytjhymfkzjm0mty1nze3mjk5ogqyzjnjoa-thumb_\"><\/p>\n<p data-index=\"2\">\u201e<span>Terorismul este cea mai mare amenin\u0163are la adresa p\u0103cii mondiale. Na\u0163iunile Unite trebuie s\u0103 fac\u0103 mai mult pentru a combate acest flagel, inclusiv cu instrumente juridice care includ dreptul penal interna\u021bional. Lu\u00e2nd \u00een considerare acest obiectiv, Rom\u00e2nia \u0219i Spania au determinat un proces de reflec\u021bie privind posibila \u00eenfiin\u021bare a unei Cur\u021bi Interna\u021bionale pentru Crimele Terorismului. Am vorbit azi, \u00een fa\u0163a Adun\u0103rii Generale a ONU, \u015fi despre valurile de refugia\u0163i, consecin\u0163e ale conflictelor din Orientul Mijlociu \u015fi din sudul Mediteranei. Noi to\u0163i, Na\u0163iunile Unite, trebuie s\u0103 rezolv\u0103m principalele cauze ale migra\u0163iei: s\u0103 oprim distrugerea structurii sociale a societ\u0103\u021bilor afectate de conflict \u0219i s\u0103 ajut\u0103m popula\u021biile s\u0103 scape de s\u0103r\u0103cie extrem\u0103\u201d, a ar\u0103tat Klaus Iohannis \u00een mesajul s\u0103u.<\/span><\/p>\n<p data-index=\"3\">\u201e<span>Consolidarea justitiei interna\u021bionale \u0219i nevoia de a pune cap\u0103t impunit\u0103\u021bii ar trebui s\u0103 determine o abordare juridic\u0103 consolidat\u0103 cu privire la terorismul interna\u021bional. Terorismul reprezint\u0103 gradul cel mai \u00eenalt de crime \u00eempotriva indivizilor \u0219i a societ\u0103\u021bilor. \u00cen opinia Rom\u00e2niei, comunitatea interna\u021bional\u0103 trebuie s\u0103 fac\u0103 mai mult pentru a combate terorismul cu instrumente juridice care includ dreptul penal interna\u021bional. Lu\u00e2nd \u00een considerare acest obiectiv, Rom\u00e2nia \u0219i Spania au determinat un proces de reflec\u021bie privind posibila \u00eenfiin\u021bare a unei Cur\u021bi Interna\u021bionale pentru Crimele Terorismului\u201d, a reiterat \u0219eful statului.<\/span><\/p>\n<p data-index=\"4\">\u201eSuntem pe deplin con\u0219tien\u021bi de dificult\u0103\u021bile conceptuale \u0219i opera\u021bionale ale unei asemenea \u00eentreprinderi. Totu\u0219i, valorile care sus\u021bin aceast\u0103 reflec\u021bie ce vizeaz\u0103 consolidarea statului de drept \u00een efortul nostru antiterorist multilateral, au \u0219anse s\u0103 genereze noi idei pentru dezvoltarea de instrumente juridice. Credem c\u0103 acest proces de reflec\u021bie \u00ee\u0219i are propriul merit, deoarece va alimenta dezbaterea privind consolidarea valorilor justi\u021biei \u0219i ale dreptului interna\u021bional. A\u0219 profita de aceast\u0103 oportunitate pentru a invita toate delega\u021biile interesate s\u0103 se angajeze cu bun\u0103 credin\u021b\u0103 \u00een discu\u021biile privind implementarea acestor valori \u00een lupta \u00eempotriva terorismului\u201d, a mai spus Klaus Iohannis.<\/p>\n<\/div>\n<p> Source URL: https:\/\/www.digi24.ro\/stiri\/actualitate\/politica\/klaus-iohannis-a-pledat-la-onu-pentru-infiintarea-unei-curti-internationale-pentru-crimele-terorismului-443068<\/p>\n","protected":false},"excerpt":{"rendered":"<p>\u201eTerorismul este cea mai mare amenin\u0163are la adresa p\u0103cii mondiale. Na\u0163iunile Unite trebuie s\u0103 fac\u0103 mai mult pentru a combate acest flagel, inclusiv cu instrumente juridice care includ dreptul penal interna\u021bional. Lu\u00e2nd \u00een considerare acest obiectiv, Rom\u00e2nia \u0219i Spania au determinat un proces de reflec\u021bie privind posibila \u00eenfiin\u021bare a unei Cur\u021bi Interna\u021bionale pentru Crimele Terorismului. [&hellip;]<\/p>\n","protected":false},"author":1,"featured_media":174074,"comment_status":"open","ping_status":"","sticky":false,"template":"","format":"standard","meta":{"footnotes":""},"categories":[2],"tags":[11],"class_list":["post-174073","post","type-post","status-publish","format-standard","has-post-thumbnail","hentry","category-politics","tag-digi24"],"_links":{"self":[{"href":"https:\/\/analyse.optim.biz\/index.php?rest_route=\/wp\/v2\/posts\/174073","targetHints":{"allow":["GET"]}}],"collection":[{"href":"https:\/\/analyse.optim.biz\/index.php?rest_route=\/wp\/v2\/posts"}],"about":[{"href":"https:\/\/analyse.optim.biz\/index.php?rest_route=\/wp\/v2\/types\/post"}],"author":[{"embeddable":true,"href":"https:\/\/analyse.optim.biz\/index.php?rest_route=\/wp\/v2\/users\/1"}],"replies":[{"embeddable":true,"href":"https:\/\/analyse.optim.biz\/index.php?rest_route=%2Fwp%2Fv2%2Fcomments&post=174073"}],"version-history":[{"count":0,"href":"https:\/\/analyse.optim.biz\/index.php?rest_route=\/wp\/v2\/posts\/174073\/revisions"}],"wp:featuredmedia":[{"embeddable":true,"href":"https:\/\/analyse.optim.biz\/index.php?rest_route=\/wp\/v2\/media\/174074"}],"wp:attachment":[{"href":"https:\/\/analyse.optim.biz\/index.php?rest_route=%2Fwp%2Fv2%2Fmedia&parent=174073"}],"wp:term":[{"taxonomy":"category","embeddable":true,"href":"https:\/\/analyse.optim.biz\/index.php?rest_route=%2Fwp%2Fv2%2Fcategories&post=174073"},{"taxonomy":"post_tag","embeddable":true,"href":"https:\/\/analyse.optim.biz\/index.php?rest_route=%2Fwp%2Fv2%2Ftags&post=174073"}],"curies":[{"name":"wp","href":"https:\/\/api.w.org\/{rel}","templated":true}]}}