{"id":174070,"date":"2015-09-29T19:37:42","date_gmt":"2015-09-29T16:37:42","guid":{"rendered":"https:\/\/analyse.optim.biz\/?p=174070"},"modified":"2015-09-29T19:37:42","modified_gmt":"2015-09-29T16:37:42","slug":"klaus-iohannis-l-am-invitat-pe-barack-obama-in-romania","status":"publish","type":"post","link":"https:\/\/analyse.optim.biz\/?p=174070","title":{"rendered":"Klaus Iohannis: L-am invitat pe Barack Obama \u00een Rom\u00e2nia"},"content":{"rendered":"<div class=\"entry data-app-meta data-app-meta-article\" data-embed-base-url-canonical=\"https:\/\/www.digi24.ro\/embed\/stiri\/actualitate\/politica\/klaus-iohannis-l-am-invitat-pe-barack-obama-in-romania-443070\">\n<p data-index=\"1\"><img decoding=\"async\" src=\"https:\/\/analyse.optim.biz\/wp-content\/uploads\/2024\/09\/lmpwzyz3ptgwmczoyxnoptixytuwzda1mwu5zmflotzmzmi3ngq4zmqwowjjn2zi-thumb_.jpg\" data-skip-htmlfix=\"1\" title=\"lmpwzyz3ptgwmczoyxnoptixytuwzda1mwu5zmflotzmzmi3ngq4zmqwowjjn2zi-thumb_\"><\/p>\n<p data-index=\"2\">\u0218eful statului rom\u00e2n a participat asear\u0103 la recep\u021bia oferit\u0103 de pre\u0219edintele Statelor Unite ale Americii. Astfel, el l-a invitat pe Barack Obama \u00eentr-o vizit\u0103 oficial\u0103 \u00een Rom\u00e2nia.\u00a0<span>Cei doi pre\u0219edin\u021bi s-au fotografiat al\u0103turi de so\u021biilor lor, Michelle Obama, respectiv Carmen Iohannis.<\/span><\/p>\n<p data-index=\"3\">\u00centrebat c\u00e2nd inten\u021bioneaz\u0103 s\u0103 mearg\u0103 la Casa Alb\u0103, Klaus Iohannis a r\u0103spuns c\u0103 l-a invitat pe liderul american s\u0103 efectueze o vizit\u0103 \u00een Rom\u00e2nia, transmite <a href=\"http:\/\/www.agerpres.ro\/\" target=\"_blank\" data-skip-linkfix=\"1\" rel=\"noopener\">Agerpres<\/a>.<\/p>\n<p data-index=\"4\">\u201eA fost o \u00eent\u00e2lnire scurt\u0103 \u0219i cald\u0103. Am schimbat c\u00e2teva fraze, am f\u0103cut o poz\u0103 \u00eempreun\u0103. A fost foarte bine. (&#8230;) Eu l-am invitat \u00een Rom\u00e2nia \u0219i se lucreaz\u0103. Diploma\u021bii no\u0219tri lucreaz\u0103 la vizite bilaterale \u0219i c\u00e2nd vom \u0219ti o s\u0103 v\u0103 inform\u0103m\u201d, a mai spus Klaus Iohannis.<\/p>\n<p data-index=\"5\">\u0218eful statului a fost \u00eentrebat \u0219i dac\u0103 a primit un r\u0103spuns cu privire la invita\u021bia pe care i-a adresat-o lui Barack Obama. \u201eR\u0103spunsurile \u00eentotdeauna sunt pozitive, noi suntem politico\u0219i\u201d, a r\u0103spuns pre\u0219edintele rom\u00e2n.<\/p>\n<p data-index=\"6\">Ast\u0103zi, Klaus Iohannis a sus\u021binut un discurs la dezbaterile generale ale celei de-a 70-a sesiuni a Adun\u0103rii Generale a ONU \u00een care <a href=\"https:\/\/www.digi24.ro\/Stiri\/Digi24\/Actualitate\/Politica\/Klaus+Iohannis+discurs+ONU+infiintare+Curte+terorism\" data-skip-linkfix=\"1\">a pledat pentru \u00eenfiin\u021barea unei Cur\u021bi Interna\u021bionale pentru Crimele Terorismului<\/a><span>.<\/span><\/p>\n<p data-index=\"7\"><span>Luni, Klaus Iohannis s-a \u00eent\u00e2lnit la Casa Alb\u0103 cu vicepre\u0219edintele SUA, Joe Biden.<\/span><\/p>\n<p data-index=\"8\"><span><br \/><\/span><\/p>\n<\/div>\n<p> Source URL: https:\/\/www.digi24.ro\/stiri\/actualitate\/politica\/klaus-iohannis-l-am-invitat-pe-barack-obama-in-romania-443070<\/p>\n","protected":false},"excerpt":{"rendered":"<p>\u0218eful statului rom\u00e2n a participat asear\u0103 la recep\u021bia oferit\u0103 de pre\u0219edintele Statelor Unite ale Americii. Astfel, el l-a invitat pe Barack Obama \u00eentr-o vizit\u0103 oficial\u0103 \u00een Rom\u00e2nia.\u00a0Cei doi pre\u0219edin\u021bi s-au fotografiat al\u0103turi de so\u021biilor lor, Michelle Obama, respectiv Carmen Iohannis. \u00centrebat c\u00e2nd inten\u021bioneaz\u0103 s\u0103 mearg\u0103 la Casa Alb\u0103, Klaus Iohannis a r\u0103spuns c\u0103 l-a invitat [&hellip;]<\/p>\n","protected":false},"author":1,"featured_media":174071,"comment_status":"open","ping_status":"","sticky":false,"template":"","format":"standard","meta":{"footnotes":""},"categories":[2],"tags":[11],"class_list":["post-174070","post","type-post","status-publish","format-standard","has-post-thumbnail","hentry","category-politics","tag-digi24"],"_links":{"self":[{"href":"https:\/\/analyse.optim.biz\/index.php?rest_route=\/wp\/v2\/posts\/174070","targetHints":{"allow":["GET"]}}],"collection":[{"href":"https:\/\/analyse.optim.biz\/index.php?rest_route=\/wp\/v2\/posts"}],"about":[{"href":"https:\/\/analyse.optim.biz\/index.php?rest_route=\/wp\/v2\/types\/post"}],"author":[{"embeddable":true,"href":"https:\/\/analyse.optim.biz\/index.php?rest_route=\/wp\/v2\/users\/1"}],"replies":[{"embeddable":true,"href":"https:\/\/analyse.optim.biz\/index.php?rest_route=%2Fwp%2Fv2%2Fcomments&post=174070"}],"version-history":[{"count":0,"href":"https:\/\/analyse.optim.biz\/index.php?rest_route=\/wp\/v2\/posts\/174070\/revisions"}],"wp:featuredmedia":[{"embeddable":true,"href":"https:\/\/analyse.optim.biz\/index.php?rest_route=\/wp\/v2\/media\/174071"}],"wp:attachment":[{"href":"https:\/\/analyse.optim.biz\/index.php?rest_route=%2Fwp%2Fv2%2Fmedia&parent=174070"}],"wp:term":[{"taxonomy":"category","embeddable":true,"href":"https:\/\/analyse.optim.biz\/index.php?rest_route=%2Fwp%2Fv2%2Fcategories&post=174070"},{"taxonomy":"post_tag","embeddable":true,"href":"https:\/\/analyse.optim.biz\/index.php?rest_route=%2Fwp%2Fv2%2Ftags&post=174070"}],"curies":[{"name":"wp","href":"https:\/\/api.w.org\/{rel}","templated":true}]}}