{"id":174059,"date":"2015-09-29T21:38:51","date_gmt":"2015-09-29T18:38:51","guid":{"rendered":"https:\/\/analyse.optim.biz\/?p=174059"},"modified":"2015-09-29T21:38:51","modified_gmt":"2015-09-29T18:38:51","slug":"catalin-predoiu-despre-legile-privind-demisia-unui-ministru-sau-prim-ministru","status":"publish","type":"post","link":"https:\/\/analyse.optim.biz\/?p=174059","title":{"rendered":"C\u0103t\u0103lin Predoiu, despre legile privind demisia unui ministru sau prim-ministru"},"content":{"rendered":"<div class=\"entry data-app-meta data-app-meta-article\" data-embed-base-url-canonical=\"https:\/\/www.digi24.ro\/embed\/stiri\/actualitate\/politica\/catalin-predoiu-despre-legile-privind-demisia-unui-ministru-sau-prim-ministru-443111\">\n<p data-index=\"1\">\u201e<span>Dreptul pozitiv, adic\u0103 ansamblul regulilor \u00een vigoare, nu poate \u00eenc\u0103pea doar \u00een c\u00e2te c\u0103r\u021bi putem \u021bine noi \u00een m\u00e2n\u0103. Exist\u0103 Constitu\u021bii, dar exist\u0103 \u0219i legi speciale. De regul\u0103, aceast\u0103 problem\u0103 este tratat\u0103 \u00een legi speciale, privind responsabilitatea ministerial\u0103, privind integritatea \u00een func\u021biile publice. Asta este explica\u021bia pe care n-o g\u0103se\u0219ti la nivelul Constitu\u021biei\u201d, a r\u0103spuns fostul ministru al Justi\u021biei.<\/span><\/p>\n<p data-index=\"2\">\u201e<span>Acele legi speciale nu prev\u0103d foarte clar o demisie automat\u0103 \u00een acest caz. Aici este un balans foarte fin care se face \u00eentre prezum\u021bia de nevinov\u0103\u021bie, care este la r\u00e2ndul ei un drept important, dar \u00een acela\u0219i timp \u0219i dreptul cet\u0103\u021benilor de a fi reprezenta\u021bi de mini\u0219tri, respectiv prim-mini\u0219tri, care au prezum\u021bie de integritate \u0219i o prezum\u021bie de demnitate \u00een func\u021biile publice\u201d, a ad\u0103ugat prim-vicepre\u0219edintele PNL, f\u0103c\u00e2nd referire astfel \u0219i la Constitu\u021biile statelor membre UE pe care jurnalistul Moise Guran le-a amintit \u0219i care nu prev\u0103d c\u0103 un ministru sau un prim-ministru nu ar putea s\u0103 conduc\u0103 mai departe institu\u021bia, chiar \u0219i \u00een situa\u021bia \u00een care este condamnat definitiv.<\/span><\/p>\n<p data-index=\"3\">\u201e<span>Acele Constitu\u021bii sunt ale unor state cu o \u00eendelungat\u0103 tradi\u021bie democrat\u0103, care probabil s-au confruntat cu astfel de fenomene, care au reglat via\u021ba politic\u0103 altfel, care au alt nivel de integritate \u00een func\u021bile publice \u0219i via\u021ba politic\u0103 \u0219i care au probabil \u0219i legi speciale mult mai detaliate dec\u00e2t avem noi. Nu \u00eent\u00e2mpl\u0103tor, <a href=\"https:\/\/www.digi24.ro\/Stiri\/Digi24\/Actualitate\/Politica\/Miting+in+ziua+motiunii+Liberalii+asteapta+15+000+de+oameni+in+P\" data-skip-linkfix=\"1\">spunea ast\u0103zi Anca Boagiu<\/a>, sunt \u0219ase premieri care \u00een ultimii ani \u00een Europa \u0219i-au dat demisia fiind \u00eentr-o situa\u021bie similar\u0103 cu cea a domnului Ponta. Pre\u0219edintele Germaniei \u0219i-a dat demisia pentru c\u0103 a dat un simplu telefon unui jurnalist, insist\u00e2nd s\u0103 nu apar\u0103 un articol legat de o tranzac\u021bie financiar\u0103 pe care o f\u0103cuse \u00een trecut \u0219i care era legal\u0103\u201d, a mai spus C\u0103t\u0103lin Predoiu.<\/span><\/p>\n<p data-index=\"4\">\u201e<span>Ei s-au \u00eent\u00e2lnit probabil mai devreme cu un fenomen de tipul Victor Ponta \u0219i atunci \u0219i-au reglementat suficiente texte de lege care s\u0103 \u00eempiedice repetarea unui astfel de fenomen. Rom\u00e2nia va \u00eenv\u0103\u021ba din accidentul istoric Victor Ponta\u201d, a spus el.\u00a0<\/span><\/p>\n<\/div>\n<p> Source URL: https:\/\/www.digi24.ro\/stiri\/actualitate\/politica\/catalin-predoiu-despre-legile-privind-demisia-unui-ministru-sau-prim-ministru-443111<\/p>\n","protected":false},"excerpt":{"rendered":"<p>\u201eDreptul pozitiv, adic\u0103 ansamblul regulilor \u00een vigoare, nu poate \u00eenc\u0103pea doar \u00een c\u00e2te c\u0103r\u021bi putem \u021bine noi \u00een m\u00e2n\u0103. Exist\u0103 Constitu\u021bii, dar exist\u0103 \u0219i legi speciale. De regul\u0103, aceast\u0103 problem\u0103 este tratat\u0103 \u00een legi speciale, privind responsabilitatea ministerial\u0103, privind integritatea \u00een func\u021biile publice. Asta este explica\u021bia pe care n-o g\u0103se\u0219ti la nivelul Constitu\u021biei\u201d, a r\u0103spuns [&hellip;]<\/p>\n","protected":false},"author":1,"featured_media":174060,"comment_status":"open","ping_status":"","sticky":false,"template":"","format":"standard","meta":{"footnotes":""},"categories":[2],"tags":[11],"class_list":["post-174059","post","type-post","status-publish","format-standard","has-post-thumbnail","hentry","category-politics","tag-digi24"],"_links":{"self":[{"href":"https:\/\/analyse.optim.biz\/index.php?rest_route=\/wp\/v2\/posts\/174059","targetHints":{"allow":["GET"]}}],"collection":[{"href":"https:\/\/analyse.optim.biz\/index.php?rest_route=\/wp\/v2\/posts"}],"about":[{"href":"https:\/\/analyse.optim.biz\/index.php?rest_route=\/wp\/v2\/types\/post"}],"author":[{"embeddable":true,"href":"https:\/\/analyse.optim.biz\/index.php?rest_route=\/wp\/v2\/users\/1"}],"replies":[{"embeddable":true,"href":"https:\/\/analyse.optim.biz\/index.php?rest_route=%2Fwp%2Fv2%2Fcomments&post=174059"}],"version-history":[{"count":0,"href":"https:\/\/analyse.optim.biz\/index.php?rest_route=\/wp\/v2\/posts\/174059\/revisions"}],"wp:featuredmedia":[{"embeddable":true,"href":"https:\/\/analyse.optim.biz\/index.php?rest_route=\/wp\/v2\/media\/174060"}],"wp:attachment":[{"href":"https:\/\/analyse.optim.biz\/index.php?rest_route=%2Fwp%2Fv2%2Fmedia&parent=174059"}],"wp:term":[{"taxonomy":"category","embeddable":true,"href":"https:\/\/analyse.optim.biz\/index.php?rest_route=%2Fwp%2Fv2%2Fcategories&post=174059"},{"taxonomy":"post_tag","embeddable":true,"href":"https:\/\/analyse.optim.biz\/index.php?rest_route=%2Fwp%2Fv2%2Ftags&post=174059"}],"curies":[{"name":"wp","href":"https:\/\/api.w.org\/{rel}","templated":true}]}}