{"id":174026,"date":"2015-09-29T23:38:30","date_gmt":"2015-09-29T20:38:30","guid":{"rendered":"https:\/\/analyse.optim.biz\/?p=174026"},"modified":"2015-09-29T23:38:30","modified_gmt":"2015-09-29T20:38:30","slug":"seful-cancelariei-prezidentiale-e-greu-de-colaborat-cu-un-premier-trimis-in-judecata","status":"publish","type":"post","link":"https:\/\/analyse.optim.biz\/?p=174026","title":{"rendered":"\u015eeful cancelariei preziden\u0163iale: E greu de colaborat cu un premier trimis in judecat\u0103"},"content":{"rendered":"<div class=\"entry data-app-meta data-app-meta-article\" data-embed-base-url-canonical=\"https:\/\/www.digi24.ro\/embed\/stiri\/actualitate\/politica\/seful-cancelariei-prezidentiale-e-greu-de-colaborat-cu-un-premier-trimis-in-judecata-443146\">\n<p data-index=\"1\">\u201eDin acest moment, cel pu\u021bin \u00een aceast\u0103 sesiune, e r\u0103spunderea PSD \u0219i a coali\u021biei de guvernare \u00een a decide c\u00e2t mai prelunge\u0219te aceast\u0103 evident\u0103 criz\u0103, pe care de la distan\u021b\u0103 o percep mai bine \u00een ceea ce prive\u0219te consecin\u021bele ei asupra imaginii Rom\u00e2niei. E r\u0103spunsul PSD \u0219i al coali\u021biei \u00een momentul de fa\u0163\u0103\u201d, a spus Dan Mihalache.<\/p>\n<p data-index=\"2\">\u201e<span>Colabor\u0103m \u00een parametrii Constitu\u021biei \u0219i ai legii, dar exist\u0103 o evident\u0103 problem\u0103 pe care doar PSD se face c\u0103 nu o vede sau o vede, dar n-a dorit s-o rezolve. E foarte greu de colaborat cu un premier trimis in judecat\u0103\u201d, a ad\u0103ugat \u0219eful cancelariei preziden\u021biale.<\/span><\/p>\n<\/div>\n<p> Source URL: https:\/\/www.digi24.ro\/stiri\/actualitate\/politica\/seful-cancelariei-prezidentiale-e-greu-de-colaborat-cu-un-premier-trimis-in-judecata-443146<\/p>\n","protected":false},"excerpt":{"rendered":"<p>\u201eDin acest moment, cel pu\u021bin \u00een aceast\u0103 sesiune, e r\u0103spunderea PSD \u0219i a coali\u021biei de guvernare \u00een a decide c\u00e2t mai prelunge\u0219te aceast\u0103 evident\u0103 criz\u0103, pe care de la distan\u021b\u0103 o percep mai bine \u00een ceea ce prive\u0219te consecin\u021bele ei asupra imaginii Rom\u00e2niei. E r\u0103spunsul PSD \u0219i al coali\u021biei \u00een momentul de fa\u0163\u0103\u201d, a spus [&hellip;]<\/p>\n","protected":false},"author":1,"featured_media":174027,"comment_status":"open","ping_status":"","sticky":false,"template":"","format":"standard","meta":{"footnotes":""},"categories":[2],"tags":[11],"class_list":["post-174026","post","type-post","status-publish","format-standard","has-post-thumbnail","hentry","category-politics","tag-digi24"],"_links":{"self":[{"href":"https:\/\/analyse.optim.biz\/index.php?rest_route=\/wp\/v2\/posts\/174026","targetHints":{"allow":["GET"]}}],"collection":[{"href":"https:\/\/analyse.optim.biz\/index.php?rest_route=\/wp\/v2\/posts"}],"about":[{"href":"https:\/\/analyse.optim.biz\/index.php?rest_route=\/wp\/v2\/types\/post"}],"author":[{"embeddable":true,"href":"https:\/\/analyse.optim.biz\/index.php?rest_route=\/wp\/v2\/users\/1"}],"replies":[{"embeddable":true,"href":"https:\/\/analyse.optim.biz\/index.php?rest_route=%2Fwp%2Fv2%2Fcomments&post=174026"}],"version-history":[{"count":0,"href":"https:\/\/analyse.optim.biz\/index.php?rest_route=\/wp\/v2\/posts\/174026\/revisions"}],"wp:featuredmedia":[{"embeddable":true,"href":"https:\/\/analyse.optim.biz\/index.php?rest_route=\/wp\/v2\/media\/174027"}],"wp:attachment":[{"href":"https:\/\/analyse.optim.biz\/index.php?rest_route=%2Fwp%2Fv2%2Fmedia&parent=174026"}],"wp:term":[{"taxonomy":"category","embeddable":true,"href":"https:\/\/analyse.optim.biz\/index.php?rest_route=%2Fwp%2Fv2%2Fcategories&post=174026"},{"taxonomy":"post_tag","embeddable":true,"href":"https:\/\/analyse.optim.biz\/index.php?rest_route=%2Fwp%2Fv2%2Ftags&post=174026"}],"curies":[{"name":"wp","href":"https:\/\/api.w.org\/{rel}","templated":true}]}}