{"id":173864,"date":"2015-10-04T00:22:12","date_gmt":"2015-10-03T21:22:12","guid":{"rendered":"https:\/\/analyse.optim.biz\/?p=173864"},"modified":"2015-10-04T00:22:12","modified_gmt":"2015-10-03T21:22:12","slug":"mircea-dusa-o-minoritate-trebuie-sa-respecte-constitutia-si-legile-tarii-disputele-despre-autonomie-nu-si-au-locul","status":"publish","type":"post","link":"https:\/\/analyse.optim.biz\/?p=173864","title":{"rendered":"Mircea Du\u0219a: O minoritate trebuie s\u0103 respecte Constitu\u021bia \u0219i legile \u021b\u0103rii. Disputele despre autonomie nu-\u0219i au locul"},"content":{"rendered":"<div class=\"entry data-app-meta data-app-meta-article\" data-embed-base-url-canonical=\"https:\/\/www.digi24.ro\/embed\/stiri\/actualitate\/politica\/mircea-dusa-o-minoritate-trebuie-sa-respecte-constitutia-si-legile-tarii-disputele-despre-autonomie-nu-si-au-locul-444427\">\n<p data-index=\"1\"><img decoding=\"async\" src=\"https:\/\/analyse.optim.biz\/wp-content\/uploads\/2024\/09\/jnc9odawjmhhc2g9ytuxntrmmtczngy3zjdlzjqyytzkztfmogvkmzjjztq-thumb_.jpg\" data-skip-htmlfix=\"1\" title=\"jnc9odawjmhhc2g9ytuxntrmmtczngy3zjdlzjqyytzkztfmogvkmzjjztq-thumb_\"><\/p>\n<p data-index=\"2\"><span><em>Foto: Facebook \/ MApN<\/em><\/span><\/p>\n<p data-index=\"3\">\u201e<span>Cred c\u0103 ar trebui s\u0103 \u00een\u021beleag\u0103 \u0219i organiza\u021biile care \u00eei reprezint\u0103 pe etnicii maghiari, care sunt oameni mode\u0219ti \u0219i oameni la fel de echilibra\u021bi ca \u0219i noi, dar cei care \u00eei reprezint\u0103 trebuie s\u0103 \u00een\u021beleag\u0103 c\u0103 o disput\u0103 continu\u0103 \u0219i a pune continuu paie pe foc nu este benefic. \u0218i, p\u00e2n\u0103 la urm\u0103, a\u0219a e \u00eentr-un stat democratic, o minoritate trebuie s\u0103 respecte Constitu\u021bia \u0219i legile \u021b\u0103rii \u00een care tr\u0103iesc. Dispute care se refer\u0103 la autonomia teritorial\u0103 nu \u00ee\u0219i au locul \u0219i Constitu\u021bia Rom\u00e2niei este una foarte clar\u0103 \u0219i chiar din articolul 1 consfin\u021be\u0219te suveranitatea statului\u201d, a spus Mircea Du\u0219a, citat de Agerpres.<\/span><\/p>\n<p data-index=\"4\">El a sus\u021binut c\u0103, atunci c\u00e2nd dob\u00e2ndesc demnit\u0103\u021bi publice, reprezentan\u021bii etnicilor maghiari jur\u0103 s\u0103 respecte Constitu\u021bia \u0219i legile \u021b\u0103rii, iar dup\u0103 aceea ac\u021biunile lor sunt \u00een contradic\u021bie cu ceea ce au jurat.<\/p>\n<p data-index=\"5\">Mircea Du\u0219a le-a mai recomandat acestora \u201es\u0103 nu mai \u00eenvr\u0103jbeasc\u0103 cet\u0103\u021benii pe care \u00eei reprezint\u0103 \u00eempotriva cet\u0103\u021benilor majoritari\u201d.<\/p>\n<p data-index=\"6\">\u00cen cadrul \u00eent\u00e2lnirii organizate de Forumul Civic al Rom\u00e2nilor din Covasna, Harghita \u0219i Mure\u0219, ministrul Ap\u0103r\u0103rii a punctat faptul c\u0103 aceast\u0103 organiza\u021bie a rom\u00e2nilor din cele trei jude\u021be, \u00eenfiin\u021bat\u0103 \u00een urm\u0103 cu zece ani, este una reprezentativ\u0103, care a constituit un factor de echilibru \u00een zon\u0103, astfel \u00eenc\u00e2t tensiunile create de politicieni s\u0103 nu aib\u0103 efecte \u00een convie\u021buirea dintre rom\u00e2ni \u0219i maghiari.<\/p>\n<p data-index=\"7\">\u201eFoarte multe din propunerile Forumului Civic al Rom\u00e2nilor din Covasna, Harghita \u0219i Mure\u0219 s-au reg\u0103sit \u0219i \u00een legile care au fost adoptate \u00een aceast\u0103 perioad\u0103 \u0219i eu pot s\u0103 apreciez c\u0103 Forumul, chiar dac\u0103 a tras de multe ori semnale de alarm\u0103, a fost un factor de echilibru \u00een aceste jude\u021be \u0219i, de multe ori, c\u00e2nd ap\u0103reau discu\u021bii care nu sunt normale \u00eentr-un stat democratic, Forumul a fost cel care a g\u0103sit mijloacele \u0219i ac\u021biunile de echilibru pentru ca tensiunile pe care le creaser\u0103 politicienii \u00een aceste zone s\u0103 nu aib\u0103 efecte \u00een convie\u021buirea dintre rom\u00e2ni \u0219i maghiari\u201d, a punctat Mircea Du\u0219a.<\/p>\n<p data-index=\"8\">Reprezentan\u021bi ai rom\u00e2nilor din jude\u021bele Harghita, Covasna \u0219i Mure\u0219 s-au \u00eent\u00e2lnit la Izvoru Mure\u0219ului pentru a discuta problemele cu care se confrunt\u0103, au solicitat m\u0103suri pentru protejarea \u0219i afirmarea identit\u0103\u021bii lor, iar concluziile dezbaterilor urmeaz\u0103 s\u0103 se reg\u0103seasc\u0103 \u00eentr-un memorandum care va fi trimis at\u00e2t institu\u021biilor statului, c\u00e2t \u0219i la Consiliul Europei.<\/p>\n<\/div>\n<p> Source URL: https:\/\/www.digi24.ro\/stiri\/actualitate\/politica\/mircea-dusa-o-minoritate-trebuie-sa-respecte-constitutia-si-legile-tarii-disputele-despre-autonomie-nu-si-au-locul-444427<\/p>\n","protected":false},"excerpt":{"rendered":"<p>Foto: Facebook \/ MApN \u201eCred c\u0103 ar trebui s\u0103 \u00een\u021beleag\u0103 \u0219i organiza\u021biile care \u00eei reprezint\u0103 pe etnicii maghiari, care sunt oameni mode\u0219ti \u0219i oameni la fel de echilibra\u021bi ca \u0219i noi, dar cei care \u00eei reprezint\u0103 trebuie s\u0103 \u00een\u021beleag\u0103 c\u0103 o disput\u0103 continu\u0103 \u0219i a pune continuu paie pe foc nu este benefic. \u0218i, p\u00e2n\u0103 [&hellip;]<\/p>\n","protected":false},"author":1,"featured_media":173865,"comment_status":"open","ping_status":"","sticky":false,"template":"","format":"standard","meta":{"footnotes":""},"categories":[2],"tags":[11],"class_list":["post-173864","post","type-post","status-publish","format-standard","has-post-thumbnail","hentry","category-politics","tag-digi24"],"_links":{"self":[{"href":"https:\/\/analyse.optim.biz\/index.php?rest_route=\/wp\/v2\/posts\/173864","targetHints":{"allow":["GET"]}}],"collection":[{"href":"https:\/\/analyse.optim.biz\/index.php?rest_route=\/wp\/v2\/posts"}],"about":[{"href":"https:\/\/analyse.optim.biz\/index.php?rest_route=\/wp\/v2\/types\/post"}],"author":[{"embeddable":true,"href":"https:\/\/analyse.optim.biz\/index.php?rest_route=\/wp\/v2\/users\/1"}],"replies":[{"embeddable":true,"href":"https:\/\/analyse.optim.biz\/index.php?rest_route=%2Fwp%2Fv2%2Fcomments&post=173864"}],"version-history":[{"count":0,"href":"https:\/\/analyse.optim.biz\/index.php?rest_route=\/wp\/v2\/posts\/173864\/revisions"}],"wp:featuredmedia":[{"embeddable":true,"href":"https:\/\/analyse.optim.biz\/index.php?rest_route=\/wp\/v2\/media\/173865"}],"wp:attachment":[{"href":"https:\/\/analyse.optim.biz\/index.php?rest_route=%2Fwp%2Fv2%2Fmedia&parent=173864"}],"wp:term":[{"taxonomy":"category","embeddable":true,"href":"https:\/\/analyse.optim.biz\/index.php?rest_route=%2Fwp%2Fv2%2Fcategories&post=173864"},{"taxonomy":"post_tag","embeddable":true,"href":"https:\/\/analyse.optim.biz\/index.php?rest_route=%2Fwp%2Fv2%2Ftags&post=173864"}],"curies":[{"name":"wp","href":"https:\/\/api.w.org\/{rel}","templated":true}]}}