{"id":173853,"date":"2015-10-04T12:45:17","date_gmt":"2015-10-04T09:45:17","guid":{"rendered":"https:\/\/analyse.optim.biz\/?p=173853"},"modified":"2015-10-04T12:45:17","modified_gmt":"2015-10-04T09:45:17","slug":"victor-ponta-romania-nu-va-fi-acceptata-in-schengen-reactia-lui-liviu-dragnea","status":"publish","type":"post","link":"https:\/\/analyse.optim.biz\/?p=173853","title":{"rendered":"Victor Ponta: Rom\u00e2nia nu va fi acceptat\u0103 \u00een Schengen. Reac\u021bia lui Liviu Dragnea"},"content":{"rendered":"<div class=\"entry data-app-meta data-app-meta-article\" data-embed-base-url-canonical=\"https:\/\/www.digi24.ro\/embed\/stiri\/actualitate\/politica\/victor-ponta-romania-nu-va-fi-acceptata-in-schengen-reactia-lui-liviu-dragnea-444476\">\n<p data-index=\"1\">\u201eSe voteaz\u0103 contra tot de c\u0103tre acele \u0163\u0103ri care votau de obicei contra. Anul viitor pre\u015fedin\u0163ia va fi a Olandei, despre care \u015fti\u0163i bine ce prieten\u0103 a fost cu Rom\u00e2nia&#8221;, a declarat Victor Ponta ironic, \u0219tiut fiind faptul c\u0103 Olanda s-a opus \u00een momente-cheie ader\u0103rii Rom\u00e2niei la spa\u021biul de liber\u0103 circula\u021bie din UE.<\/p>\n<p data-index=\"2\">\u201eNu are rost s\u0103 ne mai rug\u0103m prea mult de cineva care nu vrea s\u0103 ne aud\u0103\u201d, a ad\u0103ugat premierul, potrivit <a href=\"http:\/\/www.agerpres.ro\/politica\/2015\/10\/03\/ponta-in-urmatoarea-sedinta-jai-se-voteaza-contra-aderarii-romaniei-la-schengen-la-anul-presedintia-va-fi-a-olandei-21-21-09\" target=\"_blank\" data-skip-linkfix=\"1\" rel=\"noopener\">Agerpres<\/a>.<\/p>\n<p data-index=\"3\">De la Bucure\u0219ti, liderul interimar al PSD, Liviu Dragnea, sus\u0163ine c\u0103 Victor Ponta nu a informat PSD c\u0103 la Consiliul JAI de s\u0103pt\u0103m\u00e2na viitoare ar urma s\u0103 fie f\u0103cut anun\u0163ul c\u0103 Rom\u00e2nia nu va fi primit\u0103 \u00een Spa\u0163iul Schengen nici anul viitor.<\/p>\n<p data-index=\"4\">\u201eNu ne-a informat, dar b\u0103nuiesc c\u0103 se bazeaz\u0103 pe ceva informa\u0163ii c\u00e2nd a spus asta. E foarte posibil s\u0103 fie a\u015fa cum spune premierul. Noi ne dorim s\u0103 intr\u0103m \u00een Schengen c\u00e2t mai repede, cred c\u0103 am \u00eendeplinit toate condi\u0163iile. credem noi\u201d, a afirmat Liviu Dragnea.<\/p>\n<p data-index=\"5\">Premierul a vorbit despre integrarea \u00een Schengen \u00een contextul \u00een care a anun\u021bat c\u0103 va reanaliza modul \u00een care se acord\u0103 vizele pentru cet\u0103\u021benii iordanieni care doresc s\u0103 vin\u0103 \u00een Rom\u00e2nia, apreciind c\u0103 regimul de vize aplicat de \u021bara noastr\u0103 este foarte rigid.<\/p>\n<p data-index=\"6\">\u201eNoi avem o problem\u0103, \u00een sensul \u00een care avem un regim foarte rigid de vize. Noi am avut totdeauna un regim foarte dur \u00een speran\u021ba c\u0103 o s\u0103 intr\u0103m \u00een Schengen. Acum, cu speran\u021ba asta o s\u0103 mai tr\u0103im c\u00e2t o mai tr\u0103i speran\u021ba sau<strong> c\u00e2t o mai exista Schengen.<\/strong> Motiv pentru care o s\u0103 analizeze sistemul \u0219i vreau ca Rom\u00e2nia s\u0103 fie o \u021bar\u0103 primitoare pentru oamenii de afaceri cinsti\u021bi, pentru turi\u0219tii care vor s\u0103 vin\u0103 \u00een Rom\u00e2nia, sigur, p\u0103str\u00e2nd toate regulile de securitate. (&#8230;) Noi de multe ori avem condi\u021bii mult mai dificile de vize dec\u00e2t Germania sau Fran\u021ba, doar a\u0219a&#8230; c\u0103 o s\u0103 intr\u0103m \u00een Schengen dac\u0103 suntem mai duri. Uite c\u0103 <strong>am fost mai duri \u0219i tot nu am intrat \u00een Schengen<\/strong> \u0219i sincer s\u0103 fiu, <strong>nu cred c\u0103 trebuie s\u0103 ne facem iluzii prea mari \u00een perioada urm\u0103toare<\/strong>&#8220;, a mai spus Ponta.<\/p>\n<\/div>\n<p> Source URL: https:\/\/www.digi24.ro\/stiri\/actualitate\/politica\/victor-ponta-romania-nu-va-fi-acceptata-in-schengen-reactia-lui-liviu-dragnea-444476<\/p>\n","protected":false},"excerpt":{"rendered":"<p>\u201eSe voteaz\u0103 contra tot de c\u0103tre acele \u0163\u0103ri care votau de obicei contra. Anul viitor pre\u015fedin\u0163ia va fi a Olandei, despre care \u015fti\u0163i bine ce prieten\u0103 a fost cu Rom\u00e2nia&#8221;, a declarat Victor Ponta ironic, \u0219tiut fiind faptul c\u0103 Olanda s-a opus \u00een momente-cheie ader\u0103rii Rom\u00e2niei la spa\u021biul de liber\u0103 circula\u021bie din UE. \u201eNu are [&hellip;]<\/p>\n","protected":false},"author":1,"featured_media":173854,"comment_status":"open","ping_status":"","sticky":false,"template":"","format":"standard","meta":{"footnotes":""},"categories":[2],"tags":[11],"class_list":["post-173853","post","type-post","status-publish","format-standard","has-post-thumbnail","hentry","category-politics","tag-digi24"],"_links":{"self":[{"href":"https:\/\/analyse.optim.biz\/index.php?rest_route=\/wp\/v2\/posts\/173853","targetHints":{"allow":["GET"]}}],"collection":[{"href":"https:\/\/analyse.optim.biz\/index.php?rest_route=\/wp\/v2\/posts"}],"about":[{"href":"https:\/\/analyse.optim.biz\/index.php?rest_route=\/wp\/v2\/types\/post"}],"author":[{"embeddable":true,"href":"https:\/\/analyse.optim.biz\/index.php?rest_route=\/wp\/v2\/users\/1"}],"replies":[{"embeddable":true,"href":"https:\/\/analyse.optim.biz\/index.php?rest_route=%2Fwp%2Fv2%2Fcomments&post=173853"}],"version-history":[{"count":0,"href":"https:\/\/analyse.optim.biz\/index.php?rest_route=\/wp\/v2\/posts\/173853\/revisions"}],"wp:featuredmedia":[{"embeddable":true,"href":"https:\/\/analyse.optim.biz\/index.php?rest_route=\/wp\/v2\/media\/173854"}],"wp:attachment":[{"href":"https:\/\/analyse.optim.biz\/index.php?rest_route=%2Fwp%2Fv2%2Fmedia&parent=173853"}],"wp:term":[{"taxonomy":"category","embeddable":true,"href":"https:\/\/analyse.optim.biz\/index.php?rest_route=%2Fwp%2Fv2%2Fcategories&post=173853"},{"taxonomy":"post_tag","embeddable":true,"href":"https:\/\/analyse.optim.biz\/index.php?rest_route=%2Fwp%2Fv2%2Ftags&post=173853"}],"curies":[{"name":"wp","href":"https:\/\/api.w.org\/{rel}","templated":true}]}}