{"id":173825,"date":"2015-10-04T19:13:06","date_gmt":"2015-10-04T16:13:06","guid":{"rendered":"https:\/\/analyse.optim.biz\/?p=173825"},"modified":"2015-10-04T19:13:06","modified_gmt":"2015-10-04T16:13:06","slug":"europarlamentarul-catalin-ivan-reevaluat-de-liderul-psd","status":"publish","type":"post","link":"https:\/\/analyse.optim.biz\/?p=173825","title":{"rendered":"Europarlamentarul C\u0103t\u0103lin Ivan, reevaluat de liderul PSD"},"content":{"rendered":"<div class=\"entry data-app-meta data-app-meta-article\" data-embed-base-url-canonical=\"https:\/\/www.digi24.ro\/embed\/stiri\/actualitate\/politica\/europarlamentarul-catalin-ivan-reevaluat-de-liderul-psd-444560\">\n<p data-index=\"1\"><em><strong>\u201eC\u0103t\u0103lin Ivan trebuie s\u0103 fie recuperat pentru partid. Cred c\u0103 e momentul s\u0103 str\u00e2ngem r\u00e2ndurile \u015fi to\u0163i oamenii de valoare s\u0103 revin\u0103 \u00een partid. O s\u0103 am o discu\u0163ie cu el. Este un t\u00e2n\u0103r care cu pu\u0163in mai mult\u0103 \u00een\u0163elepciune \u015fi r\u0103bdare poate avea un viitor serios \u015fi bun \u00een PSD\u201d<\/strong><\/em>, a declarat Liviu Dragnea.<\/p>\n<p data-index=\"2\">Europarlamentarul a fost exclus din PSD \u00een luna mai, din organiza\u0163ia sectorului 1 a PSD. T\u00e2n\u0103rul politician a contestat decizia, pe motiv c\u0103 tocmai se transferase la o alt\u0103 filial\u0103 a PSD, din Ia\u015fi.<\/p>\n<p data-index=\"3\"><em><strong>\u201eM\u0103 consider \u00een continuare membru al Partidului Social Democrat. O discu\u0163ie trebuie s\u0103 avem. M\u0103 bucur\u0103 faptul c\u0103 \u015fi domnul Dragnea vrea s\u0103 avem aceast\u0103 discu\u0163ie. S-au spus multe, dar \u00een\u0163elepciunea \u015fi r\u0103bdarea nu sunt niciodat\u0103 calit\u0103\u0163ile sau atuurile tinere\u0163ii. Au fost multe momente \u00een care m-am luptat pentru partid, dar nu neap\u0103rat d\u00e2nd dovad\u0103 de \u00een\u0163elepciune\u201d<\/strong><\/em>, a spus C\u0103t\u0103lin Ivan, europarlamentar.<\/p>\n<p data-index=\"4\">C\u0103t\u0103lin Ivan este al doilea social-democrat pe care Liviu Dragnea \u00eel invit\u0103 s\u0103 revin\u0103. \u00cen urm\u0103 cu dou\u0103 zile, pre\u015fedintele interimar <a href=\"https:\/\/www.digi24.ro\/Stiri\/Digi24\/Actualitate\/Politica\/Liviu+Dragnea+Vreau+sa+fac+echipa+cu+Valeriu+Zgonea+in+conducere\" target=\"_blank\" data-skip-linkfix=\"1\" rel=\"noopener\">i-a cerut public lui Vasile D\u00e2ncu<\/a> s\u0103 redevin\u0103 membru activ \u00een PSD.<\/p>\n<\/div>\n<p> Source URL: https:\/\/www.digi24.ro\/stiri\/actualitate\/politica\/europarlamentarul-catalin-ivan-reevaluat-de-liderul-psd-444560<\/p>\n","protected":false},"excerpt":{"rendered":"<p>\u201eC\u0103t\u0103lin Ivan trebuie s\u0103 fie recuperat pentru partid. Cred c\u0103 e momentul s\u0103 str\u00e2ngem r\u00e2ndurile \u015fi to\u0163i oamenii de valoare s\u0103 revin\u0103 \u00een partid. O s\u0103 am o discu\u0163ie cu el. Este un t\u00e2n\u0103r care cu pu\u0163in mai mult\u0103 \u00een\u0163elepciune \u015fi r\u0103bdare poate avea un viitor serios \u015fi bun \u00een PSD\u201d, a declarat Liviu Dragnea. [&hellip;]<\/p>\n","protected":false},"author":1,"featured_media":173826,"comment_status":"open","ping_status":"","sticky":false,"template":"","format":"standard","meta":{"footnotes":""},"categories":[2],"tags":[11],"class_list":["post-173825","post","type-post","status-publish","format-standard","has-post-thumbnail","hentry","category-politics","tag-digi24"],"_links":{"self":[{"href":"https:\/\/analyse.optim.biz\/index.php?rest_route=\/wp\/v2\/posts\/173825","targetHints":{"allow":["GET"]}}],"collection":[{"href":"https:\/\/analyse.optim.biz\/index.php?rest_route=\/wp\/v2\/posts"}],"about":[{"href":"https:\/\/analyse.optim.biz\/index.php?rest_route=\/wp\/v2\/types\/post"}],"author":[{"embeddable":true,"href":"https:\/\/analyse.optim.biz\/index.php?rest_route=\/wp\/v2\/users\/1"}],"replies":[{"embeddable":true,"href":"https:\/\/analyse.optim.biz\/index.php?rest_route=%2Fwp%2Fv2%2Fcomments&post=173825"}],"version-history":[{"count":0,"href":"https:\/\/analyse.optim.biz\/index.php?rest_route=\/wp\/v2\/posts\/173825\/revisions"}],"wp:featuredmedia":[{"embeddable":true,"href":"https:\/\/analyse.optim.biz\/index.php?rest_route=\/wp\/v2\/media\/173826"}],"wp:attachment":[{"href":"https:\/\/analyse.optim.biz\/index.php?rest_route=%2Fwp%2Fv2%2Fmedia&parent=173825"}],"wp:term":[{"taxonomy":"category","embeddable":true,"href":"https:\/\/analyse.optim.biz\/index.php?rest_route=%2Fwp%2Fv2%2Fcategories&post=173825"},{"taxonomy":"post_tag","embeddable":true,"href":"https:\/\/analyse.optim.biz\/index.php?rest_route=%2Fwp%2Fv2%2Ftags&post=173825"}],"curies":[{"name":"wp","href":"https:\/\/api.w.org\/{rel}","templated":true}]}}