{"id":173797,"date":"2015-10-05T18:01:22","date_gmt":"2015-10-05T15:01:22","guid":{"rendered":"https:\/\/analyse.optim.biz\/?p=173797"},"modified":"2015-10-05T18:01:22","modified_gmt":"2015-10-05T15:01:22","slug":"liviu-dragnea-nu-cred-ca-titus-corlatean-a-gresit-cu-ceva-atunci-cand-a-fost-ministru","status":"publish","type":"post","link":"https:\/\/analyse.optim.biz\/?p=173797","title":{"rendered":"Liviu Dragnea: Nu cred c\u0103 Titus Corl\u0103\u021bean a gre\u0219it cu ceva atunci c\u00e2nd a fost ministru"},"content":{"rendered":"<div class=\"entry data-app-meta data-app-meta-article\" data-embed-base-url-canonical=\"https:\/\/www.digi24.ro\/embed\/stiri\/actualitate\/politica\/liviu-dragnea-nu-cred-ca-titus-corlatean-a-gresit-cu-ceva-atunci-cand-a-fost-ministru-444823\">\n<p data-index=\"1\"><img decoding=\"async\" src=\"https:\/\/analyse.optim.biz\/wp-content\/uploads\/2024\/09\/yti1zgq5yjvizgezzdk3nzm1ytgwnjfkmwi0ogey-thumb_.jpg\" data-skip-htmlfix=\"1\" title=\"yti1zgq5yjvizgezzdk3nzm1ytgwnjfkmwi0ogey-thumb_\"><\/p>\n<p data-index=\"2\">\u201eAcum aflu (n.r. \u2014 despre faptul c\u0103 <a href=\"https:\/\/www.digi24.ro\/Stiri\/Digi24\/Actualitate\/Justitie\/Titus+Corlatean+la+DNA\" target=\"_blank\" data-skip-linkfix=\"1\" rel=\"noopener\">Titus Corl\u0103\u021bean a fost chemat la DNA<\/a>). Sper s\u0103 nu fie nicio problem\u0103, nu cred c\u0103 Titus Corl\u0103\u021bean a gre\u0219it cu ceva atunci c\u00e2nd a fost ministru\u201d, a spus Liviu Dragnea, la Palatul Parlamentului.<\/p>\n<p data-index=\"3\">Liviu Dragnea a ad\u0103ugat c\u0103 nu se a\u0219teapt\u0103 s\u0103 fie \u0219i el chemat \u00een acest dosar pentru c\u0103 nu exist\u0103 motive.<\/p>\n<p data-index=\"4\">\u201eNu m\u0103 a\u0219tept s\u0103 fiu chemat eu, nu a\u0219 avea de ce. Sunt chemat pentru referendum, asta am \u00een\u021beles, dar pentru asta nu cred\u201d, a mai spus Liviu Dragnea.<\/p>\n<p data-index=\"5\">Senatorul Titus Corl\u0103\u021bean s-a prezentat, luni, la Direc\u021bia Na\u021bional\u0103 Anticorup\u021bie, fiind citat de procurori pentru a fi audiat \u00eentr-un dosar privind suspiciuni de corup\u021bie. El a precizat c\u0103 este citat \u00een calitate de martor.<\/p>\n<\/div>\n<p> Source URL: https:\/\/www.digi24.ro\/stiri\/actualitate\/politica\/liviu-dragnea-nu-cred-ca-titus-corlatean-a-gresit-cu-ceva-atunci-cand-a-fost-ministru-444823<\/p>\n","protected":false},"excerpt":{"rendered":"<p>\u201eAcum aflu (n.r. \u2014 despre faptul c\u0103 Titus Corl\u0103\u021bean a fost chemat la DNA). Sper s\u0103 nu fie nicio problem\u0103, nu cred c\u0103 Titus Corl\u0103\u021bean a gre\u0219it cu ceva atunci c\u00e2nd a fost ministru\u201d, a spus Liviu Dragnea, la Palatul Parlamentului. Liviu Dragnea a ad\u0103ugat c\u0103 nu se a\u0219teapt\u0103 s\u0103 fie \u0219i el chemat \u00een [&hellip;]<\/p>\n","protected":false},"author":1,"featured_media":173798,"comment_status":"open","ping_status":"","sticky":false,"template":"","format":"standard","meta":{"footnotes":""},"categories":[2],"tags":[11],"class_list":["post-173797","post","type-post","status-publish","format-standard","has-post-thumbnail","hentry","category-politics","tag-digi24"],"_links":{"self":[{"href":"https:\/\/analyse.optim.biz\/index.php?rest_route=\/wp\/v2\/posts\/173797","targetHints":{"allow":["GET"]}}],"collection":[{"href":"https:\/\/analyse.optim.biz\/index.php?rest_route=\/wp\/v2\/posts"}],"about":[{"href":"https:\/\/analyse.optim.biz\/index.php?rest_route=\/wp\/v2\/types\/post"}],"author":[{"embeddable":true,"href":"https:\/\/analyse.optim.biz\/index.php?rest_route=\/wp\/v2\/users\/1"}],"replies":[{"embeddable":true,"href":"https:\/\/analyse.optim.biz\/index.php?rest_route=%2Fwp%2Fv2%2Fcomments&post=173797"}],"version-history":[{"count":0,"href":"https:\/\/analyse.optim.biz\/index.php?rest_route=\/wp\/v2\/posts\/173797\/revisions"}],"wp:featuredmedia":[{"embeddable":true,"href":"https:\/\/analyse.optim.biz\/index.php?rest_route=\/wp\/v2\/media\/173798"}],"wp:attachment":[{"href":"https:\/\/analyse.optim.biz\/index.php?rest_route=%2Fwp%2Fv2%2Fmedia&parent=173797"}],"wp:term":[{"taxonomy":"category","embeddable":true,"href":"https:\/\/analyse.optim.biz\/index.php?rest_route=%2Fwp%2Fv2%2Fcategories&post=173797"},{"taxonomy":"post_tag","embeddable":true,"href":"https:\/\/analyse.optim.biz\/index.php?rest_route=%2Fwp%2Fv2%2Ftags&post=173797"}],"curies":[{"name":"wp","href":"https:\/\/api.w.org\/{rel}","templated":true}]}}