{"id":173786,"date":"2015-10-05T18:28:12","date_gmt":"2015-10-05T15:28:12","guid":{"rendered":"https:\/\/analyse.optim.biz\/?p=173786"},"modified":"2015-10-05T18:28:12","modified_gmt":"2015-10-05T15:28:12","slug":"victor-ponta-nu-vom-intra-in-schengen-nici-in-2016","status":"publish","type":"post","link":"https:\/\/analyse.optim.biz\/?p=173786","title":{"rendered":"Victor Ponta: Nu vom intra \u00een Schengen nici \u00een 2016"},"content":{"rendered":"<div class=\"entry data-app-meta data-app-meta-article\" data-embed-base-url-canonical=\"https:\/\/www.digi24.ro\/embed\/stiri\/actualitate\/politica\/victor-ponta-nu-vom-intra-in-schengen-nici-in-2016-444838\">\n<p data-index=\"1\"><strong>Victor Ponta:<\/strong> \u201eCred c\u0103, din motive de politic\u0103 intern\u0103 a unor state din UE, din 2011 \u0219i p\u00e2n\u0103 azi am fost tot am\u00e2na\u021bi \u0219i, probabil, vom fi \u0219i \u00een 2016. Vede\u021bi dumneavoastr\u0103 ca sub pre\u0219edin\u021bia olandez\u0103 s\u0103 se voteze s\u0103 intr\u0103m \u00een UE? M\u0103 \u00eendoiesc. Mai ales c\u0103 Olanda a fost \u00eentotdeauna cea care a zis c\u0103 voteaz\u0103 contra\u201d.<\/p>\n<p data-index=\"2\"><strong>Reporter:<\/strong> \u201e\u0218ti\u021bi probabil c\u00e2te state trebuie s\u0103 mai conving\u0103 Rom\u00e2nia\u201d.<\/p>\n<p data-index=\"3\"><strong>Victor Ponta:<\/strong> \u201dUnul\u201d.<\/p>\n<p data-index=\"4\"><strong>Reporter:<\/strong> \u201eOlanda?\u201d<\/p>\n<p data-index=\"5\"><strong>Victor Ponta:<\/strong>\u00a0\u201eNu. Pe pre\u0219edinte v\u0103 rog s\u0103 \u00eel \u00eentreba\u021bi, c\u0103 d\u00e2nsul merge \u0219i dumnealui are rela\u021bii foarte bune cu \u021bara aia\u201d.\u00a0<\/p>\n<\/div>\n<p> Source URL: https:\/\/www.digi24.ro\/stiri\/actualitate\/politica\/victor-ponta-nu-vom-intra-in-schengen-nici-in-2016-444838<\/p>\n","protected":false},"excerpt":{"rendered":"<p>Victor Ponta: \u201eCred c\u0103, din motive de politic\u0103 intern\u0103 a unor state din UE, din 2011 \u0219i p\u00e2n\u0103 azi am fost tot am\u00e2na\u021bi \u0219i, probabil, vom fi \u0219i \u00een 2016. Vede\u021bi dumneavoastr\u0103 ca sub pre\u0219edin\u021bia olandez\u0103 s\u0103 se voteze s\u0103 intr\u0103m \u00een UE? M\u0103 \u00eendoiesc. Mai ales c\u0103 Olanda a fost \u00eentotdeauna cea care a [&hellip;]<\/p>\n","protected":false},"author":1,"featured_media":173787,"comment_status":"open","ping_status":"","sticky":false,"template":"","format":"standard","meta":{"footnotes":""},"categories":[2],"tags":[11],"class_list":["post-173786","post","type-post","status-publish","format-standard","has-post-thumbnail","hentry","category-politics","tag-digi24"],"_links":{"self":[{"href":"https:\/\/analyse.optim.biz\/index.php?rest_route=\/wp\/v2\/posts\/173786","targetHints":{"allow":["GET"]}}],"collection":[{"href":"https:\/\/analyse.optim.biz\/index.php?rest_route=\/wp\/v2\/posts"}],"about":[{"href":"https:\/\/analyse.optim.biz\/index.php?rest_route=\/wp\/v2\/types\/post"}],"author":[{"embeddable":true,"href":"https:\/\/analyse.optim.biz\/index.php?rest_route=\/wp\/v2\/users\/1"}],"replies":[{"embeddable":true,"href":"https:\/\/analyse.optim.biz\/index.php?rest_route=%2Fwp%2Fv2%2Fcomments&post=173786"}],"version-history":[{"count":0,"href":"https:\/\/analyse.optim.biz\/index.php?rest_route=\/wp\/v2\/posts\/173786\/revisions"}],"wp:featuredmedia":[{"embeddable":true,"href":"https:\/\/analyse.optim.biz\/index.php?rest_route=\/wp\/v2\/media\/173787"}],"wp:attachment":[{"href":"https:\/\/analyse.optim.biz\/index.php?rest_route=%2Fwp%2Fv2%2Fmedia&parent=173786"}],"wp:term":[{"taxonomy":"category","embeddable":true,"href":"https:\/\/analyse.optim.biz\/index.php?rest_route=%2Fwp%2Fv2%2Fcategories&post=173786"},{"taxonomy":"post_tag","embeddable":true,"href":"https:\/\/analyse.optim.biz\/index.php?rest_route=%2Fwp%2Fv2%2Ftags&post=173786"}],"curies":[{"name":"wp","href":"https:\/\/api.w.org\/{rel}","templated":true}]}}