{"id":173761,"date":"2015-10-05T23:48:27","date_gmt":"2015-10-05T20:48:27","guid":{"rendered":"https:\/\/analyse.optim.biz\/?p=173761"},"modified":"2015-10-05T23:48:27","modified_gmt":"2015-10-05T20:48:27","slug":"v-ponta-klaus-iohannis-m-a-certat-ca-stapanul-pe-iobagul-lui-dupa-ce-am-zis-ca-la-consiliul-european-merg-in-general-premierii","status":"publish","type":"post","link":"https:\/\/analyse.optim.biz\/?p=173761","title":{"rendered":"V.Ponta: Klaus Iohannis m-a certat \u201eca st\u0103p\u00e2nul pe iobagul lui\u201d dup\u0103 ce am zis c\u0103 la Consiliul European merg \u00een general premierii"},"content":{"rendered":"<div class=\"entry data-app-meta data-app-meta-article\" data-embed-base-url-canonical=\"https:\/\/www.digi24.ro\/embed\/stiri\/actualitate\/politica\/v-ponta-klaus-iohannis-m-a-certat-ca-stapanul-pe-iobagul-lui-dupa-ce-am-zis-ca-la-consiliul-european-merg-in-general-premierii-444963\">\n<p data-index=\"1\"><img decoding=\"async\" src=\"https:\/\/analyse.optim.biz\/wp-content\/uploads\/2024\/09\/jnc9odawjmhhc2g9yjvjywfhyznhntqwmjc2nmu3odiwyjblmtvjyjjkymu-thumb_.jpg\" data-skip-htmlfix=\"1\" title=\"jnc9odawjmhhc2g9yjvjywfhyznhntqwmjc2nmu3odiwyjblmtvjyjjkymu-thumb_\">\u00a0<\/p>\n<p data-index=\"2\"><span><em><strong>Foto: Facebook<\/strong><\/em><\/span><\/p>\n<p data-index=\"3\">\u201e<em>La Consiliul European se duc \u00een general prim-mini\u0219trii pentru c\u0103 treburile discutate acolo, inclusiv cea cu refugia\u021bii, sunt o chestiune de guvern. At\u00e2t am zis. S-a sup\u0103rat domnul Iohannis, m-a certat ca st\u0103p\u00e2nul pe \u0219erbul, iobagul lui, m-a certat acolo, dar tot eu am dreptate. Sper (&#8230;) n-o s\u0103 mai fiu eu prim-ministru (&#8230;) sper s\u0103-l lase pe primul ministru la Consiliul European, c\u0103 a\u0219a e logic. (&#8230;) A\u0219a se \u00eent\u00e2mpl\u0103 \u00een toat\u0103 Europa \u0219i are sens. Acum, cu refugia\u021bii, de luat de la grani\u021b\u0103, de dus \u00een tab\u0103r\u0103&#8230; Cine, nu guvernul face asta? \u0218i toate celelalte decizii, cele care \u021bin de buget de exemplu, toate deciziile, mai pu\u021bin, sigur, politica extern\u0103 european\u0103<\/em>\u201d, a spus Ponta, la <a href=\"http:\/\/www.b1.ro\/\" target=\"_blank\" data-skip-linkfix=\"1\" rel=\"noopener\"><strong>B1 TV<\/strong><\/a>.<\/p>\n<p data-index=\"4\">Pe de alt\u0103 parte, \u00een acela\u0219i context, premierul a afirmat despre \u0219eful statului c\u0103 ar avea \u201earogan\u021b\u0103 de baron\u201d.<\/p>\n<\/div>\n<p> Source URL: https:\/\/www.digi24.ro\/stiri\/actualitate\/politica\/v-ponta-klaus-iohannis-m-a-certat-ca-stapanul-pe-iobagul-lui-dupa-ce-am-zis-ca-la-consiliul-european-merg-in-general-premierii-444963<\/p>\n","protected":false},"excerpt":{"rendered":"<p>\u00a0 Foto: Facebook \u201eLa Consiliul European se duc \u00een general prim-mini\u0219trii pentru c\u0103 treburile discutate acolo, inclusiv cea cu refugia\u021bii, sunt o chestiune de guvern. At\u00e2t am zis. S-a sup\u0103rat domnul Iohannis, m-a certat ca st\u0103p\u00e2nul pe \u0219erbul, iobagul lui, m-a certat acolo, dar tot eu am dreptate. Sper (&#8230;) n-o s\u0103 mai fiu eu [&hellip;]<\/p>\n","protected":false},"author":1,"featured_media":173762,"comment_status":"open","ping_status":"","sticky":false,"template":"","format":"standard","meta":{"footnotes":""},"categories":[2],"tags":[11],"class_list":["post-173761","post","type-post","status-publish","format-standard","has-post-thumbnail","hentry","category-politics","tag-digi24"],"_links":{"self":[{"href":"https:\/\/analyse.optim.biz\/index.php?rest_route=\/wp\/v2\/posts\/173761","targetHints":{"allow":["GET"]}}],"collection":[{"href":"https:\/\/analyse.optim.biz\/index.php?rest_route=\/wp\/v2\/posts"}],"about":[{"href":"https:\/\/analyse.optim.biz\/index.php?rest_route=\/wp\/v2\/types\/post"}],"author":[{"embeddable":true,"href":"https:\/\/analyse.optim.biz\/index.php?rest_route=\/wp\/v2\/users\/1"}],"replies":[{"embeddable":true,"href":"https:\/\/analyse.optim.biz\/index.php?rest_route=%2Fwp%2Fv2%2Fcomments&post=173761"}],"version-history":[{"count":0,"href":"https:\/\/analyse.optim.biz\/index.php?rest_route=\/wp\/v2\/posts\/173761\/revisions"}],"wp:featuredmedia":[{"embeddable":true,"href":"https:\/\/analyse.optim.biz\/index.php?rest_route=\/wp\/v2\/media\/173762"}],"wp:attachment":[{"href":"https:\/\/analyse.optim.biz\/index.php?rest_route=%2Fwp%2Fv2%2Fmedia&parent=173761"}],"wp:term":[{"taxonomy":"category","embeddable":true,"href":"https:\/\/analyse.optim.biz\/index.php?rest_route=%2Fwp%2Fv2%2Fcategories&post=173761"},{"taxonomy":"post_tag","embeddable":true,"href":"https:\/\/analyse.optim.biz\/index.php?rest_route=%2Fwp%2Fv2%2Ftags&post=173761"}],"curies":[{"name":"wp","href":"https:\/\/api.w.org\/{rel}","templated":true}]}}