{"id":173747,"date":"2015-10-06T10:36:50","date_gmt":"2015-10-06T07:36:50","guid":{"rendered":"https:\/\/analyse.optim.biz\/?p=173747"},"modified":"2015-10-06T10:36:50","modified_gmt":"2015-10-06T07:36:50","slug":"alina-gorghiu-marele-si-mandrul-ortodox-victor-ponta-a-devenit-cel-mai-mare-sustinator-al-refugiatilor-musulmani","status":"publish","type":"post","link":"https:\/\/analyse.optim.biz\/?p=173747","title":{"rendered":"Alina Gorghiu: Marele \u015fi m\u00e2ndrul ortodox Victor Ponta a devenit cel mai mare sus\u0163in\u0103tor al refugia\u0163ilor musulmani"},"content":{"rendered":"<div class=\"entry data-app-meta data-app-meta-article\" data-embed-base-url-canonical=\"https:\/\/www.digi24.ro\/embed\/stiri\/actualitate\/politica\/alina-gorghiu-marele-si-mandrul-ortodox-victor-ponta-a-devenit-cel-mai-mare-sustinator-al-refugiatilor-musulmani-445005\">\n<p data-index=\"1\">\u00a0<img decoding=\"async\" src=\"https:\/\/analyse.optim.biz\/wp-content\/uploads\/2024\/09\/lmpwzyz3ptgwmczoyxnopwy1ywy5ytq4mjk2mmq5ntdmmdnkyji4owjjztizmgqy-thumb_.jpg\" data-skip-htmlfix=\"1\" title=\"lmpwzyz3ptgwmczoyxnopwy1ywy5ytq4mjk2mmq5ntdmmdnkyji4owjjztizmgqy-thumb_\"><\/p>\n<p data-index=\"2\"><span><em>FOTO Facebook<\/em><\/span><\/p>\n<p data-index=\"3\">\u201eMarele \u0219i m\u00e2ndrul ortodox Victor Ponta a reu\u0219it \u00eentr-un singur an de la pierderea alegerilor preziden\u021biale s\u0103 devin\u0103 cel mai mare sus\u021bin\u0103tor al refugia\u021bilor musulmani. Canalele sale de intoxicare public\u0103, coordonate de \u0219eicul afacerilor cu statul, Sebastian Ghi\u021b\u0103, nu mai propag\u0103, acum, ur\u0103 de religie \u0219i etnie.<\/p>\n<p data-index=\"4\">Din contr\u0103. Ponta \u0219i Ghi\u021b\u0103 au avut \u00een cluburile din Dubai, de la sf\u00eer\u0219itul anului trecut, dup\u0103 pierderea alegererilor preziden\u021biale, cea mai puternic\u0103 revela\u021bie. Aten\u021bia lui Ponta pentru refugia\u021bi nu are margini, opera\u021biile \u0219i le face doar \u00een spitale din Turcia, vizitele oficiale \u021bintesc doar \u021b\u0103rile arabe. Nu este nimic de condamnat.<\/p>\n<p data-index=\"5\">A\u0219 putea chiar s\u0103-l laud pentru transformare, pentru toleran\u021b\u0103 \u0219i deschidere diplomatic\u0103, dac\u0103 nu a\u0219 fi convins\u0103 c\u0103 e o nou\u0103 etap\u0103 \u00een fariseismul s\u0103u fundamental \u0219i incorigibil, dup\u0103 ce Europa i-a \u00eenchis u\u0219ile. M\u0103 g\u00e2ndesc c\u0103, \u00een caz contrar, Victor Ponta \u0219i PSD ar trebui s\u0103 manifeste aceea\u0219i dragoste \u0219i fa\u021b\u0103 de rom\u00e2nii care nu au avut drept de vot la ultimele alegeri.<\/p>\n<p data-index=\"6\">Oare nu cumva rom\u00e2nii str\u00e2n\u0219i la cozi interminabile, au fost trata\u021bi din vina Guvernului Ponta la fel precum refugia\u021bii pe umerii c\u0103rora pl\u00e2nge acum cu lacrimi de crocodil ? Oamenii aceia au fost b\u0103tu\u021bi de jandarmi din \u021b\u0103ri europene nu pentru c\u0103 for\u021bau grani\u021bele, ci pentru c\u0103 Guvernul rom\u00e2n le \u00eenchisese urnele de vot. Ce f\u0103ceau Ponta \u0219i Ghi\u021b\u0103? S\u0103rb\u0103t\u0103reau victoria, \u00een avans\u201d, a scris Alina Gorghiu pe Facebook. \u00a0<\/p>\n<div class=\"fb-post\">\n<div class=\"fb-xfbml-parse-ignore\">\n<blockquote cite=\"https:\/\/www.facebook.com\/alinagorghiu\/posts\/974271882638067\">\n<p data-index=\"8\">Marele \u0219i m\u00e2ndrul ortodox Victor Ponta a reu\u0219it \u00eentr-un singur an de la pierderea alegerilor preziden\u021biale s\u0103 devin\u0103 cel&#8230;<\/p>\n<p>Posted by <a href=\"https:\/\/www.facebook.com\/alinagorghiu\" data-skip-linkfix=\"1\">Alina Gorghiu<\/a> on\u00a0<a href=\"https:\/\/www.facebook.com\/alinagorghiu\/posts\/974271882638067\" data-skip-linkfix=\"1\">6 Octombrie 2015<\/a><\/p><\/blockquote>\n<\/div>\n<\/div>\n<\/div>\n<p> Source URL: https:\/\/www.digi24.ro\/stiri\/actualitate\/politica\/alina-gorghiu-marele-si-mandrul-ortodox-victor-ponta-a-devenit-cel-mai-mare-sustinator-al-refugiatilor-musulmani-445005<\/p>\n","protected":false},"excerpt":{"rendered":"<p>\u00a0 FOTO Facebook \u201eMarele \u0219i m\u00e2ndrul ortodox Victor Ponta a reu\u0219it \u00eentr-un singur an de la pierderea alegerilor preziden\u021biale s\u0103 devin\u0103 cel mai mare sus\u021bin\u0103tor al refugia\u021bilor musulmani. Canalele sale de intoxicare public\u0103, coordonate de \u0219eicul afacerilor cu statul, Sebastian Ghi\u021b\u0103, nu mai propag\u0103, acum, ur\u0103 de religie \u0219i etnie. Din contr\u0103. Ponta \u0219i Ghi\u021b\u0103 [&hellip;]<\/p>\n","protected":false},"author":1,"featured_media":173748,"comment_status":"open","ping_status":"","sticky":false,"template":"","format":"standard","meta":{"footnotes":""},"categories":[2],"tags":[11],"class_list":["post-173747","post","type-post","status-publish","format-standard","has-post-thumbnail","hentry","category-politics","tag-digi24"],"_links":{"self":[{"href":"https:\/\/analyse.optim.biz\/index.php?rest_route=\/wp\/v2\/posts\/173747","targetHints":{"allow":["GET"]}}],"collection":[{"href":"https:\/\/analyse.optim.biz\/index.php?rest_route=\/wp\/v2\/posts"}],"about":[{"href":"https:\/\/analyse.optim.biz\/index.php?rest_route=\/wp\/v2\/types\/post"}],"author":[{"embeddable":true,"href":"https:\/\/analyse.optim.biz\/index.php?rest_route=\/wp\/v2\/users\/1"}],"replies":[{"embeddable":true,"href":"https:\/\/analyse.optim.biz\/index.php?rest_route=%2Fwp%2Fv2%2Fcomments&post=173747"}],"version-history":[{"count":0,"href":"https:\/\/analyse.optim.biz\/index.php?rest_route=\/wp\/v2\/posts\/173747\/revisions"}],"wp:featuredmedia":[{"embeddable":true,"href":"https:\/\/analyse.optim.biz\/index.php?rest_route=\/wp\/v2\/media\/173748"}],"wp:attachment":[{"href":"https:\/\/analyse.optim.biz\/index.php?rest_route=%2Fwp%2Fv2%2Fmedia&parent=173747"}],"wp:term":[{"taxonomy":"category","embeddable":true,"href":"https:\/\/analyse.optim.biz\/index.php?rest_route=%2Fwp%2Fv2%2Fcategories&post=173747"},{"taxonomy":"post_tag","embeddable":true,"href":"https:\/\/analyse.optim.biz\/index.php?rest_route=%2Fwp%2Fv2%2Ftags&post=173747"}],"curies":[{"name":"wp","href":"https:\/\/api.w.org\/{rel}","templated":true}]}}