{"id":173736,"date":"2015-10-06T16:40:26","date_gmt":"2015-10-06T13:40:26","guid":{"rendered":"https:\/\/analyse.optim.biz\/?p=173736"},"modified":"2015-10-06T16:40:26","modified_gmt":"2015-10-06T13:40:26","slug":"surse-franta-a-propus-amanarea-discutiilor-despre-aderarea-romaniei-la-schengen","status":"publish","type":"post","link":"https:\/\/analyse.optim.biz\/?p=173736","title":{"rendered":"Surse:\u00a0Fran\u021ba a propus am\u00e2narea discu\u021biilor despre aderarea Rom\u00e2niei la Schengen"},"content":{"rendered":"<div class=\"entry data-app-meta data-app-meta-article\" data-embed-base-url-canonical=\"https:\/\/www.digi24.ro\/embed\/stiri\/actualitate\/politica\/surse-franta-a-propus-amanarea-discutiilor-despre-aderarea-romaniei-la-schengen-445170\">\n<p data-index=\"1\">Reprezentan\u021bii Fran\u021bei au cerut scoaterea de pe ordinea de zi a Consiliului European a punctului referitor la aderarea Rom\u00e2niei \u0219i Bulgariei la Schengen. La Bucure\u0219ti, Rom\u00e2nia ar fi fost de acord cu acest lucru \u00een urma unor consult\u0103ri \u00eentre pre\u0219edintele Klaus Iohannis \u0219i premierul Victor Ponta.\u00a0<\/p>\n<p data-index=\"2\"><strong>Dac\u0103 Rom\u00e2nia voia s\u0103 fie \u00een continuare pe ordinea de zi ar fi primit un vot negativ<\/strong> din partea unor state precum Fran\u0163a, Olanda, Belgia \u0219i Finlanda. <strong>Acest lucru ar fi putut \u00eensemna reluarea tuturor etapelor pentru aderarea Rom\u00e2niei, care ar fi durat circa cinci ani.<\/strong><strong>\u00cens\u0103, dac\u0103 Rom\u00e2nia nu prime\u0219te acest refuz cert prin vot, atunci se preconizeaz\u0103 c\u0103 \u00eentr-un an \u015fi jum\u0103tate sau doi<\/strong>, dup\u0103 alegerile din Fran\u0163a \u015fi Germania, <strong>s-ar putea relua subiectul.<\/strong><\/p>\n<p data-index=\"3\">Potrivit surselor, \u00een perioada urm\u0103toare ar urma s\u0103 aib\u0103 loc o reformare a Spa\u0163iului Schengen din cauza crizei refugia\u0163ilor.\u00a0<\/p>\n<p data-index=\"4\">Ieri, <a href=\"https:\/\/www.digi24.ro\/Stiri\/Digi24\/Actualitate\/Politica\/Victor+Ponta+Nu+vom+intra+in+Schengen+nici+in+2016\" data-skip-linkfix=\"1\">premierul Victor Ponta spunea c\u0103 Rom\u00e2nia nu va fi primit\u0103 \u00een Spa\u0163iul Schengen nici anul viitor<\/a>, pentru c\u0103 nu doar Olanda se opune acestui lucru. Prim-ministrul nu a dezv\u0103luit \u00eens\u0103 despre ce alt stat e vorba, ci doar a precizat c\u0103 este vorba de o \u0163ar\u0103 aflat\u0103 \u00een rela\u0163ii bune cu pre\u015fedintele Klaus Iohannis, l\u0103s\u00e2nd s\u0103 se \u00een\u021beleag\u0103 c\u0103 este vorba de Germania.<\/p>\n<\/div>\n<p> Source URL: https:\/\/www.digi24.ro\/stiri\/actualitate\/politica\/surse-franta-a-propus-amanarea-discutiilor-despre-aderarea-romaniei-la-schengen-445170<\/p>\n","protected":false},"excerpt":{"rendered":"<p>Reprezentan\u021bii Fran\u021bei au cerut scoaterea de pe ordinea de zi a Consiliului European a punctului referitor la aderarea Rom\u00e2niei \u0219i Bulgariei la Schengen. La Bucure\u0219ti, Rom\u00e2nia ar fi fost de acord cu acest lucru \u00een urma unor consult\u0103ri \u00eentre pre\u0219edintele Klaus Iohannis \u0219i premierul Victor Ponta.\u00a0 Dac\u0103 Rom\u00e2nia voia s\u0103 fie \u00een continuare pe ordinea [&hellip;]<\/p>\n","protected":false},"author":1,"featured_media":173737,"comment_status":"open","ping_status":"","sticky":false,"template":"","format":"standard","meta":{"footnotes":""},"categories":[2],"tags":[11],"class_list":["post-173736","post","type-post","status-publish","format-standard","has-post-thumbnail","hentry","category-politics","tag-digi24"],"_links":{"self":[{"href":"https:\/\/analyse.optim.biz\/index.php?rest_route=\/wp\/v2\/posts\/173736","targetHints":{"allow":["GET"]}}],"collection":[{"href":"https:\/\/analyse.optim.biz\/index.php?rest_route=\/wp\/v2\/posts"}],"about":[{"href":"https:\/\/analyse.optim.biz\/index.php?rest_route=\/wp\/v2\/types\/post"}],"author":[{"embeddable":true,"href":"https:\/\/analyse.optim.biz\/index.php?rest_route=\/wp\/v2\/users\/1"}],"replies":[{"embeddable":true,"href":"https:\/\/analyse.optim.biz\/index.php?rest_route=%2Fwp%2Fv2%2Fcomments&post=173736"}],"version-history":[{"count":0,"href":"https:\/\/analyse.optim.biz\/index.php?rest_route=\/wp\/v2\/posts\/173736\/revisions"}],"wp:featuredmedia":[{"embeddable":true,"href":"https:\/\/analyse.optim.biz\/index.php?rest_route=\/wp\/v2\/media\/173737"}],"wp:attachment":[{"href":"https:\/\/analyse.optim.biz\/index.php?rest_route=%2Fwp%2Fv2%2Fmedia&parent=173736"}],"wp:term":[{"taxonomy":"category","embeddable":true,"href":"https:\/\/analyse.optim.biz\/index.php?rest_route=%2Fwp%2Fv2%2Fcategories&post=173736"},{"taxonomy":"post_tag","embeddable":true,"href":"https:\/\/analyse.optim.biz\/index.php?rest_route=%2Fwp%2Fv2%2Ftags&post=173736"}],"curies":[{"name":"wp","href":"https:\/\/api.w.org\/{rel}","templated":true}]}}