{"id":173722,"date":"2015-10-06T23:33:46","date_gmt":"2015-10-06T20:33:46","guid":{"rendered":"https:\/\/analyse.optim.biz\/?p=173722"},"modified":"2015-10-06T23:33:46","modified_gmt":"2015-10-06T20:33:46","slug":"l-dragnea-acum-nu-imi-doresc-sa-fiu-premier-ma-intereseaza-in-mod-aproape-exclusiv-functia-de-presedinte-al-psd","status":"publish","type":"post","link":"https:\/\/analyse.optim.biz\/?p=173722","title":{"rendered":"L.Dragnea: Acum nu \u00eemi doresc s\u0103 fiu premier. M\u0103 intereseaz\u0103 \u00een mod aproape exclusiv func\u021bia de pre\u0219edinte al PSD"},"content":{"rendered":"<div class=\"entry data-app-meta data-app-meta-article\" data-embed-base-url-canonical=\"https:\/\/www.digi24.ro\/embed\/stiri\/actualitate\/politica\/l-dragnea-acum-nu-imi-doresc-sa-fiu-premier-ma-intereseaza-in-mod-aproape-exclusiv-functia-de-presedinte-al-psd-445323\">\n<p data-index=\"1\">\u00a0<img decoding=\"async\" src=\"https:\/\/analyse.optim.biz\/wp-content\/uploads\/2024\/09\/zmniowfiymy5mjewzgu5nzu4ytjkmjqwn2rmngu1-thumb_.jpg\" data-skip-htmlfix=\"1\" title=\"zmniowfiymy5mjewzgu5nzu4ytjkmjqwn2rmngu1-thumb_\"><\/p>\n<p data-index=\"2\"><span><em><strong>Foto: PSD<\/strong><\/em><\/span><\/p>\n<p data-index=\"3\">\u201e<em><strong>Acum nu \u00eemi doresc s\u0103 fiu premier<\/strong><\/em><em>. \u0218ti\u021bi ce \u00eemi doresc foarte mult? S\u0103 reu\u0219esc ca, \u00een 2016, sau p\u00e2n\u0103 la finalul anului 2016, PSD s\u0103 fie perceput ca un partid care are o alt\u0103 abordare politic\u0103, un partid care reu\u0219e\u0219te s\u0103 creeze o alt\u0103 genera\u021bie de lideri care s\u0103 preia ciclul politic \u00eencep\u00e2nd cu 2017, un partid care poate s\u0103 devin\u0103 motorul schimb\u0103rii \u0219i progresului \u00een Rom\u00e2nia. Pentru asta, <\/em><em><strong>m\u0103 intereseaz\u0103 \u00een mod aproape exclusiv func\u021bia de pre\u0219edinte al partidului<\/strong><\/em><em>, pe care s\u0103 o gestionez bine p\u00e2n\u0103 la finalul anului 2016 cel pu\u021bin \u0219i cu cele dou\u0103 alegeri, locale \u0219i parlamentare, c\u00e2\u0219tigate de PSD. A\u0219 vrea s\u0103 fiu unul din acei oameni care, \u00eempreun\u0103 cu al\u021bi oameni, s\u0103 ne str\u00e2ngem \u00een jurul unei mese \u0219i s\u0103 construim planul de dezvoltare al acestei \u021b\u0103ri pe urm\u0103torii 25 de ani<\/em>\u201d, a spus Dragnea, la <a href=\"http:\/\/www.romaniatv.net\/\" target=\"_blank\" data-skip-linkfix=\"1\" rel=\"noopener\">Rom\u00e2nia TV<\/a>.<\/p>\n<p data-index=\"4\">El a apreciat c\u0103 premierul Victor Ponta este unul \u201eeficient\u201d \u0219i a precizat c\u0103 PSD \u201enu are de ce s\u0103 \u00eei retrag\u0103 sprijinul politic\u201d.<\/p>\n<p data-index=\"5\">\u201e<em>Actuala guvernare este o guvernare bun\u0103 \u0219i eficient\u0103, nu avem nici un fel de alternativ\u0103 la actualul guvern, iar noi vrem s\u0103 p\u0103str\u0103m aceast\u0103 guvernare. Victor Ponta e un premier eficient, PSD nu are de ce s\u0103 \u00eei retrag\u0103 sprijinul politic<\/em>\u201d, a subliniat Dragnea.<\/p>\n<p data-index=\"6\">\u00centrebat dac\u0103 Gabriel Oprea poate s\u0103 fie un premier bun, liderul interimar al PSD a spus c\u0103 acesta ar putea fi, \u00eens\u0103 PSD nu va sta \u00eentr-un guvern \u00een care premierul nu e propus de PSD.<\/p>\n<p data-index=\"7\">\u201e<em>PSD este cel mai mare partid din Rom\u00e2nia \u0219i nu poate s\u0103-\u0219i permit\u0103 s\u0103 r\u0103m\u00e2n\u0103 \u00eentr-un guvern \u00een care nu are decizia final\u0103, \u00een schimb s\u0103 aib\u0103 cele mai mari costuri posibile. Am mai avut o dat\u0103 experien\u021ba asta, \u00een 2009, \u0219i a fost suficient pentru noi<\/em>\u201d, a \u00eencheiat Dragnea.<\/p>\n<\/div>\n<p> Source URL: https:\/\/www.digi24.ro\/stiri\/actualitate\/politica\/l-dragnea-acum-nu-imi-doresc-sa-fiu-premier-ma-intereseaza-in-mod-aproape-exclusiv-functia-de-presedinte-al-psd-445323<\/p>\n","protected":false},"excerpt":{"rendered":"<p>\u00a0 Foto: PSD \u201eAcum nu \u00eemi doresc s\u0103 fiu premier. \u0218ti\u021bi ce \u00eemi doresc foarte mult? S\u0103 reu\u0219esc ca, \u00een 2016, sau p\u00e2n\u0103 la finalul anului 2016, PSD s\u0103 fie perceput ca un partid care are o alt\u0103 abordare politic\u0103, un partid care reu\u0219e\u0219te s\u0103 creeze o alt\u0103 genera\u021bie de lideri care s\u0103 preia ciclul [&hellip;]<\/p>\n","protected":false},"author":1,"featured_media":173723,"comment_status":"open","ping_status":"","sticky":false,"template":"","format":"standard","meta":{"footnotes":""},"categories":[2],"tags":[11],"class_list":["post-173722","post","type-post","status-publish","format-standard","has-post-thumbnail","hentry","category-politics","tag-digi24"],"_links":{"self":[{"href":"https:\/\/analyse.optim.biz\/index.php?rest_route=\/wp\/v2\/posts\/173722","targetHints":{"allow":["GET"]}}],"collection":[{"href":"https:\/\/analyse.optim.biz\/index.php?rest_route=\/wp\/v2\/posts"}],"about":[{"href":"https:\/\/analyse.optim.biz\/index.php?rest_route=\/wp\/v2\/types\/post"}],"author":[{"embeddable":true,"href":"https:\/\/analyse.optim.biz\/index.php?rest_route=\/wp\/v2\/users\/1"}],"replies":[{"embeddable":true,"href":"https:\/\/analyse.optim.biz\/index.php?rest_route=%2Fwp%2Fv2%2Fcomments&post=173722"}],"version-history":[{"count":0,"href":"https:\/\/analyse.optim.biz\/index.php?rest_route=\/wp\/v2\/posts\/173722\/revisions"}],"wp:featuredmedia":[{"embeddable":true,"href":"https:\/\/analyse.optim.biz\/index.php?rest_route=\/wp\/v2\/media\/173723"}],"wp:attachment":[{"href":"https:\/\/analyse.optim.biz\/index.php?rest_route=%2Fwp%2Fv2%2Fmedia&parent=173722"}],"wp:term":[{"taxonomy":"category","embeddable":true,"href":"https:\/\/analyse.optim.biz\/index.php?rest_route=%2Fwp%2Fv2%2Fcategories&post=173722"},{"taxonomy":"post_tag","embeddable":true,"href":"https:\/\/analyse.optim.biz\/index.php?rest_route=%2Fwp%2Fv2%2Ftags&post=173722"}],"curies":[{"name":"wp","href":"https:\/\/api.w.org\/{rel}","templated":true}]}}