{"id":173711,"date":"2015-10-07T09:53:26","date_gmt":"2015-10-07T06:53:26","guid":{"rendered":"https:\/\/analyse.optim.biz\/?p=173711"},"modified":"2015-10-07T09:53:26","modified_gmt":"2015-10-07T06:53:26","slug":"solutia-lui-traian-basescu-pentru-cazul-romanului-rapit-in-burkina-faso","status":"publish","type":"post","link":"https:\/\/analyse.optim.biz\/?p=173711","title":{"rendered":"Solu\u0163ia lui Traian B\u0103sescu pentru cazul rom\u00e2nului r\u0103pit \u00een Burkina Faso"},"content":{"rendered":"<div class=\"entry data-app-meta data-app-meta-article\" data-embed-base-url-canonical=\"https:\/\/www.digi24.ro\/embed\/stiri\/actualitate\/politica\/solutia-lui-traian-basescu-pentru-cazul-romanului-rapit-in-burkina-faso-445356\">\n<p data-index=\"1\">\u00centrebat cum ar ac\u0163iona \u00een cazul rom\u00e2nului r\u0103pit \u00een Burkina Faso, dac\u0103 ar fi pre\u015fedinte, Traian B\u0103sescu a r\u0103spuns: \u201eA\u015f face ce am f\u0103cut \u015fi c\u00e2nd au fost r\u0103pi\u0163i jurnali\u015ftii. A\u015f sta cu serviciile secrete \u00een fiecare zi, s\u0103 vedem ce informa\u0163ii s-au mai adunat. Atunci c\u00e2nd toate sunt puse cap la cap, v\u0103 asigur c\u0103 se \u00eentrev\u0103d \u015fi solu\u0163iile. A\u015fa, lucr\u00e2nd disparat fiecare nu \u015ftiu cum or s\u0103 rezolve\u201d.<\/p>\n<p data-index=\"2\">DIICOT a deschis un dosar penal pentru acte de terorism \u00een cazul rom\u00e2nului r\u0103pit \u00een Burkina Faso.<\/p>\n<p data-index=\"3\">Surse din cadrul DIICOT spun c\u0103 acest dosar a fost deschis, \u00eendeplinind un pas procedural, pentru \u201eacte de terorism, pentru lipsire de libertate\u201d.<\/p>\n<p data-index=\"4\">Dosarul, deschis in rem, are rolul ca, \u00een cazul \u00een care r\u0103pitorii sunt captura\u021bi, statul rom\u00e2n s\u0103 poat\u0103 s\u0103 \u00eei judece pe teritoriul Rom\u00e2niei.<\/p>\n<p data-index=\"5\">Rom\u00e2nul de 39 de ani r\u0103pit de terori\u015fti \u00een prim\u0103var\u0103 \u00een Burkina Faso a cerut, la sf\u00e2r\u0219itul lunii trecute, familiei \u015fi autorit\u0103\u0163ilor s\u0103 fac\u0103 tot posibilul s\u0103 \u00eel salveze. Extremi\u015ftii afilia\u0163i Statului Islamic au postat pe internet filmarea \u00een care Iulian Gherghu\u0163 cere ajutor.<\/p>\n<p data-index=\"6\">B\u0103rbatul a fost r\u0103pit \u00een timp ce patrula \u00een preajma minei din Tambao. Dup\u0103 r\u0103pirea rom\u00e2nului pe 4 aprilie, guvernul din Burkina Faso a creat o celul\u0103 de criz\u0103 pentru acest caz.<\/p>\n<\/div>\n<p> Source URL: https:\/\/www.digi24.ro\/stiri\/actualitate\/politica\/solutia-lui-traian-basescu-pentru-cazul-romanului-rapit-in-burkina-faso-445356<\/p>\n","protected":false},"excerpt":{"rendered":"<p>\u00centrebat cum ar ac\u0163iona \u00een cazul rom\u00e2nului r\u0103pit \u00een Burkina Faso, dac\u0103 ar fi pre\u015fedinte, Traian B\u0103sescu a r\u0103spuns: \u201eA\u015f face ce am f\u0103cut \u015fi c\u00e2nd au fost r\u0103pi\u0163i jurnali\u015ftii. A\u015f sta cu serviciile secrete \u00een fiecare zi, s\u0103 vedem ce informa\u0163ii s-au mai adunat. Atunci c\u00e2nd toate sunt puse cap la cap, v\u0103 asigur [&hellip;]<\/p>\n","protected":false},"author":1,"featured_media":173712,"comment_status":"open","ping_status":"","sticky":false,"template":"","format":"standard","meta":{"footnotes":""},"categories":[2],"tags":[11],"class_list":["post-173711","post","type-post","status-publish","format-standard","has-post-thumbnail","hentry","category-politics","tag-digi24"],"_links":{"self":[{"href":"https:\/\/analyse.optim.biz\/index.php?rest_route=\/wp\/v2\/posts\/173711","targetHints":{"allow":["GET"]}}],"collection":[{"href":"https:\/\/analyse.optim.biz\/index.php?rest_route=\/wp\/v2\/posts"}],"about":[{"href":"https:\/\/analyse.optim.biz\/index.php?rest_route=\/wp\/v2\/types\/post"}],"author":[{"embeddable":true,"href":"https:\/\/analyse.optim.biz\/index.php?rest_route=\/wp\/v2\/users\/1"}],"replies":[{"embeddable":true,"href":"https:\/\/analyse.optim.biz\/index.php?rest_route=%2Fwp%2Fv2%2Fcomments&post=173711"}],"version-history":[{"count":0,"href":"https:\/\/analyse.optim.biz\/index.php?rest_route=\/wp\/v2\/posts\/173711\/revisions"}],"wp:featuredmedia":[{"embeddable":true,"href":"https:\/\/analyse.optim.biz\/index.php?rest_route=\/wp\/v2\/media\/173712"}],"wp:attachment":[{"href":"https:\/\/analyse.optim.biz\/index.php?rest_route=%2Fwp%2Fv2%2Fmedia&parent=173711"}],"wp:term":[{"taxonomy":"category","embeddable":true,"href":"https:\/\/analyse.optim.biz\/index.php?rest_route=%2Fwp%2Fv2%2Fcategories&post=173711"},{"taxonomy":"post_tag","embeddable":true,"href":"https:\/\/analyse.optim.biz\/index.php?rest_route=%2Fwp%2Fv2%2Ftags&post=173711"}],"curies":[{"name":"wp","href":"https:\/\/api.w.org\/{rel}","templated":true}]}}