{"id":173641,"date":"2015-10-09T11:23:13","date_gmt":"2015-10-09T08:23:13","guid":{"rendered":"https:\/\/analyse.optim.biz\/?p=173641"},"modified":"2015-10-09T11:23:13","modified_gmt":"2015-10-09T08:23:13","slug":"traian-basescu-s-a-inscris-in-pmp-viata-ma-obliga-sa-o-fac-nimeni-nu-o-sa-mi-inchida-gura-voi-fi-un-politician-extrem-de-incomod","status":"publish","type":"post","link":"https:\/\/analyse.optim.biz\/?p=173641","title":{"rendered":"Traian B\u0103sescu s-a \u00eenscris \u00een PMP: Via\u0163a m\u0103 oblig\u0103 s\u0103 o fac. Nimeni nu o s\u0103-mi \u00eenchid\u0103 gura, voi fi un politician extrem de incomod"},"content":{"rendered":"<div class=\"entry data-app-meta data-app-meta-article\" data-embed-base-url-canonical=\"https:\/\/www.digi24.ro\/embed\/stiri\/actualitate\/politica\/traian-basescu-s-a-inscris-in-pmp-viata-ma-obliga-sa-o-fac-nimeni-nu-o-sa-mi-inchida-gura-voi-fi-un-politician-extrem-de-incomod-446188\">\n<p data-index=\"1\">\u201eVia\u0163a m\u0103 oblig\u0103 s\u0103 o fac. Un motiv este legat de ce se \u00eent\u00e2mpl\u0103 din 22 decembrie 2014, o campanie furibund\u0103 de denigrare a celor dou\u0103 mandate la Cotroceni, o negare a transform\u0103rilor prin care a trecut \u0163ara \u015fi efortul uria\u015f pe care \u00eel depun trusturi media \u015fi institu\u0163ii ale statului &#8211; pe care le-am consolidat &#8211; pentru discreditarea mea personal\u0103. Singura mea solu\u0163ie e s\u0103 revin \u00een via\u0163a politic\u0103 s\u0103 \u00eemi ap\u0103r cele dou\u0103 mandate \u015fi s\u0103 m\u0103 ap\u0103r pe mine \u00een fa\u0163a valului de denigrare.<\/p>\n<div class=\"fb-post\">\n<div class=\"fb-xfbml-parse-ignore\">\n<blockquote cite=\"https:\/\/www.facebook.com\/PresedinteleTraianBasescu\/posts\/1131831673497049:0\"><p>Posted by <a href=\"https:\/\/www.facebook.com\/PresedinteleTraianBasescu\" data-skip-linkfix=\"1\">Traian B\u0103sescu<\/a> on\u00a0<a href=\"https:\/\/www.facebook.com\/PresedinteleTraianBasescu\/posts\/1131831673497049:0\" data-skip-linkfix=\"1\">9 Octombrie 2015<\/a><\/p><\/blockquote>\n<\/div>\n<\/div>\n<p data-index=\"3\">Al doilea motiv e legat de viziune, am constatat \u00een aceste 11 luni de la terminarea mandatului c\u0103 viziunii \u015fi eforturilor de consolidare a statului trebuia s\u0103 \u00eei mai adaug ceva \u015fi nu am f\u0103cut-o. O voi face acum ca om politic de opozi\u0163ie \u015fi anume, respectarea drepturilor omului. \u00cen cei 10 ani am vorbit despsre institu\u0163ii, dar nu am vorbit c\u0103 \u00een paralel trebuie dezvoltate responsabil pentru drepturile omului, care are dreptul la o anchet\u0103 corect\u0103 \u015fi la un proces corect.<\/p>\n<p data-index=\"4\">Am \u00een vedere chiar propriile mele p\u0103\u0163anii, am v\u0103zut o h\u0103ituire despre care am crezut c\u0103 nu mai e posibil\u0103 \u00een Rom\u00e2nia am crezut c\u0103 institu\u0163iile au \u00een\u0163eles c\u0103 sunt limite dar se pare c\u0103 abia au a\u015fteptat eliberarea locului de la Cotroceni pentru a reveni la vechile moravuri, ca instrumente de prigoan\u0103 a politicienilor incomozi. Voi r\u0103m\u00e2ne un politician extrem de incomod, f\u0103r\u0103 s\u0103 vreau r\u0103zboi, nimeni nu o s\u0103-mi \u00eenchid\u0103 gura. Oamenii nu pot fi h\u0103itui\u0163i pentru c\u0103 vrea un \u015fef de institu\u0163ie. Tr\u0103iesc pe pielea mea eficien\u0163a extraordinar\u0103 pe care am dat-o institu\u0163iilor, dar nu am avut \u00een vedere c\u0103 se vor l\u0103sa utilizate ca instrumente de h\u0103r\u0163uire.<\/p>\n<p data-index=\"5\">Nemaiput\u00e2nd s\u0103 las mo\u015ftenire un PDL, o s\u0103 las o Mi\u015fcare Popular\u0103\u201d, a declarat Traian B\u0103sescu.<\/p>\n<\/div>\n<p> Source URL: https:\/\/www.digi24.ro\/stiri\/actualitate\/politica\/traian-basescu-s-a-inscris-in-pmp-viata-ma-obliga-sa-o-fac-nimeni-nu-o-sa-mi-inchida-gura-voi-fi-un-politician-extrem-de-incomod-446188<\/p>\n","protected":false},"excerpt":{"rendered":"<p>\u201eVia\u0163a m\u0103 oblig\u0103 s\u0103 o fac. Un motiv este legat de ce se \u00eent\u00e2mpl\u0103 din 22 decembrie 2014, o campanie furibund\u0103 de denigrare a celor dou\u0103 mandate la Cotroceni, o negare a transform\u0103rilor prin care a trecut \u0163ara \u015fi efortul uria\u015f pe care \u00eel depun trusturi media \u015fi institu\u0163ii ale statului &#8211; pe care le-am [&hellip;]<\/p>\n","protected":false},"author":1,"featured_media":173642,"comment_status":"open","ping_status":"","sticky":false,"template":"","format":"standard","meta":{"footnotes":""},"categories":[2],"tags":[11],"class_list":["post-173641","post","type-post","status-publish","format-standard","has-post-thumbnail","hentry","category-politics","tag-digi24"],"_links":{"self":[{"href":"https:\/\/analyse.optim.biz\/index.php?rest_route=\/wp\/v2\/posts\/173641","targetHints":{"allow":["GET"]}}],"collection":[{"href":"https:\/\/analyse.optim.biz\/index.php?rest_route=\/wp\/v2\/posts"}],"about":[{"href":"https:\/\/analyse.optim.biz\/index.php?rest_route=\/wp\/v2\/types\/post"}],"author":[{"embeddable":true,"href":"https:\/\/analyse.optim.biz\/index.php?rest_route=\/wp\/v2\/users\/1"}],"replies":[{"embeddable":true,"href":"https:\/\/analyse.optim.biz\/index.php?rest_route=%2Fwp%2Fv2%2Fcomments&post=173641"}],"version-history":[{"count":0,"href":"https:\/\/analyse.optim.biz\/index.php?rest_route=\/wp\/v2\/posts\/173641\/revisions"}],"wp:featuredmedia":[{"embeddable":true,"href":"https:\/\/analyse.optim.biz\/index.php?rest_route=\/wp\/v2\/media\/173642"}],"wp:attachment":[{"href":"https:\/\/analyse.optim.biz\/index.php?rest_route=%2Fwp%2Fv2%2Fmedia&parent=173641"}],"wp:term":[{"taxonomy":"category","embeddable":true,"href":"https:\/\/analyse.optim.biz\/index.php?rest_route=%2Fwp%2Fv2%2Fcategories&post=173641"},{"taxonomy":"post_tag","embeddable":true,"href":"https:\/\/analyse.optim.biz\/index.php?rest_route=%2Fwp%2Fv2%2Ftags&post=173641"}],"curies":[{"name":"wp","href":"https:\/\/api.w.org\/{rel}","templated":true}]}}