{"id":173443,"date":"2015-10-12T12:13:43","date_gmt":"2015-10-12T09:13:43","guid":{"rendered":"https:\/\/analyse.optim.biz\/?p=173443"},"modified":"2015-10-12T12:13:43","modified_gmt":"2015-10-12T09:13:43","slug":"liviu-dragnea-nu-am-de-ce-sa-bat-la-o-usa-pentru-a-discuta-cu-cineva-cum-sa-ne-dam-jos-guvernul","status":"publish","type":"post","link":"https:\/\/analyse.optim.biz\/?p=173443","title":{"rendered":"Liviu Dragnea: \u201eNu am de ce s\u0103 bat la o u\u015f\u0103 pentru a discuta cu cineva cum s\u0103 ne d\u0103m jos Guvernul\u201d"},"content":{"rendered":"<div class=\"entry data-app-meta data-app-meta-article\" data-embed-base-url-canonical=\"https:\/\/www.digi24.ro\/embed\/stiri\/actualitate\/politica\/liviu-dragnea-nu-am-de-ce-sa-bat-la-o-usa-pentru-a-discuta-cu-cineva-cum-sa-ne-dam-jos-guvernul-446888\">\n<p data-index=\"1\"><strong>Liviu Dragnea:<\/strong> \u00cen ceea ce prive\u015fte negocierile cu Iohannis, nu vreau s\u0103 mai vorbim de asta, voi vorbi dac\u0103 se \u00eent\u00e2mpl\u0103, dac\u0103 apar solicit\u0103ri, dac\u0103 apare vreo invita\u0163ie.<\/p>\n<p data-index=\"2\"><strong>Reporter:<\/strong> A\u015ftepta\u0163i dumneavoastr\u0103 o invita\u0163ie din partea pre\u0219edintelui Klaus Iohannis? Sau lansa\u0163i dumneavoastr\u0103 aceast\u0103 invita\u0163ie la discu\u0163ie?<\/p>\n<p data-index=\"3\"><strong>Liviu Dragnea:<\/strong> Nu, eu nu uit totu\u015fi, nu fac gre\u015feala s\u0103 uit care e realitatea. Noi avem un Guvern care tocmai a fost revalidat \u00een Parlament pentru faptul c\u0103 a picat mo\u0163iunea, eu nu am de ce s\u0103 bat la o u\u015f\u0103 pentru a discuta cu cineva cum s\u0103 ne d\u0103m jos Guvernul.<\/p>\n<\/div>\n<p> Source URL: https:\/\/www.digi24.ro\/stiri\/actualitate\/politica\/liviu-dragnea-nu-am-de-ce-sa-bat-la-o-usa-pentru-a-discuta-cu-cineva-cum-sa-ne-dam-jos-guvernul-446888<\/p>\n","protected":false},"excerpt":{"rendered":"<p>Liviu Dragnea: \u00cen ceea ce prive\u015fte negocierile cu Iohannis, nu vreau s\u0103 mai vorbim de asta, voi vorbi dac\u0103 se \u00eent\u00e2mpl\u0103, dac\u0103 apar solicit\u0103ri, dac\u0103 apare vreo invita\u0163ie. Reporter: A\u015ftepta\u0163i dumneavoastr\u0103 o invita\u0163ie din partea pre\u0219edintelui Klaus Iohannis? Sau lansa\u0163i dumneavoastr\u0103 aceast\u0103 invita\u0163ie la discu\u0163ie? Liviu Dragnea: Nu, eu nu uit totu\u015fi, nu fac gre\u015feala [&hellip;]<\/p>\n","protected":false},"author":1,"featured_media":173444,"comment_status":"open","ping_status":"","sticky":false,"template":"","format":"standard","meta":{"footnotes":""},"categories":[2],"tags":[11],"class_list":["post-173443","post","type-post","status-publish","format-standard","has-post-thumbnail","hentry","category-politics","tag-digi24"],"_links":{"self":[{"href":"https:\/\/analyse.optim.biz\/index.php?rest_route=\/wp\/v2\/posts\/173443","targetHints":{"allow":["GET"]}}],"collection":[{"href":"https:\/\/analyse.optim.biz\/index.php?rest_route=\/wp\/v2\/posts"}],"about":[{"href":"https:\/\/analyse.optim.biz\/index.php?rest_route=\/wp\/v2\/types\/post"}],"author":[{"embeddable":true,"href":"https:\/\/analyse.optim.biz\/index.php?rest_route=\/wp\/v2\/users\/1"}],"replies":[{"embeddable":true,"href":"https:\/\/analyse.optim.biz\/index.php?rest_route=%2Fwp%2Fv2%2Fcomments&post=173443"}],"version-history":[{"count":0,"href":"https:\/\/analyse.optim.biz\/index.php?rest_route=\/wp\/v2\/posts\/173443\/revisions"}],"wp:featuredmedia":[{"embeddable":true,"href":"https:\/\/analyse.optim.biz\/index.php?rest_route=\/wp\/v2\/media\/173444"}],"wp:attachment":[{"href":"https:\/\/analyse.optim.biz\/index.php?rest_route=%2Fwp%2Fv2%2Fmedia&parent=173443"}],"wp:term":[{"taxonomy":"category","embeddable":true,"href":"https:\/\/analyse.optim.biz\/index.php?rest_route=%2Fwp%2Fv2%2Fcategories&post=173443"},{"taxonomy":"post_tag","embeddable":true,"href":"https:\/\/analyse.optim.biz\/index.php?rest_route=%2Fwp%2Fv2%2Ftags&post=173443"}],"curies":[{"name":"wp","href":"https:\/\/api.w.org\/{rel}","templated":true}]}}