{"id":173440,"date":"2015-10-12T13:23:36","date_gmt":"2015-10-12T10:23:36","guid":{"rendered":"https:\/\/analyse.optim.biz\/?p=173440"},"modified":"2015-10-12T13:23:36","modified_gmt":"2015-10-12T10:23:36","slug":"adrian-nastase-avertisment-pentru-liviu-dragnea","status":"publish","type":"post","link":"https:\/\/analyse.optim.biz\/?p=173440","title":{"rendered":"Adrian N\u0103stase, avertisment pentru Liviu Dragnea"},"content":{"rendered":"<div class=\"entry data-app-meta data-app-meta-article\" data-embed-base-url-canonical=\"https:\/\/www.digi24.ro\/embed\/stiri\/actualitate\/politica\/adrian-nastase-avertisment-pentru-liviu-dragnea-446918\">\n<p data-index=\"1\">\u00a0<img decoding=\"async\" src=\"https:\/\/analyse.optim.biz\/wp-content\/uploads\/2024\/09\/ptgwmczoyxnoptc3ote5ndhjn2m0mzixmzcyngyzn2eznmnizdq5mjll-thumb_-1.jpg\" data-skip-htmlfix=\"1\" title=\"ptgwmczoyxnoptc3ote5ndhjn2m0mzixmzcyngyzn2eznmnizdq5mjll-thumb_-1\"><\/p>\n<p data-index=\"2\"><span><em><strong><span>Foto: Facebook<\/span><\/strong><\/em><\/span><\/p>\n<p data-index=\"3\">Mesajul lui Adrian N\u0103stase:<\/p>\n<p data-index=\"4\">De\u0219i spectator, am urm\u0103rit cu aten\u021bie preg\u0103tirile pentru alegerea pre\u0219edintelui PSD \u0219i desf\u0103\u0219urarea scrutinului de ieri. <span><strong>Pu\u021bini \u00ee\u0219i mai amintesc dar aceasta formul\u0103 de alegere a pre\u0219edintelui partidului a fost propus\u0103 de mine, \u00een 2004<\/strong><\/span><span>, odat\u0103 cu propunerea de alegeri preliminare \u00een partid pentru parlamentare. Era o formul\u0103 simetric\u0103 pentru alegerea liderului PSD.<\/span><\/p>\n<p data-index=\"5\">Preluam modelul Partidului Socialist Francez \u0219i al Partidului Muncii din Israel. Ea nu a putut fi aplicat\u0103 dup\u0103 2004 din cauza rezultatelor de la alegerile preziden\u021biale. De aceea, \u00een 2005, la Congres, s-a mers tot pe varianta clasic\u0103, fiind vorba de un congres extraordinar. La fel s-a \u00eent\u00e2mplat la Congresul extraordinar din 2006. \u00cen 2010, b\u0103t\u0103lia s-a dat pentru stabilirea num\u0103rului de delega\u021bi din fiecare organiza\u021bie jude\u021bean\u0103. \u00cen final, a fost ales Victor Ponta. Marian Vanghelie a subliniat recent rolul meu \u00een alegerea lui Ponta. Este modest. Rolul lui a fost cel pu\u021bin la fel de important. Ini\u021bial eram \u00eenscris \u00een cursa pentru func\u021bia de pre\u0219edinte. Mircea Geoan\u0103, pentru a se realege, i-a dublat \u00eens\u0103 lui Vanghelie \u2013 care atunci era m\u00e2na lui dreapt\u0103 \u2013 num\u0103rul de delega\u021bi la Congres, a propus ca fiecare candidat s\u0103 vin\u0103 cu o list\u0103 blocat\u0103 de vicepre\u0219edin\u021bi (el lu\u00e2nd pe list\u0103 pre\u0219edin\u021bii de organiza\u021bii, \u00een majoritate pu\u0219i de el la jude\u021be) \u0219i organiz\u00e2nd Congresul nu la Palatul Parlamentului ci la Romexpo, acolo unde Vanghelie avea experien\u021b\u0103 \u00een organizat ac\u021biuni! \u00cen aceste condi\u021bii, eu m-am retras dar l-am sus\u021binut pe Ponta, pe ale c\u0103rui calit\u0103\u021bi le apreciez, \u00een continuare. La acel Congres, \u00een 2010, s-a introdus \u00een statut formula alegerii pre\u0219edintelui prin vot \u201euniversal\u201d \u00een partid. Primul exerci\u021biu de acest fel a avut loc ieri. Cred, \u00een continuare, c\u0103 este o variant\u0103 bun\u0103, util\u0103 pentru \u201einventarierea\u201d membrilor activi ai partidului, pentru testarea for\u021bei de organizare, pentru capacitatea de mobilizare rapid\u0103, pentru starea de moral a militan\u021bilor partidului. Un exerci\u021biu util pentru for\u021ba \u0219i unitatea partidului.<\/p>\n<p data-index=\"6\">A fost \u0219i un test pentru calit\u0103\u021bile de organizator ale lui Liviu Dragnea, care a confirmat puterea de a mobiliza structurile partidului, de a le \u201etrezi\u201d dup\u0103 alegerile preziden\u021biale din 2014. Felicit\u0103ri, Liviu!<\/p>\n<p data-index=\"7\">P.S.: \u021ain\u00e2nd seama de experien\u021bele mele, adaug, totu\u0219i, un vechi adagiu roman: \u201e<strong>Si vis pacem, para bellum!<\/strong>\u201d (n.red.: \u201eDac\u0103 vrei pace, preg\u0103te\u0219te-te pentru r\u0103zboi!\u201d).<\/p>\n<\/div>\n<p> Source URL: https:\/\/www.digi24.ro\/stiri\/actualitate\/politica\/adrian-nastase-avertisment-pentru-liviu-dragnea-446918<\/p>\n","protected":false},"excerpt":{"rendered":"<p>\u00a0 Foto: Facebook Mesajul lui Adrian N\u0103stase: De\u0219i spectator, am urm\u0103rit cu aten\u021bie preg\u0103tirile pentru alegerea pre\u0219edintelui PSD \u0219i desf\u0103\u0219urarea scrutinului de ieri. Pu\u021bini \u00ee\u0219i mai amintesc dar aceasta formul\u0103 de alegere a pre\u0219edintelui partidului a fost propus\u0103 de mine, \u00een 2004, odat\u0103 cu propunerea de alegeri preliminare \u00een partid pentru parlamentare. Era o formul\u0103 [&hellip;]<\/p>\n","protected":false},"author":1,"featured_media":173441,"comment_status":"open","ping_status":"","sticky":false,"template":"","format":"standard","meta":{"footnotes":""},"categories":[2],"tags":[11],"class_list":["post-173440","post","type-post","status-publish","format-standard","has-post-thumbnail","hentry","category-politics","tag-digi24"],"_links":{"self":[{"href":"https:\/\/analyse.optim.biz\/index.php?rest_route=\/wp\/v2\/posts\/173440","targetHints":{"allow":["GET"]}}],"collection":[{"href":"https:\/\/analyse.optim.biz\/index.php?rest_route=\/wp\/v2\/posts"}],"about":[{"href":"https:\/\/analyse.optim.biz\/index.php?rest_route=\/wp\/v2\/types\/post"}],"author":[{"embeddable":true,"href":"https:\/\/analyse.optim.biz\/index.php?rest_route=\/wp\/v2\/users\/1"}],"replies":[{"embeddable":true,"href":"https:\/\/analyse.optim.biz\/index.php?rest_route=%2Fwp%2Fv2%2Fcomments&post=173440"}],"version-history":[{"count":0,"href":"https:\/\/analyse.optim.biz\/index.php?rest_route=\/wp\/v2\/posts\/173440\/revisions"}],"wp:featuredmedia":[{"embeddable":true,"href":"https:\/\/analyse.optim.biz\/index.php?rest_route=\/wp\/v2\/media\/173441"}],"wp:attachment":[{"href":"https:\/\/analyse.optim.biz\/index.php?rest_route=%2Fwp%2Fv2%2Fmedia&parent=173440"}],"wp:term":[{"taxonomy":"category","embeddable":true,"href":"https:\/\/analyse.optim.biz\/index.php?rest_route=%2Fwp%2Fv2%2Fcategories&post=173440"},{"taxonomy":"post_tag","embeddable":true,"href":"https:\/\/analyse.optim.biz\/index.php?rest_route=%2Fwp%2Fv2%2Ftags&post=173440"}],"curies":[{"name":"wp","href":"https:\/\/api.w.org\/{rel}","templated":true}]}}