{"id":173426,"date":"2015-10-12T15:37:03","date_gmt":"2015-10-12T12:37:03","guid":{"rendered":"https:\/\/analyse.optim.biz\/?p=173426"},"modified":"2015-10-12T15:37:03","modified_gmt":"2015-10-12T12:37:03","slug":"programul-camerei-deputatilor-a-fost-modificat-pentru-ca-deputatii-sa-mearga-la-sfanta-parascheva","status":"publish","type":"post","link":"https:\/\/analyse.optim.biz\/?p=173426","title":{"rendered":"Programul Camerei Deputa\u021bilor a fost modificat pentru ca deputa\u021bii s\u0103 mearg\u0103 la Sf\u00e2nta Parascheva"},"content":{"rendered":"<div class=\"entry data-app-meta data-app-meta-article\" data-embed-base-url-canonical=\"https:\/\/www.digi24.ro\/embed\/stiri\/actualitate\/politica\/programul-camerei-deputatilor-a-fost-modificat-pentru-ca-deputatii-sa-mearga-la-sfanta-parascheva-447001\">\n<p data-index=\"1\"><img decoding=\"async\" src=\"https:\/\/analyse.optim.biz\/wp-content\/uploads\/2024\/09\/ptgwmczoyxnopwrlnzmyowy1odk2nguxnmy5nzi1zjllmgu3nme5owrh-thumb_.jpg\" data-skip-htmlfix=\"1\" title=\"ptgwmczoyxnopwrlnzmyowy1odk2nguxnmy5nzi1zjllmgu3nme5owrh-thumb_\"><\/p>\n<p data-index=\"2\"><em>Foto: Inquam Photos\u00a0<\/em><\/p>\n<p data-index=\"3\">Secretarul Camerei Deputa\u021bilor, Niculae Mircovici, a anun\u021bat c\u0103 miercuri, 14 octombrie, vor avea loc doar comisiile parlamentare care au fost deja \u00eenscrise \u00een ordinea de zi. Deputa\u021bii vor veni la munc\u0103 \u00een m\u0103sura \u00een care se poate, a spus Mircovici, potrivit <a href=\"http:\/\/www.hotnews.ro\/\" target=\"_blank\" data-skip-linkfix=\"1\" rel=\"noopener\">HotNews<\/a>.<\/p>\n<p data-index=\"4\">El a declarat c\u0103 au existat mai multe solicit\u0103ri din partea deputa\u021bilor pentru a merge la s\u0103rb\u0103toarea Sfintei Parascheva din Ia\u0219i.<\/p>\n<p data-index=\"5\">De obicei, \u0219edin\u021ba de plen \u0219i votul final din Camer\u0103 sunt programate \u00een ziua de miercuri a fiec\u0103rei s\u0103pt\u0103m\u00e2ni. \u00cens\u0103, programul a fost modificat pentru aceast\u0103 s\u0103pt\u0103m\u00e2n\u0103, iar votul final se va da mar\u021bi \u00eencep\u00e2nd cu ora 15:00.<\/p>\n<p data-index=\"6\">Pentru ziua de miercuri sunt \u00eenscrise \u00een ordinea de zi patru \u0219edin\u021be ale comisiilor parlamentare din Camera Deputa\u021bilor, \u00een vreme ce activitatea a 12 comisii se va desf\u0103\u0219ura mar\u021bi, \u00een aceea\u0219i zi cu votul final.<\/p>\n<h3><span>Citi\u021bi \u0219i<\/span><\/h3>\n<h3><a href=\"https:\/\/www.digi24.ro\/Stiri\/Digi24\/Actualitate\/Stiri\/Pelerinaj+la+Parascheva+S-a+intamplat+sa+ma+intalnesc+cu+procesi\" data-skip-linkfix=\"1\"><span>Pelerinaj la sf\u00e2nta Parascheva: \u201eS-a \u00eent\u00e2mplat s\u0103 m\u0103 \u00eent\u00e2lnesc cu procesiunea \u0219i, cum aveam picioarele \u00eenghe\u021bate, deodat\u0103 s-au \u00eenc\u0103lzit\u201d<\/span><\/a><\/h3>\n<h3><a href=\"https:\/\/www.digi24.ro\/Stiri\/Digi24\/Actualitate\/Stiri\/Cu+copiii+la+Sfanta+Parascheva\" data-skip-linkfix=\"1\"><span>Pelerinaj\u00a0\u00een frig,\u00a0cu copiii,\u00a0la Sf\u00e2nta Parascheva:\u00a0\u201eBa le e foame, ba mai pl\u00e2ng, dar trebuie s\u0103 ajungem\u201d<\/span><\/a><\/h3>\n<\/div>\n<p> Source URL: https:\/\/www.digi24.ro\/stiri\/actualitate\/politica\/programul-camerei-deputatilor-a-fost-modificat-pentru-ca-deputatii-sa-mearga-la-sfanta-parascheva-447001<\/p>\n","protected":false},"excerpt":{"rendered":"<p>Foto: Inquam Photos\u00a0 Secretarul Camerei Deputa\u021bilor, Niculae Mircovici, a anun\u021bat c\u0103 miercuri, 14 octombrie, vor avea loc doar comisiile parlamentare care au fost deja \u00eenscrise \u00een ordinea de zi. Deputa\u021bii vor veni la munc\u0103 \u00een m\u0103sura \u00een care se poate, a spus Mircovici, potrivit HotNews. El a declarat c\u0103 au existat mai multe solicit\u0103ri din [&hellip;]<\/p>\n","protected":false},"author":1,"featured_media":173427,"comment_status":"open","ping_status":"","sticky":false,"template":"","format":"standard","meta":{"footnotes":""},"categories":[2],"tags":[11],"class_list":["post-173426","post","type-post","status-publish","format-standard","has-post-thumbnail","hentry","category-politics","tag-digi24"],"_links":{"self":[{"href":"https:\/\/analyse.optim.biz\/index.php?rest_route=\/wp\/v2\/posts\/173426","targetHints":{"allow":["GET"]}}],"collection":[{"href":"https:\/\/analyse.optim.biz\/index.php?rest_route=\/wp\/v2\/posts"}],"about":[{"href":"https:\/\/analyse.optim.biz\/index.php?rest_route=\/wp\/v2\/types\/post"}],"author":[{"embeddable":true,"href":"https:\/\/analyse.optim.biz\/index.php?rest_route=\/wp\/v2\/users\/1"}],"replies":[{"embeddable":true,"href":"https:\/\/analyse.optim.biz\/index.php?rest_route=%2Fwp%2Fv2%2Fcomments&post=173426"}],"version-history":[{"count":0,"href":"https:\/\/analyse.optim.biz\/index.php?rest_route=\/wp\/v2\/posts\/173426\/revisions"}],"wp:featuredmedia":[{"embeddable":true,"href":"https:\/\/analyse.optim.biz\/index.php?rest_route=\/wp\/v2\/media\/173427"}],"wp:attachment":[{"href":"https:\/\/analyse.optim.biz\/index.php?rest_route=%2Fwp%2Fv2%2Fmedia&parent=173426"}],"wp:term":[{"taxonomy":"category","embeddable":true,"href":"https:\/\/analyse.optim.biz\/index.php?rest_route=%2Fwp%2Fv2%2Fcategories&post=173426"},{"taxonomy":"post_tag","embeddable":true,"href":"https:\/\/analyse.optim.biz\/index.php?rest_route=%2Fwp%2Fv2%2Ftags&post=173426"}],"curies":[{"name":"wp","href":"https:\/\/api.w.org\/{rel}","templated":true}]}}