{"id":173412,"date":"2015-10-12T18:14:10","date_gmt":"2015-10-12T15:14:10","guid":{"rendered":"https:\/\/analyse.optim.biz\/?p=173412"},"modified":"2015-10-12T18:14:10","modified_gmt":"2015-10-12T15:14:10","slug":"v-ponta-e-treaba-noului-presedinte-psd-sa-isi-faca-echipa-cum-crede-ca-e-mai-bine","status":"publish","type":"post","link":"https:\/\/analyse.optim.biz\/?p=173412","title":{"rendered":"V. Ponta: E treaba noului pre\u0219edinte PSD s\u0103 \u00ee\u0219i fac\u0103 echipa cum crede c\u0103 e mai bine"},"content":{"rendered":"<div class=\"entry data-app-meta data-app-meta-article\" data-embed-base-url-canonical=\"https:\/\/www.digi24.ro\/embed\/stiri\/actualitate\/politica\/v-ponta-e-treaba-noului-presedinte-psd-sa-isi-faca-echipa-cum-crede-ca-e-mai-bine-447065\">\n<p data-index=\"1\"><img decoding=\"async\" src=\"https:\/\/analyse.optim.biz\/wp-content\/uploads\/2024\/09\/lmpwzyz3ptgwmczoyxnoptkznzk4y2m5mtfimzhlmjyyogvmmdq4zda2oduzowjj-thumb_.jpg\" data-skip-htmlfix=\"1\" title=\"lmpwzyz3ptgwmczoyxnoptkznzk4y2m5mtfimzhlmjyyogvmmdq4zda2oduzowjj-thumb_\"><\/p>\n<p data-index=\"2\">&#8220;E treaba noului pre\u0219edinte s\u0103 \u00ee\u0219i fac\u0103 echipa cum crede c\u0103 e mai bine. \u0218i eu mi-am f\u0103cut echipa \u0219ase ani. E logic. E ca atunci c\u00e2nd se schimb\u0103 antrenorul na\u021bionalei. Ce vre\u021bi, s\u0103 joace cu echipa cum o g\u00e2ndise cel\u0103lalt? E foarte bine, plus c\u0103 orice m\u0103suri se stabilesc \u00een CExN sunt foarte bune&#8221;, a spus Ponta, luni, \u00eenainte de \u0219edin\u021ba Comitetului Executiv Na\u021bional al PSD.<\/p>\n<p data-index=\"3\">\u00centrebat cum vede posibilitatea ca social-democra\u021bilor membri ai Guvernului s\u0103 le fie ridicat dreptul de vot \u00een cadrul \u0219edin\u021belor conducerii PSD, Victor Ponta a replicat: &#8220;Ce dac\u0103 nu avem drept de vot? Asta s\u0103 fie problema noastr\u0103 (limitarea atribu\u021biilor \u2014 n.r.). Crede\u021bi c\u0103 trebuie s\u0103 am un drept de vot sau un nedrept de vot? Cred c\u0103 e important punctul meu de vedere \u0219i, p\u00e2n\u0103 acum, nu pot s\u0103 zic c\u0103 nu am avut sprijinul partidului \u0219i al coali\u021biei pentru toate lucrurile importante&#8221;.<\/p>\n<\/div>\n<p> Source URL: https:\/\/www.digi24.ro\/stiri\/actualitate\/politica\/v-ponta-e-treaba-noului-presedinte-psd-sa-isi-faca-echipa-cum-crede-ca-e-mai-bine-447065<\/p>\n","protected":false},"excerpt":{"rendered":"<p>&#8220;E treaba noului pre\u0219edinte s\u0103 \u00ee\u0219i fac\u0103 echipa cum crede c\u0103 e mai bine. \u0218i eu mi-am f\u0103cut echipa \u0219ase ani. E logic. E ca atunci c\u00e2nd se schimb\u0103 antrenorul na\u021bionalei. Ce vre\u021bi, s\u0103 joace cu echipa cum o g\u00e2ndise cel\u0103lalt? E foarte bine, plus c\u0103 orice m\u0103suri se stabilesc \u00een CExN sunt foarte bune&#8221;, [&hellip;]<\/p>\n","protected":false},"author":1,"featured_media":173413,"comment_status":"open","ping_status":"","sticky":false,"template":"","format":"standard","meta":{"footnotes":""},"categories":[2],"tags":[11],"class_list":["post-173412","post","type-post","status-publish","format-standard","has-post-thumbnail","hentry","category-politics","tag-digi24"],"_links":{"self":[{"href":"https:\/\/analyse.optim.biz\/index.php?rest_route=\/wp\/v2\/posts\/173412","targetHints":{"allow":["GET"]}}],"collection":[{"href":"https:\/\/analyse.optim.biz\/index.php?rest_route=\/wp\/v2\/posts"}],"about":[{"href":"https:\/\/analyse.optim.biz\/index.php?rest_route=\/wp\/v2\/types\/post"}],"author":[{"embeddable":true,"href":"https:\/\/analyse.optim.biz\/index.php?rest_route=\/wp\/v2\/users\/1"}],"replies":[{"embeddable":true,"href":"https:\/\/analyse.optim.biz\/index.php?rest_route=%2Fwp%2Fv2%2Fcomments&post=173412"}],"version-history":[{"count":0,"href":"https:\/\/analyse.optim.biz\/index.php?rest_route=\/wp\/v2\/posts\/173412\/revisions"}],"wp:featuredmedia":[{"embeddable":true,"href":"https:\/\/analyse.optim.biz\/index.php?rest_route=\/wp\/v2\/media\/173413"}],"wp:attachment":[{"href":"https:\/\/analyse.optim.biz\/index.php?rest_route=%2Fwp%2Fv2%2Fmedia&parent=173412"}],"wp:term":[{"taxonomy":"category","embeddable":true,"href":"https:\/\/analyse.optim.biz\/index.php?rest_route=%2Fwp%2Fv2%2Fcategories&post=173412"},{"taxonomy":"post_tag","embeddable":true,"href":"https:\/\/analyse.optim.biz\/index.php?rest_route=%2Fwp%2Fv2%2Ftags&post=173412"}],"curies":[{"name":"wp","href":"https:\/\/api.w.org\/{rel}","templated":true}]}}