{"id":173409,"date":"2015-10-12T19:30:34","date_gmt":"2015-10-12T16:30:34","guid":{"rendered":"https:\/\/analyse.optim.biz\/?p=173409"},"modified":"2015-10-12T19:30:34","modified_gmt":"2015-10-12T16:30:34","slug":"presedintele-iohannis-s-a-intalnit-cu-noul-ambasador-al-sua","status":"publish","type":"post","link":"https:\/\/analyse.optim.biz\/?p=173409","title":{"rendered":"Pre\u0219edintele Iohannis s-a \u00eent\u00e2lnit cu noul ambasador al SUA"},"content":{"rendered":"<div class=\"entry data-app-meta data-app-meta-article\" data-embed-base-url-canonical=\"https:\/\/www.digi24.ro\/embed\/stiri\/actualitate\/politica\/presedintele-iohannis-s-a-intalnit-cu-noul-ambasador-al-sua-447108\">\n<p data-index=\"1\">\u00a0<img decoding=\"async\" src=\"https:\/\/analyse.optim.biz\/wp-content\/uploads\/2024\/09\/jnc9odawjmhhc2g9mjk4odnkodnkmmfmmme3nmewzddhm2i3nmrln2vjote-thumb_.jpg\" data-skip-htmlfix=\"1\" title=\"jnc9odawjmhhc2g9mjk4odnkodnkmmfmmme3nmewzddhm2i3nmrln2vjote-thumb_\"><\/p>\n<p data-index=\"2\"><span><em>Foto Facebook<\/em><\/span><\/p>\n<p data-index=\"3\">Potrivit sursei citate, discu\u021bia s-a concentrat asupra evolu\u021biei rela\u021biei bilaterale, iar \u00een acest cadru, s-au apreciat \u00een mod deosebit rezultatele pozitive ale convorbirilor avute la Washington de c\u0103tre \u0219eful statului rom\u00e2n \u0219i vicepre\u0219edintele SUA, Joe Biden.<\/p>\n<p data-index=\"4\">De asemenea, s-a convenit asupra importan\u021bei ac\u021biunilor care urmeaz\u0103 s\u0103 fie \u00eentreprinse pentru punerea \u00een practic\u0103 a celor discutate cu ocazia vizitei pre\u0219edintelui Rom\u00e2niei la Washington, viz\u00e2nd consolidarea Parteneriatului Strategic rom\u00e2no-american.<\/p>\n<p data-index=\"5\">Administra\u021bia Preziden\u021bial\u0103 subliniaz\u0103 c\u0103, \u00een acest context, a fost eviden\u021biat interesul reciproc pentru aprofundarea cooper\u0103rii \u00een materie de securitate, precum \u0219i pentru intensificarea dialogului politic, inclusiv la nivel \u00eenalt.<\/p>\n<p data-index=\"6\">&#8220;Pre\u0219edintele Klaus Iohannis a insistat, \u00een acela\u0219i timp, asupra necesit\u0103\u021bii consolid\u0103rii dimensiunii economice a Parteneriatului Strategic. De asemenea, pre\u0219edintele Rom\u00e2niei a reafirmat interesul \u021b\u0103rii noastre de a contribui la asigurarea securit\u0103\u021bii \u0219i stabilit\u0103\u021bii regionale \u00eentr-o str\u00e2ns\u0103 coordonare \u0219i conlucrare cu SUA&#8221;, mai arat\u0103 sursa citat\u0103.<\/p>\n<p data-index=\"7\">Hans Klemm s-a aflat la Palatul Cotroceni cu ocazia primei vizite a acestuia, dup\u0103 prezentarea scrisorilor sale de acreditare,<\/p>\n<p data-index=\"8\">Pe 21 septembrie, ambasadorul agreat al Statele Unite ale Americii \u00een Rom\u00e2nia, Hans Klemm, i-a prezentat la Palatul Cotroceni scrisoarea de acreditare pre\u0219edintelui Klaus Iohannis.<\/p>\n<\/div>\n<p> Source URL: https:\/\/www.digi24.ro\/stiri\/actualitate\/politica\/presedintele-iohannis-s-a-intalnit-cu-noul-ambasador-al-sua-447108<\/p>\n","protected":false},"excerpt":{"rendered":"<p>\u00a0 Foto Facebook Potrivit sursei citate, discu\u021bia s-a concentrat asupra evolu\u021biei rela\u021biei bilaterale, iar \u00een acest cadru, s-au apreciat \u00een mod deosebit rezultatele pozitive ale convorbirilor avute la Washington de c\u0103tre \u0219eful statului rom\u00e2n \u0219i vicepre\u0219edintele SUA, Joe Biden. De asemenea, s-a convenit asupra importan\u021bei ac\u021biunilor care urmeaz\u0103 s\u0103 fie \u00eentreprinse pentru punerea \u00een practic\u0103 [&hellip;]<\/p>\n","protected":false},"author":1,"featured_media":173410,"comment_status":"open","ping_status":"","sticky":false,"template":"","format":"standard","meta":{"footnotes":""},"categories":[2],"tags":[11],"class_list":["post-173409","post","type-post","status-publish","format-standard","has-post-thumbnail","hentry","category-politics","tag-digi24"],"_links":{"self":[{"href":"https:\/\/analyse.optim.biz\/index.php?rest_route=\/wp\/v2\/posts\/173409","targetHints":{"allow":["GET"]}}],"collection":[{"href":"https:\/\/analyse.optim.biz\/index.php?rest_route=\/wp\/v2\/posts"}],"about":[{"href":"https:\/\/analyse.optim.biz\/index.php?rest_route=\/wp\/v2\/types\/post"}],"author":[{"embeddable":true,"href":"https:\/\/analyse.optim.biz\/index.php?rest_route=\/wp\/v2\/users\/1"}],"replies":[{"embeddable":true,"href":"https:\/\/analyse.optim.biz\/index.php?rest_route=%2Fwp%2Fv2%2Fcomments&post=173409"}],"version-history":[{"count":0,"href":"https:\/\/analyse.optim.biz\/index.php?rest_route=\/wp\/v2\/posts\/173409\/revisions"}],"wp:featuredmedia":[{"embeddable":true,"href":"https:\/\/analyse.optim.biz\/index.php?rest_route=\/wp\/v2\/media\/173410"}],"wp:attachment":[{"href":"https:\/\/analyse.optim.biz\/index.php?rest_route=%2Fwp%2Fv2%2Fmedia&parent=173409"}],"wp:term":[{"taxonomy":"category","embeddable":true,"href":"https:\/\/analyse.optim.biz\/index.php?rest_route=%2Fwp%2Fv2%2Fcategories&post=173409"},{"taxonomy":"post_tag","embeddable":true,"href":"https:\/\/analyse.optim.biz\/index.php?rest_route=%2Fwp%2Fv2%2Ftags&post=173409"}],"curies":[{"name":"wp","href":"https:\/\/api.w.org\/{rel}","templated":true}]}}