{"id":173398,"date":"2015-10-12T20:37:20","date_gmt":"2015-10-12T17:37:20","guid":{"rendered":"https:\/\/analyse.optim.biz\/?p=173398"},"modified":"2015-10-12T20:37:20","modified_gmt":"2015-10-12T17:37:20","slug":"cum-va-arata-psd-in-era-dragnea-c-t-popescu-nu-vad-nicio-sansa-ca-el-sa-fie-candidatul-la-presedintie-al-partidului-pentru-ca-nu-are-popularitate","status":"publish","type":"post","link":"https:\/\/analyse.optim.biz\/?p=173398","title":{"rendered":"Cum va ar\u0103ta PSD \u00een &#8220;era Dragnea&#8221;. C. T. Popescu: Nu v\u0103d nicio \u015fans\u0103 ca el s\u0103 fie candidatul la pre\u015fedin\u0163ie al partidului, pentru c\u0103 nu are popularitate"},"content":{"rendered":"<div class=\"entry data-app-meta data-app-meta-article\" data-embed-base-url-canonical=\"https:\/\/www.digi24.ro\/embed\/stiri\/actualitate\/politica\/cum-va-arata-psd-in-era-dragnea-c-t-popescu-nu-vad-nicio-sansa-ca-el-sa-fie-candidatul-la-presedintie-al-partidului-pentru-ca-nu-are-popularitate-447132\">\n<p data-index=\"1\">Aproape patru ore au stat social-democra\u0163ii \u00een \u015fedin\u0163\u0103 pentru a stabili cum va ar\u0103ta structura de conducere a partidului \u00een urm\u0103torii patru ani. \u00cen cele din urm\u0103, Liviu Dragnea a reu\u015fit s\u0103 \u00ee\u015fi impun\u0103 punctul de vedere.<\/p>\n<p data-index=\"2\">Liviu Dragnea: \u201eLe-am propus \u00een final \u015fi au fost de acord, cu o excep\u0163ie, s\u0103 r\u0103m\u00e2n\u0103 func\u0163ia de pre\u015fedinte, pre\u015fedinte executiv, vicepre\u015fedin\u0163ii \u015fi secretarul general\u201d.<\/p>\n<p data-index=\"3\">Reporter. \u201eCine a fost \u00eempotriv\u0103?\u201d<\/p>\n<p data-index=\"4\">Liviu Dragnea: \u201eVictor Ponta. El a f\u0103cut \u015fi propunerea, o propunere argumentat\u0103, dar care nu a avut sus\u0163inere\u201d<\/p>\n<p data-index=\"5\">Reporter: \u201eCe rol vor mai avea \u00een Biroul Permanent mini\u015ftrii \u015fi premierul?\u201d<\/p>\n<p data-index=\"6\"><strong>Citi\u0163i \u015fi<\/strong><\/p>\n<p data-index=\"7\"><a href=\"https:\/\/www.digi24.ro\/Stiri\/Digi24\/Actualitate\/Politica\/liviu+dragnea+schimbare+premier+victor+ponta\" target=\"_blank\" data-skip-linkfix=\"1\" rel=\"noopener\"><strong>Liviu Dragnea: \u201eNu am de ce s\u0103 bat la o u\u015f\u0103 pentru a discuta cu cineva cum s\u0103 ne d\u0103m jos Guvernul\u201d<\/strong><\/a><\/p>\n<p data-index=\"8\">Liviu Dragnea: \u201eS-a discutat ca \u00een BPN s\u0103 aib\u0103 drept de vot cei ale\u015fi \u00een congres, \u00een plus pre\u015fedintele Consiliului Na\u0163ional \u015fi primul-ministru. E firesc ca acesta s\u0103 poat\u0103 vota\u201d.\u00a0<\/p>\n<p data-index=\"9\">Conducerea PSD a decis ca partidul s\u0103 aib\u0103 14 func\u0163ii de vicepre\u015fedinte dintre care patru s\u0103 fie de\u0163inute de femei. Nu vor mai putea s\u0103 ocupe fotoliul de vicepre\u015fedinte, social-democra\u0163ii care au func\u0163ii la nivel jude\u0163ean. Acest lucru \u00eei pune pe g\u00e2nduri pe unii dintre liderii importan\u0163i din teritoriu.<\/p>\n<p data-index=\"10\">Marian Opri\u015fan, pre\u015fedinte PSD Vrancea, \u00eentrebat dac\u0103 va candida la congres duminic\u0103: \u201eLa func\u0163ia de pre\u015fedinte, dar m\u0103 mai g\u00e2ndesc\u201d.<\/p>\n<p data-index=\"11\"><strong>\u00centreaga echip\u0103 de conducere a lui Liviu Dragnea va fi aleas\u0103 la congresul partidului de la sf\u00e2r\u015fitul acestei s\u0103pt\u0103m\u00e2ni.<\/strong><\/p>\n<hr>\n<p data-index=\"12\"><strong>Analiza evenimentelor recente din via\u0163a politic\u0103 a PSD, la &#8220;Jurnalul de Sear\u0103&#8221;, al\u0103turi de Cosmin Necula (deputat PSD), Nicolae Iv\u0103\u015fchescu (prim-vicepre\u0219edinte al organiza\u021biei UNPR Sector 6) \u015fi Virgil Popescu (vicepre\u015fedinte PNL):<\/strong><\/p>\n<hr>\n<h4><span>Cristian Tudor Popescu:\u00a0<\/span><span>Dragnea domin\u0103 autoritar partidul, dar e\u00a0un pre\u015fedinte PSD f\u0103r\u0103 carism\u0103<\/span><\/h4>\n<p data-index=\"13\">Jurnalistul Cristian Tudor Popescu a analizat scrutinul de duminic\u0103 din PSD \u015fi modul \u00een care Liviu Dragnea este v\u0103zut pe scena politic\u0103, dar \u015fi \u00een afara partidului:<\/p>\n<p data-index=\"14\"><strong>\u00a0<span><em>VIDEO: Cristian Tudor Popescu, la Digi24<\/em><\/span><\/strong><\/p>\n<p data-index=\"15\">\u201eDac\u0103 e s\u0103 ne uit\u0103m la acest vot, avem exact procentul \u00een care \u00een 25 de ani acest partid nu mai e comunist. 2,2%. Ace\u015fti 10.500 de PSD-i\u015fti care au avut curajul s\u0103 pun\u0103 NU pe buletinul de vot sunt mul\u0163i, eu nu m\u0103 a\u015fteptam s\u0103 fie vreunul. Ca 10.000 de oameni, membri de partid, membri ai PSD, s\u0103 ias\u0103 din mentalitatea alinierii la dispozi\u0163iunile de la centru, ce spun tovar\u0103\u015fii de la Bucure\u015fti, aia trebuie f\u0103cut, faptul c\u0103 au avut curajul 10.000 de oameni, e o cifr\u0103 extraordinar\u0103. Dar 97% au r\u0103mas \u00een mentalitatea candidatului unic. Ar fi trebuit ca din teritoriu, la aceast\u0103 situa\u0163ie s\u0103 vin\u0103 un semnal ca poporul PSD-ist s\u0103 transmit\u0103 conducerii: nu se poate s\u0103 ne obliga\u0163i s\u0103 vot\u0103m un singur candidat.<\/p>\n<p data-index=\"16\"><strong>Ce spune Dragnea? C\u0103 PSD e cel mai mare partid din Rom\u00e2nia, c\u0103 e un mamut politic \u015fi atunci ar fi trebuit s\u0103 vin\u0103 urm\u0103toarea observa\u0163ie: p\u0103i dac\u0103 suntem un partid a\u015fa de mare nu e ru\u015finos s\u0103 nu putem produce m\u0103car doi candida\u0163i pentru func\u0163ia de pre\u015fedinte? Nu s-au g\u0103sit doi?<\/strong> Bine, atunci alege\u0163i pre\u015fedinte acolo, dvs la conducere, numi\u0163i-l si cu asta basta, dar nu ne obliga\u0163i pe noi s\u0103 venim s\u0103 vot\u0103m doar un om, pentru c\u0103 a\u015fa ceva e ru\u015finos tocmai pentru c\u0103 PSD e cel mai mare partid din Rom\u00e2nia.<\/p>\n<p data-index=\"17\">Domnul Dragnea st\u0103p\u00e2ne\u015fte acest partid de c\u00e2teva luni, am spus c\u00e2nd a fost ales \u00een dauna Rovanei Plumb, de fapt c\u00e2nd a candidat \u00eempotriva Rovanei, pentru c\u0103 <strong>el nu candideaz\u0103 dec\u00e2t atunci c\u00e2nd va c\u00e2\u015ftiga.<\/strong> Spuneam c\u0103 \u00een 3 minute Ponta a fost exclus din PSD \u015fi Dragnea st\u0103p\u00e2ne\u015fte partidul. Ce s-a \u00eent\u00e2mplat acum sunt continu\u0103ri for\u0163ate, ca la \u015fah. Dragnea acum \u00ee\u015fi parafeaz\u0103 puterea prin astfel de hot\u0103r\u00e2ri care duc spre unicitatea lui Dragnea \u00een fruntea partidului.<\/p>\n<p data-index=\"18\"><strong>De la Ion Iliescu \u00eencoace, are Dragnea cea mai mare putere politic\u0103 \u015fi administrativ\u0103 \u00een PSD.<\/strong> Nu are alte centre de putere \u00een partid, asa cum au avut Iliescu, N\u0103stase, Geoan\u0103 sau chiar Ponta. Dragnea domin\u0103 autoritar partidul, \u00eens\u0103, pe de alt\u0103 parte, spre deosebire de to\u0163i predecesorii lui, pe c\u00e2t de mult\u0103 putere are \u00een partid, pe at\u00e2t de pu\u0163in\u0103 are \u00een afara lui. E un pre\u015fedinte PSD f\u0103r\u0103 carism\u0103. <strong>Nu are nici pe departe popularitatea lui Iliescu, care a fost votat de mul\u0163i care nu erau membri ai PSD&#8230; \u015fi N\u0103stase a fost votat \u015fi de oameni din afara partidului, Geoan\u0103 la fel, ba chiar \u015fi Ponta.<\/strong><\/p>\n<p data-index=\"19\"><strong>Dragnea are \u015fanse mari s\u0103 fie pre\u015fedinte PSD \u015fi \u00een 2019, dar nu v\u0103d nicio \u015fans\u0103 s\u0103 fie de pild\u0103 candidatul la pre\u015fedin\u0163ie al partidului, pentru c\u0103 nu are popularitate, nu p\u0103trunde \u00een afara poporului PSD-ist.<\/strong><\/p>\n<p data-index=\"20\"><strong>Tot ce poate spera Dragnea e s\u0103 ajung\u0103 \u00eentr-o zi prim-ministru, printr-un rezultat bun al PSD \u015fi o combina\u0163ie politic\u0103<\/strong>. Dar ales \u00eentr-o func\u0163ie la nivel de popula\u0163ie, Dragnea nu ar c\u00e2\u015ftiga. E pentru PSD o solu\u0163ie de tip Blaga, valabil\u0103 \u00een interiorul partidului, viabil\u0103, dar va trebui s\u0103 \u00ee\u015fi proiecteze ni\u015fte oameni din partid \u00een func\u0163ii alese, pentru c\u0103 el nu are cum s-o fac\u0103\u201d.<\/p>\n<h4>Vasile D\u00e2ncu, sociolog:\u00a0Duminic\u0103 a fost de fapt un referendum prin care s-a dat legitimitate \u00een plus lui Liviu Dragnea<\/h4>\n<p data-index=\"21\">\u201eNu e cea mai fericit\u0103 situa\u0163ia \u00een care a ajuns PSD, a face alegeri generale ca s\u0103 spunem a\u015fa pornind de la statutul din 2010, lipsa de candida\u0163i, b\u0103t\u0103lia pe care Dragnea a dat-o \u015fi prima legitimitate a fost atunci c\u00e2nd s-a luptat cu Rovana Plumb, de fapt atunci au fost alegerile cu candida\u0163i.<\/p>\n<p data-index=\"22\"><strong><span><em>VIDEO: Vasile D\u00e2ncu, la Digi24<\/em><\/span><\/strong><\/p>\n<p data-index=\"23\"><strong>Duminic\u0103 a fost de fapt un referendum prin care s-a dat legitimitate \u00een plus lui Liviu Dragnea \u00een interior cel pu\u0163in nu avea nevoie de ea, dar pe de alt\u0103 parte a fost \u015fi o prob\u0103 c\u0103 partidul, de\u015fi se afl\u0103 \u00een criz\u0103, partidul a r\u0103mas f\u0103r\u0103 leadership, iar Dragnea a fost obligat s\u0103 preia cumva situa\u0163ia de criz\u0103 \u015fi s\u0103 candideze.<\/strong> Dragnea a lucrat aici singur, dac\u0103 \u015fi-ar fi luat un consultant i-ar fi spus: ajut\u0103-l pe un candidat s\u0103 ob\u0163in\u0103 cele 5 organiza\u0163ii care s\u0103-l sus\u0163in\u0103 ca s\u0103 ai mai mult\u0103 legitimitate. Dar Dragnea a vrut s\u0103 fie sincer \u015fi s\u0103 fac\u0103 acest referendum, pe care l-a \u00eenso\u0163it cu o \u00eencercare de a valida partidul inclusiv de c\u0103tre cei care se afl\u0103 \u00een afar\u0103. Au fost duse 4 milioane de chestionare \u00een organiza\u0163ii \u015fi s\u0103 fac\u0103 o ampl\u0103 consultare privind PSD.<\/p>\n<p data-index=\"24\">S-a f\u0103cut o ampl\u0103 consultare, a \u00eencercat s\u0103 vad\u0103 ce cred oamenii despre organiza\u0163iile PSD, o consultare care s\u0103-i permit\u0103 s\u0103 starteze cumva partidul \u015fi din perspectiva programului.<\/p>\n<p data-index=\"25\">(Legat de o schimbare de \u201egard\u0103\u201d) <strong>Cred c\u0103 va fi o echip\u0103 foarte t\u00e2n\u0103r\u0103,<\/strong> care nu e format\u0103 din ceea ce presa nume\u015fte baroni locali. M\u0103sura de azi e revolu\u0163ionar\u0103, nu e numai reform\u0103. Mul\u0163i pre\u015fedin\u0163i au \u00eencercat s\u0103 fac\u0103 asta, nimeni nu a reu\u015fit s\u0103 \u00eei elimine pe cei care se ocup\u0103 de organizaiile locale s\u0103 nu mai fie prezen\u0163i \u00een conducerea partidului. Asta \u00eenseamn\u0103 o profesionalizare \u015fi o conducere mai democratic\u0103 a partidului.<\/p>\n<p data-index=\"26\">Vor veni oameni tineri, \u00een principiu oameni care nu s-au validat la tv, ci \u00een func\u0163iile lor, va fi o viziune diferit\u0103 despre organizarea unui partid\u201d, a declarat Vasile D\u00e2ncu, la Digi24.<\/p>\n<p data-index=\"27\"><strong><span><em>VIDEO: Florin Negru\u0163iu, jurnalist Digi24<\/em><\/span><\/strong><\/p>\n<p data-index=\"28\">\n<p data-index=\"29\">\u00a0\u00a0<\/p>\n<\/div>\n<p> Source URL: https:\/\/www.digi24.ro\/stiri\/actualitate\/politica\/cum-va-arata-psd-in-era-dragnea-c-t-popescu-nu-vad-nicio-sansa-ca-el-sa-fie-candidatul-la-presedintie-al-partidului-pentru-ca-nu-are-popularitate-447132<\/p>\n","protected":false},"excerpt":{"rendered":"<p>Aproape patru ore au stat social-democra\u0163ii \u00een \u015fedin\u0163\u0103 pentru a stabili cum va ar\u0103ta structura de conducere a partidului \u00een urm\u0103torii patru ani. \u00cen cele din urm\u0103, Liviu Dragnea a reu\u015fit s\u0103 \u00ee\u015fi impun\u0103 punctul de vedere. Liviu Dragnea: \u201eLe-am propus \u00een final \u015fi au fost de acord, cu o excep\u0163ie, s\u0103 r\u0103m\u00e2n\u0103 func\u0163ia de [&hellip;]<\/p>\n","protected":false},"author":1,"featured_media":173399,"comment_status":"open","ping_status":"","sticky":false,"template":"","format":"standard","meta":{"footnotes":""},"categories":[2],"tags":[11],"class_list":["post-173398","post","type-post","status-publish","format-standard","has-post-thumbnail","hentry","category-politics","tag-digi24"],"_links":{"self":[{"href":"https:\/\/analyse.optim.biz\/index.php?rest_route=\/wp\/v2\/posts\/173398","targetHints":{"allow":["GET"]}}],"collection":[{"href":"https:\/\/analyse.optim.biz\/index.php?rest_route=\/wp\/v2\/posts"}],"about":[{"href":"https:\/\/analyse.optim.biz\/index.php?rest_route=\/wp\/v2\/types\/post"}],"author":[{"embeddable":true,"href":"https:\/\/analyse.optim.biz\/index.php?rest_route=\/wp\/v2\/users\/1"}],"replies":[{"embeddable":true,"href":"https:\/\/analyse.optim.biz\/index.php?rest_route=%2Fwp%2Fv2%2Fcomments&post=173398"}],"version-history":[{"count":0,"href":"https:\/\/analyse.optim.biz\/index.php?rest_route=\/wp\/v2\/posts\/173398\/revisions"}],"wp:featuredmedia":[{"embeddable":true,"href":"https:\/\/analyse.optim.biz\/index.php?rest_route=\/wp\/v2\/media\/173399"}],"wp:attachment":[{"href":"https:\/\/analyse.optim.biz\/index.php?rest_route=%2Fwp%2Fv2%2Fmedia&parent=173398"}],"wp:term":[{"taxonomy":"category","embeddable":true,"href":"https:\/\/analyse.optim.biz\/index.php?rest_route=%2Fwp%2Fv2%2Fcategories&post=173398"},{"taxonomy":"post_tag","embeddable":true,"href":"https:\/\/analyse.optim.biz\/index.php?rest_route=%2Fwp%2Fv2%2Ftags&post=173398"}],"curies":[{"name":"wp","href":"https:\/\/api.w.org\/{rel}","templated":true}]}}