{"id":173392,"date":"2015-10-13T00:55:46","date_gmt":"2015-10-12T21:55:46","guid":{"rendered":"https:\/\/analyse.optim.biz\/?p=173392"},"modified":"2015-10-13T00:55:46","modified_gmt":"2015-10-12T21:55:46","slug":"t-basescu-romania-greseste-daca-saptamana-viitoare-nu-si-corecteaza-pozitia-sa-spuna-ca-nu-primeste-refugiati","status":"publish","type":"post","link":"https:\/\/analyse.optim.biz\/?p=173392","title":{"rendered":"T. B\u0103sescu: Rom\u00e2nia gre\u0219e\u0219te dac\u0103 s\u0103pt\u0103m\u00e2na viitoare nu-\u0219i corecteaz\u0103 pozi\u021bia s\u0103 spun\u0103 c\u0103 nu prime\u0219te refugia\u021bi"},"content":{"rendered":"<div class=\"entry data-app-meta data-app-meta-article\" data-embed-base-url-canonical=\"https:\/\/www.digi24.ro\/embed\/stiri\/actualitate\/politica\/t-basescu-romania-greseste-daca-saptamana-viitoare-nu-si-corecteaza-pozitia-sa-spuna-ca-nu-primeste-refugiati-447182\">\n<p data-index=\"1\"><img decoding=\"async\" src=\"https:\/\/analyse.optim.biz\/wp-content\/uploads\/2024\/09\/ptu1yzc5zdviogvimjllzgjiyzuxzjjlmmvmndbmzjmw-thumb_.jpg\" data-skip-htmlfix=\"1\" title=\"ptu1yzc5zdviogvimjllzgjiyzuxzjjlmmvmndbmzjmw-thumb_\"><\/p>\n<p data-index=\"2\"><span><em>Foto: Inquam Photos<\/em><\/span><\/p>\n<p data-index=\"3\">&#8220;Dezavuez total abordarea legat\u0103 de migra\u021bie de refugia\u021bi. Nu este aceasta abordarea corect\u0103. Aceast\u0103 abordare cu cotele ar trebui s\u0103 fie voluntar\u0103. Cine vrea s\u0103 primeasc\u0103 s\u0103 primeasc\u0103, cine i-a chemat s\u0103-i primeasc\u0103. \u0218i doamna Merkel are aici problemele domniei sale, pentru c\u0103 anun\u021bul public:s\u0103 vin\u0103 sirienii,refugia\u021bii \u00een Germania a fost un anun\u021b catastrofal din punct de vedere al efectelor, datorit\u0103 credibilit\u0103\u021bii pe care o are cancelarul Germaniei&#8221;, a declarat Traian B\u0103sescu, citat de Agerpres.<\/p>\n<p data-index=\"4\">Fostul pre\u0219edinte a ad\u0103ugat c\u0103 &#8220;Rom\u00e2nia gre\u0219e\u0219te dac\u0103 s\u0103pt\u0103m\u00e2na viitoare nu corecteaz\u0103 pozi\u021bia, s\u0103 spun\u0103: nu, noi am analizat, nu primim refugia\u021bi&#8221;.<\/p>\n<p data-index=\"5\">&#8220;Aceast\u0103 poveste a cotelor nu face dec\u00e2t s\u0103 stimuleze migra\u021bia, pentru c\u0103 to\u021bi vor spune: ok,vreau s\u0103 ajung \u00een Germania, vreau s\u0103 ajung \u00een Marea Britanie, vreau s\u0103 ajung \u00een Fran\u021ba, dar dac\u0103 nu, m\u0103 repartizeaz\u0103 m\u0103car \u00een Rom\u00e2nia \u0219i tot \u00een Uniunea European\u0103 sunt.&#8221;, a spus B\u0103sescu.<\/p>\n<p data-index=\"6\">El a ad\u0103ugat c\u0103 nu trebuie s\u0103 ne uit\u0103m la Ungaria, ci la Rom\u00e2nia.&#8221;Aceasta este o capcan\u0103 \u00een care c\u0103dem cu u\u0219urin\u021b\u0103&#8221;.<\/p>\n<p data-index=\"7\">&#8220;Nu m\u0103 uit la Ungaria, eu m\u0103 uit la Rom\u00e2nia \u0219i nu m\u0103 intereseaz\u0103 c\u0103 propagandistic cineva m\u0103 pune \u00een pachet cu Ungaria, cu Cehia, cu Slovacia. Nu m\u0103 intereseaz\u0103. Pur \u0219i simplu eu \u00eemi \u0219tiu interesul na\u021bional, pentru c\u0103 aceast\u0103 poveste a cotelor, a repartiz\u0103rii cotelor de migran\u021bi, de refugia\u021bi, cum vre\u021bi s\u0103 le spunem, nu exist\u0103 \u00een Tratatele Uniunii Europene&#8221;, a declarat fostul pre\u0219edinte.<\/p>\n<p data-index=\"8\">B\u0103sescu a ad\u0103ugat, spun\u00e2ndu-i-se c\u0103 este o situa\u021bie excep\u021bional\u0103, c\u0103 ea trebuie tratat\u0103 excep\u021bional.<\/p>\n<p data-index=\"9\">&#8220;\u0218i a o trata <em>excep\u021bional<\/em> nu \u00eenseamn\u0103 a o stimula s\u0103 se dezvolte \u00een continuare. De ce ? Am 23 de milioane de \u0219omeri \u00een UE. E popula\u021bia Rom\u00e2niei, plus popula\u021bia Republicii Moldova la un loc, e \u0219omer\u0103 \u00een Uniunea European\u0103. Am \u00een r\u00e2ndul tineretului \u0219omaj de 25 % p\u00e2n\u0103 la 30% \u0219i am \u0219i \u021b\u0103ri unde \u0219omajul este 40% \u00een r\u00e2ndul tineretului. Nu am \u00een Europa resur\u0103 pentru pia\u021ba muncii ? Am. De ce nu o recalifica dac\u0103 nu se potrive\u0219te cu ce-mi trebuie. S\u0103 spun:aduc sirieni c\u0103 am nevoie pe pia\u021ba muncii, spre exemplu, din Germania, c\u00e2nd Europa are 23 de milioane de \u0219omeri este incorect&#8221;, a declarat fostul \u0219ef de stat.<\/p>\n<\/div>\n<p> Source URL: https:\/\/www.digi24.ro\/stiri\/actualitate\/politica\/t-basescu-romania-greseste-daca-saptamana-viitoare-nu-si-corecteaza-pozitia-sa-spuna-ca-nu-primeste-refugiati-447182<\/p>\n","protected":false},"excerpt":{"rendered":"<p>Foto: Inquam Photos &#8220;Dezavuez total abordarea legat\u0103 de migra\u021bie de refugia\u021bi. Nu este aceasta abordarea corect\u0103. Aceast\u0103 abordare cu cotele ar trebui s\u0103 fie voluntar\u0103. Cine vrea s\u0103 primeasc\u0103 s\u0103 primeasc\u0103, cine i-a chemat s\u0103-i primeasc\u0103. \u0218i doamna Merkel are aici problemele domniei sale, pentru c\u0103 anun\u021bul public:s\u0103 vin\u0103 sirienii,refugia\u021bii \u00een Germania a fost un [&hellip;]<\/p>\n","protected":false},"author":1,"featured_media":173393,"comment_status":"open","ping_status":"","sticky":false,"template":"","format":"standard","meta":{"footnotes":""},"categories":[2],"tags":[11],"class_list":["post-173392","post","type-post","status-publish","format-standard","has-post-thumbnail","hentry","category-politics","tag-digi24"],"_links":{"self":[{"href":"https:\/\/analyse.optim.biz\/index.php?rest_route=\/wp\/v2\/posts\/173392","targetHints":{"allow":["GET"]}}],"collection":[{"href":"https:\/\/analyse.optim.biz\/index.php?rest_route=\/wp\/v2\/posts"}],"about":[{"href":"https:\/\/analyse.optim.biz\/index.php?rest_route=\/wp\/v2\/types\/post"}],"author":[{"embeddable":true,"href":"https:\/\/analyse.optim.biz\/index.php?rest_route=\/wp\/v2\/users\/1"}],"replies":[{"embeddable":true,"href":"https:\/\/analyse.optim.biz\/index.php?rest_route=%2Fwp%2Fv2%2Fcomments&post=173392"}],"version-history":[{"count":0,"href":"https:\/\/analyse.optim.biz\/index.php?rest_route=\/wp\/v2\/posts\/173392\/revisions"}],"wp:featuredmedia":[{"embeddable":true,"href":"https:\/\/analyse.optim.biz\/index.php?rest_route=\/wp\/v2\/media\/173393"}],"wp:attachment":[{"href":"https:\/\/analyse.optim.biz\/index.php?rest_route=%2Fwp%2Fv2%2Fmedia&parent=173392"}],"wp:term":[{"taxonomy":"category","embeddable":true,"href":"https:\/\/analyse.optim.biz\/index.php?rest_route=%2Fwp%2Fv2%2Fcategories&post=173392"},{"taxonomy":"post_tag","embeddable":true,"href":"https:\/\/analyse.optim.biz\/index.php?rest_route=%2Fwp%2Fv2%2Ftags&post=173392"}],"curies":[{"name":"wp","href":"https:\/\/api.w.org\/{rel}","templated":true}]}}