{"id":173381,"date":"2015-10-13T08:40:57","date_gmt":"2015-10-13T05:40:57","guid":{"rendered":"https:\/\/analyse.optim.biz\/?p=173381"},"modified":"2015-10-13T08:40:57","modified_gmt":"2015-10-13T05:40:57","slug":"senatorii-au-respins-infiintarea-agentiei-de-recuperare-a-prejudiciilor","status":"publish","type":"post","link":"https:\/\/analyse.optim.biz\/?p=173381","title":{"rendered":"Senatorii au respins \u00eenfiin\u021barea agen\u021biei de recuperare a prejudiciilor"},"content":{"rendered":"<div class=\"entry data-app-meta data-app-meta-article\" data-embed-base-url-canonical=\"https:\/\/www.digi24.ro\/embed\/stiri\/actualitate\/politica\/senatorii-au-respins-infiintarea-agentiei-de-recuperare-a-prejudiciilor-447199\">\n<p data-index=\"1\"><strong><br \/><\/strong><\/p>\n<p data-index=\"2\"><strong>Actualizare 13:00.<\/strong> Premierul a acuzat Opozi\u021bia \u00een cazul votului privind \u00eenfiin\u021barea agen\u021biei.<\/p>\n<p data-index=\"3\">\u201e<span>Eu \u0219tiu c\u0103 \u0219i liberalii au votat contra. Din gur\u0103 una spun \u0219i alta fac. Vom sus\u021bine proiectul la Camera Deputa\u021bilor \u0219i sigur c\u0103 liderii politici \u00ee\u0219i vor mobiliza colegii mai bine\u201d, a spus premierul Victor Ponta.<\/span><\/p>\n<hr>\n<p data-index=\"4\"><strong>Actualizare 11:20:<\/strong> Senatorii au respins \u00eenfiin\u021barea agen\u021biei pentru recuperarea prejudiciilor. Senatul a fost prima camer\u0103 sesizat\u0103 \u0219i urmeaz\u0103 dezbaterile \u0219i votul din Camera Deputa\u021bilor, unde lucrurile se pot schimba fiind camer\u0103 decizional\u0103.<\/p>\n<p data-index=\"5\">Deocamdat\u0103 nimeni nu a explicat de ce a fost respins proiectul Guvernului.<\/p>\n<p data-index=\"6\">Proiectul a \u00eentrunit 66 de voturi pentru, 36 \u00eempotriv\u0103 \u0219i 6 ab\u021bineri. Pentru a fi aprobat, erau necesare 84 de voturi pentru, \u00eentruc\u00e2t proiectul de lege avea caracter organic.<\/p>\n<hr>\n<p data-index=\"7\">Parlamentarii au am\u00e2nat de c\u00e2teva ori, p\u00e2n\u0103 acum, adoptarea legii \u015fi au solicitat l\u0103muriri de la ministrul Justi\u0163iei cu privire la proiect.<\/p>\n<p data-index=\"8\">Recent, \u015fefa DNA, Laura Codru\u021ba Kovesi, a declarat la Digi24 c\u0103, dac\u0103 Ministerul Finan\u021belor nu se descurc\u0103 \u00een privin\u021ba execut\u0103rii silite, poate s\u0103 predea atribu\u021bia institu\u021biilor din sistemul judiciar, ar\u0103t\u00e2nd c\u0103 statul \u201est\u0103 pe o gr\u0103mad\u0103 de hot\u0103r\u00e2ri judec\u0103tore\u0219ti\u201d, \u00een care exist\u0103 sechestre, dar nu le execut\u0103. Ea a precizat c\u0103 doar din dosarele DNA averile ce trebuie confiscate se ridic\u0103 la 310 milioane de euro. ANAF a r\u0103spuns c\u0103 suma este mult mai mic\u0103.\u00a0<\/p>\n<h3><a href=\"https:\/\/www.digi24.ro\/Stiri\/Digi24\/Actualitate\/Justitie\/Kovesi+nemultumita+de+ANAF+Daca+Ministerul+de+Finante+nu+se+desc\" data-skip-linkfix=\"1\"><span>L. C. Kovesi, nemul\u021bumit\u0103 de ANAF: Dac\u0103 Ministerul de Finan\u021be nu se descurc\u0103 cu executarea silit\u0103, s\u0103 predea aceast\u0103 atribu\u021bie!<\/span><\/a><\/h3>\n<h3><a href=\"https:\/\/www.digi24.ro\/Stiri\/Digi24\/Actualitate\/Justitie\/Robert+Cazanciuc+agentie+recuperare+prejudicii+DNA+ANAF\" data-skip-linkfix=\"1\"><span>Robert Cazanciuc: Sper ca agen\u021bia pentru recuperarea prejudiciilor\u00a0s\u0103 fie opera\u021bional\u0103 p\u00e2n\u0103 la sf\u00e2r\u0219itul acestui an<\/span><\/a><\/h3>\n<\/div>\n<p> Source URL: https:\/\/www.digi24.ro\/stiri\/actualitate\/politica\/senatorii-au-respins-infiintarea-agentiei-de-recuperare-a-prejudiciilor-447199<\/p>\n","protected":false},"excerpt":{"rendered":"<p>Actualizare 13:00. Premierul a acuzat Opozi\u021bia \u00een cazul votului privind \u00eenfiin\u021barea agen\u021biei. \u201eEu \u0219tiu c\u0103 \u0219i liberalii au votat contra. Din gur\u0103 una spun \u0219i alta fac. Vom sus\u021bine proiectul la Camera Deputa\u021bilor \u0219i sigur c\u0103 liderii politici \u00ee\u0219i vor mobiliza colegii mai bine\u201d, a spus premierul Victor Ponta. Actualizare 11:20: Senatorii au respins \u00eenfiin\u021barea [&hellip;]<\/p>\n","protected":false},"author":1,"featured_media":173382,"comment_status":"open","ping_status":"","sticky":false,"template":"","format":"standard","meta":{"footnotes":""},"categories":[2],"tags":[11],"class_list":["post-173381","post","type-post","status-publish","format-standard","has-post-thumbnail","hentry","category-politics","tag-digi24"],"_links":{"self":[{"href":"https:\/\/analyse.optim.biz\/index.php?rest_route=\/wp\/v2\/posts\/173381","targetHints":{"allow":["GET"]}}],"collection":[{"href":"https:\/\/analyse.optim.biz\/index.php?rest_route=\/wp\/v2\/posts"}],"about":[{"href":"https:\/\/analyse.optim.biz\/index.php?rest_route=\/wp\/v2\/types\/post"}],"author":[{"embeddable":true,"href":"https:\/\/analyse.optim.biz\/index.php?rest_route=\/wp\/v2\/users\/1"}],"replies":[{"embeddable":true,"href":"https:\/\/analyse.optim.biz\/index.php?rest_route=%2Fwp%2Fv2%2Fcomments&post=173381"}],"version-history":[{"count":0,"href":"https:\/\/analyse.optim.biz\/index.php?rest_route=\/wp\/v2\/posts\/173381\/revisions"}],"wp:featuredmedia":[{"embeddable":true,"href":"https:\/\/analyse.optim.biz\/index.php?rest_route=\/wp\/v2\/media\/173382"}],"wp:attachment":[{"href":"https:\/\/analyse.optim.biz\/index.php?rest_route=%2Fwp%2Fv2%2Fmedia&parent=173381"}],"wp:term":[{"taxonomy":"category","embeddable":true,"href":"https:\/\/analyse.optim.biz\/index.php?rest_route=%2Fwp%2Fv2%2Fcategories&post=173381"},{"taxonomy":"post_tag","embeddable":true,"href":"https:\/\/analyse.optim.biz\/index.php?rest_route=%2Fwp%2Fv2%2Ftags&post=173381"}],"curies":[{"name":"wp","href":"https:\/\/api.w.org\/{rel}","templated":true}]}}