{"id":173251,"date":"2015-10-16T14:55:23","date_gmt":"2015-10-16T11:55:23","guid":{"rendered":"https:\/\/analyse.optim.biz\/?p=173251"},"modified":"2015-10-16T14:55:23","modified_gmt":"2015-10-16T11:55:23","slug":"valeriu-zgonea-reactie-la-candidatura-lui-nita-la-presedintia-executiva-a-psd","status":"publish","type":"post","link":"https:\/\/analyse.optim.biz\/?p=173251","title":{"rendered":"Valeriu Zgonea, reac\u021bie la candidatura lui Ni\u021b\u0103 la pre\u0219edin\u021bia executiv\u0103 a PSD"},"content":{"rendered":"<div class=\"entry data-app-meta data-app-meta-article\" data-embed-base-url-canonical=\"https:\/\/www.digi24.ro\/embed\/stiri\/actualitate\/politica\/valeriu-zgonea-reactie-la-candidatura-lui-nita-la-presedintia-executiva-a-psd-448498\">\n<p data-index=\"1\"><img decoding=\"async\" src=\"https:\/\/analyse.optim.biz\/wp-content\/uploads\/2024\/09\/dz04mdamagfzad0xoti5mdviodrkywm1mjy1yzlhmjk1ntlhymmynwm1ma-thumb_.jpg\" data-skip-htmlfix=\"1\" title=\"dz04mdamagfzad0xoti5mdviodrkywm1mjy1yzlhmjk1ntlhymmynwm1ma-thumb_\"><\/p>\n<p data-index=\"2\"><span><em><strong><span>Foto: Facebook<\/span><\/strong><\/em><\/span><\/p>\n<p data-index=\"3\">\u201e<em>A avea contracandidat \u00een politic\u0103 e un lucru normal. (&#8230;) Domnul Ni\u021b\u0103 este un vechi membru de partid, are aceea\u0219i vechime ca \u0219i mine \u0219i este un om care a consolidat acest partid \u0219i \u00een opozi\u021bie \u0219i la guvernare. E un om pe care \u00eel consider prietenul meu \u0219i m\u0103 bucur c\u0103 a luat decizia s\u0103 candideze. Suntem dou\u0103 genera\u021bii diferite, dar p\u00e2n\u0103 la urm\u0103 dorim acela\u0219i lucru pe care l-a anun\u021bat Liviu Dragnea \u0219i anume modernizarea partidului \u0219i a\u0219ezarea pe o alt\u0103 cultur\u0103 politic\u0103<\/em>\u201d, a spus Valeriu Zgonea la Parlament, unde are loc Comitetul Executiv Na\u021bional al PSD.<\/p>\n<p data-index=\"4\">Valeriu Zgonea, care \u0219i-a depus candidatura pentru func\u021bia de pre\u0219edinte executiv al PSD, a ad\u0103ugat c\u0103 are sus\u021binerea a 40 de filiale \u0219i c\u0103 mizeaz\u0103 \u00een continuare pe sprijinul pre\u0219edintelui Liviu Dragnea.<\/p>\n<p data-index=\"5\">\u201e<strong>Am primit 40 de sus\u021bineri. A avea o sus\u021binere nu \u00eenseamn\u0103 a avea voturi \u00een Congres<\/strong>\u201d, a mai spus Valeriu Zgonea.<\/p>\n<p data-index=\"6\">Comitetul Executiv al PSD urmeaz\u0103 s\u0103 valideze vineri candidaturile pentru func\u021biile de conducere \u00een PSD.<\/p>\n<h5>Citi\u021bi \u0219i: <a href=\"https:\/\/www.digi24.ro\/Stiri\/Digi24\/Actualitate\/Politica\/O+noua+runda+de+alegeri+in+PSD+Lupta+pentru+functia+nr+2\" target=\"_blank\" data-skip-linkfix=\"1\" rel=\"noopener\"><strong>O nou\u0103 rund\u0103 de alegeri \u00een PSD. Lupta pentru func\u021bia nr. 2<\/strong><\/a><\/h5>\n<\/div>\n<p> Source URL: https:\/\/www.digi24.ro\/stiri\/actualitate\/politica\/valeriu-zgonea-reactie-la-candidatura-lui-nita-la-presedintia-executiva-a-psd-448498<\/p>\n","protected":false},"excerpt":{"rendered":"<p>Foto: Facebook \u201eA avea contracandidat \u00een politic\u0103 e un lucru normal. (&#8230;) Domnul Ni\u021b\u0103 este un vechi membru de partid, are aceea\u0219i vechime ca \u0219i mine \u0219i este un om care a consolidat acest partid \u0219i \u00een opozi\u021bie \u0219i la guvernare. E un om pe care \u00eel consider prietenul meu \u0219i m\u0103 bucur c\u0103 a [&hellip;]<\/p>\n","protected":false},"author":1,"featured_media":173252,"comment_status":"open","ping_status":"","sticky":false,"template":"","format":"standard","meta":{"footnotes":""},"categories":[2],"tags":[11],"class_list":["post-173251","post","type-post","status-publish","format-standard","has-post-thumbnail","hentry","category-politics","tag-digi24"],"_links":{"self":[{"href":"https:\/\/analyse.optim.biz\/index.php?rest_route=\/wp\/v2\/posts\/173251","targetHints":{"allow":["GET"]}}],"collection":[{"href":"https:\/\/analyse.optim.biz\/index.php?rest_route=\/wp\/v2\/posts"}],"about":[{"href":"https:\/\/analyse.optim.biz\/index.php?rest_route=\/wp\/v2\/types\/post"}],"author":[{"embeddable":true,"href":"https:\/\/analyse.optim.biz\/index.php?rest_route=\/wp\/v2\/users\/1"}],"replies":[{"embeddable":true,"href":"https:\/\/analyse.optim.biz\/index.php?rest_route=%2Fwp%2Fv2%2Fcomments&post=173251"}],"version-history":[{"count":0,"href":"https:\/\/analyse.optim.biz\/index.php?rest_route=\/wp\/v2\/posts\/173251\/revisions"}],"wp:featuredmedia":[{"embeddable":true,"href":"https:\/\/analyse.optim.biz\/index.php?rest_route=\/wp\/v2\/media\/173252"}],"wp:attachment":[{"href":"https:\/\/analyse.optim.biz\/index.php?rest_route=%2Fwp%2Fv2%2Fmedia&parent=173251"}],"wp:term":[{"taxonomy":"category","embeddable":true,"href":"https:\/\/analyse.optim.biz\/index.php?rest_route=%2Fwp%2Fv2%2Fcategories&post=173251"},{"taxonomy":"post_tag","embeddable":true,"href":"https:\/\/analyse.optim.biz\/index.php?rest_route=%2Fwp%2Fv2%2Ftags&post=173251"}],"curies":[{"name":"wp","href":"https:\/\/api.w.org\/{rel}","templated":true}]}}