{"id":173212,"date":"2015-10-18T07:45:22","date_gmt":"2015-10-18T04:45:22","guid":{"rendered":"https:\/\/analyse.optim.biz\/?p=173212"},"modified":"2015-10-18T07:45:22","modified_gmt":"2015-10-18T04:45:22","slug":"psd-isi-alege-noua-echipa-de-conducere-liviu-dragnea-de-la-lider-local-la-sef-de-partid","status":"publish","type":"post","link":"https:\/\/analyse.optim.biz\/?p=173212","title":{"rendered":"PSD \u00ee\u0219i alege noua echipa de conducere. Liviu Dragnea, de la lider local, la \u0219ef de partid"},"content":{"rendered":"<div class=\"entry data-app-meta data-app-meta-article\" data-embed-base-url-canonical=\"https:\/\/www.digi24.ro\/embed\/stiri\/actualitate\/politica\/psd-isi-alege-noua-echipa-de-conducere-liviu-dragnea-de-la-lider-local-la-sef-de-partid-448918\">\n<p data-index=\"1\">Alegerile pentru \u015fefia PSD l-au confirmat pe Liviu Dragnea \u00een fruntea partidului cu peste 97% din voturile membrilor care au votat. Noul lider nu se fere\u015fte s\u0103 spun\u0103 c\u0103 \u00eei va conduce pe social-democra\u0163i cu m\u00e2n\u0103 de fier.<\/p>\n<p data-index=\"2\">Liviu Dragnea: <em>Nu voi avea nicio ezitare \u00een a duce la cap\u0103t toate angajamentele pe care mi le-am luat \u00een ultima perioad\u0103, toate ac\u021biunile pe care le-am pomenit \u00een ultima perioad\u0103, chiar dac\u0103 la un anumit moment unele ac\u021biuni pot produce sup\u0103rare sau s\u0103 fie dureroase. <\/em><\/p>\n<p data-index=\"3\">Drumul lui Liviu Dragnea spre politica mare a pornit la Turnu M\u0103gurele, acolo unde <strong>\u00een 1996 a ob\u0163inut un post de consilier local pe listele Partidului Democrat<\/strong>. Dup\u0103 un mandat de prefect, el <strong>p\u0103r\u0103se\u015fte \u00een anul 2000 PD<\/strong>, partid pe listele c\u0103ruia a ob\u0163inut \u015fi primul mandat de pre\u015fedinte al Consiliului Jude\u0163ean Teleorman.<\/p>\n<p data-index=\"4\">Traian B\u0103sescu, fost pre\u015fedinte al Rom\u00e2niei: <span><em>\u00cel simpatizam pe Dragnea. E tipul omului de la \u0163ar\u0103, iste\u0163, crescut \u00eentre blocuri. A luat \u015fmecheria ora\u015fului.<\/em><\/span><\/p>\n<p data-index=\"5\">Sub sigla PSD, Liviu Dragnea mai ob\u0163ine dou\u0103 mandate la \u015fefia consiliului jude\u0163ean, iar <strong>\u00een 2005 devine vicepre\u015fedinte al partidului<\/strong>. Ulterior ajunge s\u0103 coordoneze aproape toate campaniile electorale ale PSD. Dup\u0103 ce Mircea Geoan\u0103 pierde alegerile preziden\u0163iale <strong>din 2009, Liviu Dragnea devine un sus\u0163in\u0103tor al lui Victor Ponta \u015fi num\u0103rul doi \u00een partid.<\/strong> Calit\u0103\u0163ile sale de bun organizator \u00eei aduc \u015fi acuza\u0163ia de fraudare a referendumului pentru demiterea lui Traian B\u0103sescu.<\/p>\n<p data-index=\"6\">Liviu Dragnea: P<em>rincipala acuza\u021bie &#8211; c\u0103 m-am asociat cu zeci de mii de persoane pentru a fi prezen\u0163\u0103 la vot peste 50% plus unu. Eu sunt chemat la DNA pentru c\u0103 cu milioane de rom\u00e2ni am venit la vot.<\/em><\/p>\n<p data-index=\"7\">Reporter: <span><em>Crede\u0163i c\u0103 este o r\u0103zbunare a pre\u015fedintelui Traian B\u0103sescu, a\u015fa cum s-a zis? <\/em><\/span><\/p>\n<p data-index=\"8\">Liviu Dragnea: <span><em>E o certitudine asta. Nu am f\u0103cut nimic gre\u015fit. Ce am f\u0103cut noi, au f\u0103cut toate partidele. <\/em><\/span><\/p>\n<p data-index=\"9\">Dup\u0103 mai bine de doi ani de anchete \u015fi procese, <span><strong>instan\u0163a \u00eel condamn\u0103 pe Liviu Dragnea la un an de \u00eenchisoare cu suspendare pentru fraudarea referendumului<\/strong><\/span><span>. De\u015fi nu este definitiv\u0103, decizia l-a facut pe actualul lider PSD s\u0103 renun\u0163e la func\u0163ia din guvern.<\/span><\/p>\n<p data-index=\"10\">Liviu Dragnea: M\u0103 consider nevinovat. Cu toate astea am luat act de decizia instan\u0163ei de azi. I-am prezentat primului ministru demisia din func\u0163ia de ministru al Dezvolt\u0103rii Regionale \u015fi Administra\u0163iei Publice.<\/p>\n<p data-index=\"11\"><strong>Cariera politic\u0103 a lui Liviu Dragnea se relanseaz\u0103 dup\u0103 scurt timp, c\u00e2nd \u00eencep \u015fi problemele cu Justi\u0163ia \u015fi pentru Victor Ponta.<\/strong> De\u015fi s-a declarat m\u00e2hnit de demisia din fruntea PSD a prietenului s\u0103i, Liviu Dragnea a v\u0103zut \u015fi oportunitatea de a deveni num\u0103rul unu \u00een partid.<\/p>\n<p data-index=\"12\">Liviu Dragnea: <em>Da, pe un prieten te superi \u0219i-\u021bi trece repede. Nu r\u0103m\u00e2i sup\u0103rat pe via\u0163\u0103. Normal c\u0103 m-am sup\u0103rat. A\u015f fi vrut s\u0103-mi spun\u0103 \u00eenainte s\u0103 fac\u0103 gestul. <\/em><\/p>\n<p data-index=\"13\">Dup\u0103 un tur de for\u0163\u0103 prin \u00eentreaga \u0163ar\u0103 \u015fi discu\u0163ii cu to\u0163i liderii de filiale, Liviu Dragnea a reu\u015fit s\u0103 \u00ee\u015fi conving\u0103 colegii c\u0103 este cel mai potrivit pentru a conduce partidul, chiar dac\u0103 Victor Ponta a sus\u0163inut-o pe Rovana Plumb.<\/p>\n<p data-index=\"14\">Liviu Dragnea: <em>Niciodat\u0103 nu o s\u0103 fac ceva \u00eempotriva lui Victor Ponta. Ba dimpotriv\u0103! Eu sunt prieten \u015fi camarad cu Victor Ponta din 2010. Am fost \u015fi r\u0103m\u00e2n prietenul lui \u015fi cu fapta \u015fi cu g\u00e2ndul. M\u0103 a\u015ftept s\u0103 primesc votul lui Victor Ponta.<\/em><\/p>\n<p data-index=\"15\">Victor Ponta i-a dat votul s\u0103u <strong>la alegerile din 11 octombrie<\/strong>. La fel \u015fi Ion ILiescu. <strong>Liviu Dragnea nu a avut nici un contracandidat. <\/strong><\/p>\n<p data-index=\"16\">Ion Iliescu: <em>Dragnea nu e un om nou \u00een partid. A lucrat \u00een echipa cu mai mul\u021bi pre\u015fedin\u021bi. Este un om care continu\u0103 o activitate \u0219i care s-a afirmat \u00een ultimii ani de zile.<\/em><\/p>\n<p data-index=\"17\"><strong><span>Liviu Dragnea \u00ee\u015fi preia oficial func\u0163ia dup\u0103 congresul \u00een care va fi aleas\u0103 \u00eentreaga echip\u0103 de conducere a Partidului Social Democrat.<\/span><\/strong><\/p>\n<\/div>\n<p> Source URL: https:\/\/www.digi24.ro\/stiri\/actualitate\/politica\/psd-isi-alege-noua-echipa-de-conducere-liviu-dragnea-de-la-lider-local-la-sef-de-partid-448918<\/p>\n","protected":false},"excerpt":{"rendered":"<p>Alegerile pentru \u015fefia PSD l-au confirmat pe Liviu Dragnea \u00een fruntea partidului cu peste 97% din voturile membrilor care au votat. Noul lider nu se fere\u015fte s\u0103 spun\u0103 c\u0103 \u00eei va conduce pe social-democra\u0163i cu m\u00e2n\u0103 de fier. Liviu Dragnea: Nu voi avea nicio ezitare \u00een a duce la cap\u0103t toate angajamentele pe care mi [&hellip;]<\/p>\n","protected":false},"author":1,"featured_media":173213,"comment_status":"open","ping_status":"","sticky":false,"template":"","format":"standard","meta":{"footnotes":""},"categories":[2],"tags":[11],"class_list":["post-173212","post","type-post","status-publish","format-standard","has-post-thumbnail","hentry","category-politics","tag-digi24"],"_links":{"self":[{"href":"https:\/\/analyse.optim.biz\/index.php?rest_route=\/wp\/v2\/posts\/173212","targetHints":{"allow":["GET"]}}],"collection":[{"href":"https:\/\/analyse.optim.biz\/index.php?rest_route=\/wp\/v2\/posts"}],"about":[{"href":"https:\/\/analyse.optim.biz\/index.php?rest_route=\/wp\/v2\/types\/post"}],"author":[{"embeddable":true,"href":"https:\/\/analyse.optim.biz\/index.php?rest_route=\/wp\/v2\/users\/1"}],"replies":[{"embeddable":true,"href":"https:\/\/analyse.optim.biz\/index.php?rest_route=%2Fwp%2Fv2%2Fcomments&post=173212"}],"version-history":[{"count":0,"href":"https:\/\/analyse.optim.biz\/index.php?rest_route=\/wp\/v2\/posts\/173212\/revisions"}],"wp:featuredmedia":[{"embeddable":true,"href":"https:\/\/analyse.optim.biz\/index.php?rest_route=\/wp\/v2\/media\/173213"}],"wp:attachment":[{"href":"https:\/\/analyse.optim.biz\/index.php?rest_route=%2Fwp%2Fv2%2Fmedia&parent=173212"}],"wp:term":[{"taxonomy":"category","embeddable":true,"href":"https:\/\/analyse.optim.biz\/index.php?rest_route=%2Fwp%2Fv2%2Fcategories&post=173212"},{"taxonomy":"post_tag","embeddable":true,"href":"https:\/\/analyse.optim.biz\/index.php?rest_route=%2Fwp%2Fv2%2Ftags&post=173212"}],"curies":[{"name":"wp","href":"https:\/\/api.w.org\/{rel}","templated":true}]}}