{"id":1731246,"date":"2026-01-24T12:24:15","date_gmt":"2026-01-24T09:24:15","guid":{"rendered":"https:\/\/analyse.optim.biz\/?p=1731246"},"modified":"2026-01-24T12:24:15","modified_gmt":"2026-01-24T09:24:15","slug":"super-franzoni-trionfa-a-kitzbuhel-con-il-pensiero-allamico-franzoso","status":"publish","type":"post","link":"https:\/\/analyse.optim.biz\/?p=1731246","title":{"rendered":"Super Franzoni, trionfa a Kitzb\u00fchel con il pensiero all&#8217;amico Franzoso"},"content":{"rendered":"<div class=\"lbox-main\">\n<div class=\"content-parts\">\n<div class=\"content-heading\">\n<div class=\"subhead glyph\">SCI ALPINO<\/div>\n<h1>Super Franzoni, trionfa a Kitzb\u00fchel con il pensiero all&#8217;amico Franzoso<\/h1>\n<div class=\"signatures\">\n<div class=\"signature\">Redazione Sport<\/div>\n<\/div>\n<div class=\"summary\">Il bresciano domina la libera sulla Streif: battuti Odermatt e Schieder. \u00abGiornata speciale &#8211; racconta &#8211; lo scorso anno io e Matteo eravamo in camera insieme\u00bb<\/div>\n<\/div>\n<div class=\"content-date-share\">\n<div class=\"content-date\">24 gennaio 2026<\/div>\n<ul class=\"share-links\">\n<li>\n<li>\n<li><a target=\"_blank\" class=\"share-twitter\" title=\"Condividi su Twitter\" href=\"https:\/\/twitter.com\/intent\/tweet?text=Super+Franzoni%2C+trionfa+a+Kitzb%C3%BChel+con+il+pensiero+all%27amico+Franzoso&amp;url=https:\/\/www.larena.it\/argomenti\/sport\/altri-sport\/super-franzoni-trionfa-a-kitzbuhel-1.12907893\"><img loading=\"lazy\" decoding=\"async\" src=\"https:\/\/gfx.larena.it\/gfx\/lib\/ath-v1\/image\/twitter-x-white.svg\" width=\"20\" height=\"20\"><\/a><\/li>\n<li><\/ul>\n<\/div>\n<div class=\"sticky-footer\">\n<div class=\"share-footer d-lg-none\">\n<ul class=\"share-links\">\n<li>\n<li>\n<li><a target=\"_blank\" class=\"share-twitter\" title=\"Condividi su Twitter\" href=\"https:\/\/twitter.com\/intent\/tweet?text=Super+Franzoni%2C+trionfa+a+Kitzb%C3%BChel+con+il+pensiero+all%27amico+Franzoso&amp;url=https:\/\/www.larena.it\/argomenti\/sport\/altri-sport\/super-franzoni-trionfa-a-kitzbuhel-1.12907893\"><img loading=\"lazy\" decoding=\"async\" src=\"https:\/\/gfx.larena.it\/gfx\/lib\/ath-v1\/image\/twitter-x-white.svg\" width=\"20\" height=\"20\"><\/a><\/li>\n<li><\/ul>\n<\/div>\n<\/div>\n<div class=\"content-picture\">\n<div class=\"content-media content-media-backup\">\n<figure class=\"kh-lightbox\" data-src=\"https:\/\/gfx.larena.it\/image\/contentid\/policy:1.12907846:1769254865\/image.jpg?f=default&amp;w=1024&amp;$p$f$w=336aa8e\" data-caption=\"Giovanni Franzoni: trionfo a Kitzb\u00fchel\">\n<div class=\"aspected-image\" data-aspect=\"16x9\"><img loading=\"lazy\" decoding=\"async\" src=\"https:\/\/gfx.larena.it\/image\/contentid\/policy:1.12907846:1769254865\/image.jpg?f=16x9&amp;h=421&amp;w=750&amp;%24p%24f%24h%24w=597732e\" alt=\"Giovanni Franzoni: trionfo a Kitzb\u00fchel\" width=\"750\" height=\"421\"><\/div>\n<\/figure>\n<div class=\"caption\">\n      Giovanni Franzoni: trionfo a Kitzb\u00fchel\n          <\/div>\n<\/div>\n<div class=\"content-media content-media-main\">\n<figure class=\"kh-lightbox\" data-src=\"https:\/\/gfx.larena.it\/image\/contentid\/policy:1.12907846:1769254865\/image.jpg?f=default&amp;w=1024&amp;$p$f$w=336aa8e\" data-caption=\"Giovanni Franzoni: trionfo a Kitzb\u00fchel\">\n<div class=\"aspected-image\" data-aspect=\"16x9\"><img loading=\"lazy\" decoding=\"async\" src=\"https:\/\/gfx.larena.it\/image\/contentid\/policy:1.12907846:1769254865\/image.jpg?f=16x9&amp;h=421&amp;w=750&amp;%24p%24f%24h%24w=597732e\" alt=\"Giovanni Franzoni: trionfo a Kitzb\u00fchel\" width=\"750\" height=\"421\"><\/div>\n<\/figure>\n<div class=\"caption\">\n      Giovanni Franzoni: trionfo a Kitzb\u00fchel\n          <\/div>\n<\/div>\n<\/div>\n<div id=\"banner-h7\" class=\"banner \">\n<div id=\"div-gpt-ad-h7\" class=\"gam-banner\"><\/div>\n<\/div>\n<div class=\"paywall-meter-floating\">\n<div class=\"paywall-meter-inner2 container\">\n<div class=\"claim\">\n<div class=\"main\">\n        Meno di 2 centesimi al giorno per sbloccare tutti i contenuti del sito web per 3 mesi.\n      <\/div>\n<\/div>\n<\/div>\n<div class=\"subscribe\"><a href=\"https:\/\/store.larena.it\/abbonamenti\/sottoscrizione\/offerta-speciale\/425FFA73140849\/\" class=\"btn btn-contrast\" data-dlevent='{\"event\":\"select_content\",\"content_type\":\"cta_abbonati\",\"position\":\"meter_bar\"}'><\/p>\n<p>         Abbonati ora<\/p>\n<p>      <\/a><\/div>\n<\/div>\n<\/div>\n<div class=\"content-body \">\n<p><strong>Giovanni Franzoni \u00e8 il re di Kitzb\u00fchel.\u00a0<\/strong>In Austria il campione gardesano conquista la discesa libera e <strong>ottiene il suo secondo successo in Coppa del Mondo.<\/strong> Sceso con il pettorale numero 2, Franzoni ha messo in fila tutti gli avversari pi\u00f9 temibili sulla Streif. A partire dallo svizzero <strong>Marco Odermatt, <\/strong>secondo con 7 centesimi di ritardo. L\u2019ottima giornata a tinte azzurre \u00e8 completata dal quarto\u00a0 posto di <strong>Florian Schieder<\/strong> (+0.67) e il settimo di Paris.\u00a0<\/p>\n<div class=\"seealso\">\n<div class=\"readalso\">Leggi anche<\/div>\n<p><a href=\"https:\/\/www.larena.it\/argomenti\/sport\/franzoni-12-nel-supergigante-di-kitzbuhel-trionfa-il-fuoriclasse-svizzero-odermatt-casse-il-migliore-degli-italiani-sesto-1.12906842\">Franzoni 12\u00b0 nel supergigante di Kitzbuhel. Trionfa il fuoriclasse svizzero Odermatt, Casse il migliore degli italiani: sesto<\/a><\/div>\n<p>Per Giovanni Franzoni si tratta della <strong>seconda vittoria della carriera, dopo il successo del 16 gennaio nel SuperG di Wengen<\/strong>, la prima in discesa libera, oltre che del quarto podio stagionale, il terzo raccolto in otto giorni tra Wengen e Kitzbuhel: <strong>\u00e8 nata una stella, ed \u00e8 bresciana.<\/strong> E adesso Giovanni Franzoni si pu\u00f2 presentare alle imminenti Olimpiadi con i gradi di favorito in discipline veloci: sognare \u00e8 lecito.<\/p>\n<h2>L&#8217;emozione<\/h2>\n<p>Franzoni non ha trattenuto lacrime ed emozioni all\u2019arrivo: \u201cSpero di restare primo fino alla fine \u2013 dice commosso -. Per\u00f2 sto tremando. Oggi \u00e8 stata una giornata speciale perch\u00e9 alla partenza <strong><a href=\"https:\/\/www.bresciaoggi.it\/argomenti\/sport\/sci-morto-matteo-franzoso-il-ricordo-dell-amico-franzoni-gia-mi-manchi-fratello-1.12791273\" target=\"_blank\">avevo in testa Matteo (Franzoso, morto a Santiago del Cile ndr)<\/a><\/strong>: lo scorso anno eravamo in camera insieme. Ero super carico per la gara di oggi:<strong> dopo il superG di ieri ero molto motivato e volevo dare il massimo.<\/strong> Nella prima parte ho faticato un po\u2019, per\u00f2 sotto ho sciato veramente da paura\u201d.<\/p>\n<div class=\"seealso\">\n<div class=\"readalso\">Leggi anche<\/div>\n<p><a href=\"https:\/\/www.larena.it\/argomenti\/sport\/sci-morto-matteo-franzoso-il-ricordo-dell-amico-franzoni-gia-mi-manchi-fratello-1.12791273\">Sci, morto Matteo Franzoso. Il ricordo dell&#8217;amico Franzoni: \u00abGi\u00e0 mi manchi, fratello\u00bb<\/a><\/div>\n<\/div>\n<div class=\"whatsapp-channel-link\">\n<p>L\u2019Arena \u00e8 su Whatsapp. <a href=\"https:\/\/whatsapp.com\/channel\/0029VaDsUGg1XquVqR4ZZC43\" target=\"_blank\">Clicca qui<\/a> per iscriverti al nostro canale e rimanere aggiornato in tempo reale.<\/p>\n<\/div>\n<div class=\"content-contribute margin-bottom-default\"><a rel=\"nofollow\" data-pushbar-target=\"comments-pushbar\" class=\"comments\" href=\"https:\/\/www.larena.it\/argomenti\/sport\/altri-sport\/super-franzoni-trionfa-a-kitzbuhel-1.12907893\"><br \/>\n        Commenti (<span class=\"comment-count\">0<\/span>)<br \/>\n    <\/a><a rel=\"nofollow\" class=\"contribute d-none d-lg-inline\" href=\"https:\/\/www.larena.it\/spazio-lettori\/whatsapp\">\u00a0 Contribuisci alla notizia<\/a><a rel=\"nofollow\" class=\"contribute d-inline d-lg-none\" href=\"https:\/\/www.larena.it\/spazio-lettori\/whatsapp\">\u00a0 Contribuisci<\/a><\/div>\n<aside id=\"comments-pushbar\" class=\"sidebar sidebar-comments comments-zone\" data-pushbar-id=\"comments-pushbar\" data-pushbar-direction=\"right\">\n<div class=\"sidebar-header\">\n<div class=\"navbar navbar-expand d-flex justify-content-between\">\n<ul class=\"navbar-nav\">\n<li><\/ul>\n<ul class=\"navbar-nav\">\n<li>\n<h5>Commenti (<span class=\"comment-count\">0<\/span>)<\/h5>\n<\/li>\n<\/ul>\n<\/div>\n<\/div>\n<div class=\"sidebar-main sidebar-main-scroll\">\n<div class=\"comments-container\">\n<div class=\"spinner\"><img decoding=\"async\" src=\"https:\/\/gfx.larena.it\/gfx\/siti\/quotidiani_web-v3\/images\/spinners\/ajax-loader.gif\" alt=\"spinner\"><\/div>\n<\/div>\n<\/div>\n<div class=\"sidebar-footer\">\n<div class=\"comments-container foot\"><a class=\"comment-new-form-toggler btn btn-secondary btn-sm\" rel=\"nofollow\" href=\"https:\/\/www.larena.it\/argomenti\/sport\/altri-sport\/super-franzoni-trionfa-a-kitzbuhel-1.12907893\">Commenta<\/a><\/p>\n<div class=\"buttons\">\n<div class=\"privacy\"><b>Informativa privacy:<\/b> L\u2019invio di un commento pu\u00f2 comportare il trattamento di dati personali: per maggiori informazioni sulle modalit\u00e0 di trattamento e l\u2019esercizio dei diritti consultare le nostre Informazioni sulla Privacy e l\u2019informativa estesa sui cookie presenti in calce al sito web.<\/div>\n<p><button type=\"button\" class=\"btn btn-primary submit\">Invia<\/button><\/div>\n<div class=\"comment-thankyou\">Grazie per aver inviato un commento. L&#8217;intervento non sar\u00e0 pubblicato fino a quando il moderatore non lo avr\u00e0 letto ed approvato. I commenti ritenuti inadatti o offensivi non saranno pubblicati.<\/div>\n<\/div>\n<\/div>\n<\/aside>\n<\/div>\n<p> Source URL: https:\/\/www.larena.it\/argomenti\/sport\/altri-sport\/super-franzoni-trionfa-a-kitzbuhel-1.12907893<\/p>\n","protected":false},"excerpt":{"rendered":"<p>SCI ALPINO Super Franzoni, trionfa a Kitzb\u00fchel con il pensiero all&#8217;amico Franzoso Redazione Sport Il bresciano domina la libera sulla Streif: battuti Odermatt e Schieder. \u00abGiornata speciale &#8211; racconta &#8211; lo scorso anno io e Matteo eravamo in camera insieme\u00bb 24 gennaio 2026 Giovanni Franzoni: trionfo a Kitzb\u00fchel Giovanni Franzoni: trionfo a Kitzb\u00fchel Meno di [&hellip;]<\/p>\n","protected":false},"author":1,"featured_media":0,"comment_status":"open","ping_status":"","sticky":false,"template":"","format":"standard","meta":{"footnotes":""},"categories":[87],"tags":[226,146],"class_list":["post-1731246","post","type-post","status-publish","format-standard","hentry","category-italy","tag-crawlmanager","tag-larena-it"],"_links":{"self":[{"href":"https:\/\/analyse.optim.biz\/index.php?rest_route=\/wp\/v2\/posts\/1731246","targetHints":{"allow":["GET"]}}],"collection":[{"href":"https:\/\/analyse.optim.biz\/index.php?rest_route=\/wp\/v2\/posts"}],"about":[{"href":"https:\/\/analyse.optim.biz\/index.php?rest_route=\/wp\/v2\/types\/post"}],"author":[{"embeddable":true,"href":"https:\/\/analyse.optim.biz\/index.php?rest_route=\/wp\/v2\/users\/1"}],"replies":[{"embeddable":true,"href":"https:\/\/analyse.optim.biz\/index.php?rest_route=%2Fwp%2Fv2%2Fcomments&post=1731246"}],"version-history":[{"count":0,"href":"https:\/\/analyse.optim.biz\/index.php?rest_route=\/wp\/v2\/posts\/1731246\/revisions"}],"wp:attachment":[{"href":"https:\/\/analyse.optim.biz\/index.php?rest_route=%2Fwp%2Fv2%2Fmedia&parent=1731246"}],"wp:term":[{"taxonomy":"category","embeddable":true,"href":"https:\/\/analyse.optim.biz\/index.php?rest_route=%2Fwp%2Fv2%2Fcategories&post=1731246"},{"taxonomy":"post_tag","embeddable":true,"href":"https:\/\/analyse.optim.biz\/index.php?rest_route=%2Fwp%2Fv2%2Ftags&post=1731246"}],"curies":[{"name":"wp","href":"https:\/\/api.w.org\/{rel}","templated":true}]}}