{"id":1731241,"date":"2026-01-23T11:50:30","date_gmt":"2026-01-23T08:50:30","guid":{"rendered":"https:\/\/analyse.optim.biz\/?p=1731241"},"modified":"2026-01-23T11:50:30","modified_gmt":"2026-01-23T08:50:30","slug":"franzoni-12-nel-supergigante-di-kitzbuhel-trionfa-il-fuoriclasse-svizzero-odermatt-casse-il-migliore-degli-italiani-sesto","status":"publish","type":"post","link":"https:\/\/analyse.optim.biz\/?p=1731241","title":{"rendered":"Franzoni 12\u00b0 nel supergigante di Kitzbuhel. Trionfa il fuoriclasse svizzero Odermatt, Casse il migliore degli italiani: sesto"},"content":{"rendered":"<div class=\"lbox-main\">\n<div class=\"content-parts\">\n<div class=\"content-heading\">\n<div class=\"subhead glyph\">SCI ALPINO<\/div>\n<h1>Franzoni 12\u00b0 nel supergigante di Kitzbuhel. Trionfa il fuoriclasse svizzero Odermatt, Casse il migliore degli italiani: sesto<\/h1>\n<div class=\"signatures\">\n<div class=\"signature\">Vincenzo Corbetta<\/div>\n<\/div>\n<div class=\"summary\">Sulla mitica Streif gara equilibrata: i primi 19 in meno di un secondo, 4 azzurri nei primi 15. Domani, sabato 24 gennaio, la discesa libera<\/div>\n<\/div>\n<div class=\"content-date-share\">\n<div class=\"content-date\">23 gennaio 2026<\/div>\n<ul class=\"share-links\">\n<li>\n<li>\n<li><a target=\"_blank\" class=\"share-twitter\" title=\"Condividi su Twitter\" href=\"https:\/\/twitter.com\/intent\/tweet?text=Franzoni+12%C2%B0+nel+supergigante+di+Kitzbuhel.+Trionfa+il+fuoriclasse+svizzero+Odermatt%2C+Casse+il+migliore+degli+italiani%3A+sesto&amp;url=https:\/\/www.larena.it\/argomenti\/sport\/franzoni-12-nel-supergigante-di-kitzbuhel-trionfa-il-fuoriclasse-svizzero-odermatt-casse-il-migliore-degli-italiani-sesto-1.12906842\"><img loading=\"lazy\" decoding=\"async\" src=\"https:\/\/gfx.larena.it\/gfx\/lib\/ath-v1\/image\/twitter-x-white.svg\" width=\"20\" height=\"20\"><\/a><\/li>\n<li><\/ul>\n<\/div>\n<div class=\"sticky-footer\">\n<div class=\"share-footer d-lg-none\">\n<ul class=\"share-links\">\n<li>\n<li>\n<li><a target=\"_blank\" class=\"share-twitter\" title=\"Condividi su Twitter\" href=\"https:\/\/twitter.com\/intent\/tweet?text=Franzoni+12%C2%B0+nel+supergigante+di+Kitzbuhel.+Trionfa+il+fuoriclasse+svizzero+Odermatt%2C+Casse+il+migliore+degli+italiani%3A+sesto&amp;url=https:\/\/www.larena.it\/argomenti\/sport\/franzoni-12-nel-supergigante-di-kitzbuhel-trionfa-il-fuoriclasse-svizzero-odermatt-casse-il-migliore-degli-italiani-sesto-1.12906842\"><img loading=\"lazy\" decoding=\"async\" src=\"https:\/\/gfx.larena.it\/gfx\/lib\/ath-v1\/image\/twitter-x-white.svg\" width=\"20\" height=\"20\"><\/a><\/li>\n<li><\/ul>\n<\/div>\n<\/div>\n<div class=\"content-picture\">\n<div class=\"content-media content-media-backup\">\n<figure class=\"kh-lightbox\" data-src=\"https:\/\/gfx.larena.it\/image\/contentid\/policy:1.12906843:1769168942\/image.jpg?f=default&amp;w=1024&amp;$p$f$w=336aa8e\" data-caption=\"Giovanni Franzoni\">\n<div class=\"aspected-image\" data-aspect=\"16x9\"><img loading=\"lazy\" decoding=\"async\" src=\"https:\/\/gfx.larena.it\/image\/contentid\/policy:1.12906843:1769168942\/image.jpg?f=16x9&amp;h=421&amp;w=750&amp;%24p%24f%24h%24w=597732e\" alt=\"Giovanni Franzoni\" width=\"750\" height=\"421\"><\/div>\n<\/figure>\n<div class=\"caption\">\n      Giovanni Franzoni\n          <\/div>\n<\/div>\n<div class=\"content-media content-media-main\">\n<figure class=\"kh-lightbox\" data-src=\"https:\/\/gfx.larena.it\/image\/contentid\/policy:1.12906843:1769168942\/image.jpg?f=default&amp;w=1024&amp;$p$f$w=336aa8e\" data-caption=\"Giovanni Franzoni\">\n<div class=\"aspected-image\" data-aspect=\"16x9\"><img loading=\"lazy\" decoding=\"async\" src=\"https:\/\/gfx.larena.it\/image\/contentid\/policy:1.12906843:1769168942\/image.jpg?f=16x9&amp;h=421&amp;w=750&amp;%24p%24f%24h%24w=597732e\" alt=\"Giovanni Franzoni\" width=\"750\" height=\"421\"><\/div>\n<\/figure>\n<div class=\"caption\">\n      Giovanni Franzoni\n          <\/div>\n<\/div>\n<\/div>\n<div id=\"banner-h7\" class=\"banner \">\n<div id=\"div-gpt-ad-h7\" class=\"gam-banner\"><\/div>\n<\/div>\n<div class=\"content-body \">\n<p><strong>Giovanni Franzoni termina al 12\u00b0 posto il supergigante di Coppa del Mondo a Kitzbuhel, in Austria, sulla mitica Streif.<\/strong> Il gardesano di Manerba, dopo la doppietta di podi nella svizzera Wengen (1\u00b0 in supeg, 3\u00b0 in discesa libera), scende con il pettorale numero 7 e <strong>nella prima met\u00e0 di gara \u00e8 davanti a tutti. Nella seconda commette qualche errore di troppo e compromette la possibilit\u00e0 di un altro risultato di grande prestigio.<\/strong><\/p>\n<p>Trionfa il fuoriclasse svizzero Marc Odermatt, al 53\u00b0 successo in Coppa del Mondo, davanti al connazionale Franjo Von Allmen, staccato di soli 3 centesimi, e all&#8217;austriaco Stefan Babinsky a 25 centesimi. Il migliore degli azzurri \u00e8 Mattia Casse, 6\u00b0. Dominique Paris, sceso appena prima di Franzoni, \u00e8 8\u00b0 a pari merito con l&#8217;elvetico Stefan Rogentin. Buona anche la gara dell&#8217;altro italiano Christof Innerhofer, 10\u00b0. Gara molto equilibrata: i primi 19 in meno di un secondo.<\/p>\n<p>\u00abFino a met\u00e0 gara sono andato benissimo, ero davanti a tutti &#8211; commenta Franzoni ai microfoni della Rai -. Questo era un supergigante facile, c&#8217;era un solo passaggio tecnico e l&#8217;ho sbagliato purtroppo. Con 2 decimi in meno sarei stato tra i primi 5, ma pazienza. <strong>Ora penso alla discesa libera: ho fiducia, sto sciando bene e si vede\u00bb. La discesa libera sulla Streif \u00e8 in programma domani, sabato 24 gennaio, alle 11.30.<\/strong><\/p>\n<\/div>\n<div class=\"copyright\">\n  \u00a9 Riproduzione riservata\n<\/div>\n<div class=\"whatsapp-channel-link\">\n<p>L\u2019Arena \u00e8 su Whatsapp. <a href=\"https:\/\/whatsapp.com\/channel\/0029VaDsUGg1XquVqR4ZZC43\" target=\"_blank\">Clicca qui<\/a> per iscriverti al nostro canale e rimanere aggiornato in tempo reale.<\/p>\n<\/div>\n<div class=\"related\">\n<h4>Contenuti correlati<\/h4>\n<ul class=\"fa-ul\">\n<li><a href=\"https:\/\/www.larena.it\/argomenti\/sport\/super-franzoni-trionfa-a-kitzbuhel-1.12907844\">ARTICOLO: Super Franzoni, trionfa a Kitzb\u00fchel con il pensiero all&#8217;amico Franzoso<\/a><\/li>\n<li><a href=\"https:\/\/www.larena.it\/argomenti\/sport\/altri-sport\/super-franzoni-trionfa-a-kitzbuhel-1.12907893\">ARTICOLO: Super Franzoni, trionfa a Kitzb\u00fchel con il pensiero all&#8217;amico Franzoso<\/a><\/li>\n<\/ul>\n<\/div>\n<\/div>\n<\/div>\n<p> Source URL: https:\/\/www.larena.it\/argomenti\/sport\/franzoni-12-nel-supergigante-di-kitzbuhel-trionfa-il-fuoriclasse-svizzero-odermatt-casse-il-migliore-degli-italiani-sesto-1.12906842<\/p>\n","protected":false},"excerpt":{"rendered":"<p>SCI ALPINO Franzoni 12\u00b0 nel supergigante di Kitzbuhel. Trionfa il fuoriclasse svizzero Odermatt, Casse il migliore degli italiani: sesto Vincenzo Corbetta Sulla mitica Streif gara equilibrata: i primi 19 in meno di un secondo, 4 azzurri nei primi 15. Domani, sabato 24 gennaio, la discesa libera 23 gennaio 2026 Giovanni Franzoni Giovanni Franzoni Giovanni Franzoni [&hellip;]<\/p>\n","protected":false},"author":1,"featured_media":0,"comment_status":"open","ping_status":"","sticky":false,"template":"","format":"standard","meta":{"footnotes":""},"categories":[87],"tags":[226,146],"class_list":["post-1731241","post","type-post","status-publish","format-standard","hentry","category-italy","tag-crawlmanager","tag-larena-it"],"_links":{"self":[{"href":"https:\/\/analyse.optim.biz\/index.php?rest_route=\/wp\/v2\/posts\/1731241","targetHints":{"allow":["GET"]}}],"collection":[{"href":"https:\/\/analyse.optim.biz\/index.php?rest_route=\/wp\/v2\/posts"}],"about":[{"href":"https:\/\/analyse.optim.biz\/index.php?rest_route=\/wp\/v2\/types\/post"}],"author":[{"embeddable":true,"href":"https:\/\/analyse.optim.biz\/index.php?rest_route=\/wp\/v2\/users\/1"}],"replies":[{"embeddable":true,"href":"https:\/\/analyse.optim.biz\/index.php?rest_route=%2Fwp%2Fv2%2Fcomments&post=1731241"}],"version-history":[{"count":0,"href":"https:\/\/analyse.optim.biz\/index.php?rest_route=\/wp\/v2\/posts\/1731241\/revisions"}],"wp:attachment":[{"href":"https:\/\/analyse.optim.biz\/index.php?rest_route=%2Fwp%2Fv2%2Fmedia&parent=1731241"}],"wp:term":[{"taxonomy":"category","embeddable":true,"href":"https:\/\/analyse.optim.biz\/index.php?rest_route=%2Fwp%2Fv2%2Fcategories&post=1731241"},{"taxonomy":"post_tag","embeddable":true,"href":"https:\/\/analyse.optim.biz\/index.php?rest_route=%2Fwp%2Fv2%2Ftags&post=1731241"}],"curies":[{"name":"wp","href":"https:\/\/api.w.org\/{rel}","templated":true}]}}