{"id":1731232,"date":"2026-01-24T10:44:11","date_gmt":"2026-01-24T07:44:11","guid":{"rendered":"https:\/\/analyse.optim.biz\/?p=1731232"},"modified":"2026-01-24T10:44:11","modified_gmt":"2026-01-24T07:44:11","slug":"il-leon-non-fa-paura-caldiero-pronto-a-unaltra-zampata","status":"publish","type":"post","link":"https:\/\/analyse.optim.biz\/?p=1731232","title":{"rendered":"Il Leon non fa paura, Caldiero pronto a un&#8217;altra zampata"},"content":{"rendered":"<div class=\"lbox-main\">\n<div class=\"content-parts\">\n<div class=\"content-heading\">\n<div class=\"subhead glyph\">serie d<\/div>\n<h1>Il Leon non fa paura, Caldiero pronto a un&#8217;altra zampata<\/h1>\n<div class=\"signatures\">\n<div class=\"signature\">Alessandro De Pietro<\/div>\n<\/div>\n<div class=\"summary\">Al Berti un avversario profondamente cambiato rispetto all\u2019andata ed ora nelle mani di Ledian Memushaj, l\u2019ex centrocampista anche in Serie A con Benevento e Pescara<\/div>\n<\/div>\n<div class=\"content-date-share\">\n<div class=\"content-date\">24 gennaio 2026<\/div>\n<ul class=\"share-links\">\n<li>\n<li>\n<li><a target=\"_blank\" class=\"share-twitter\" title=\"Condividi su Twitter\" href=\"https:\/\/twitter.com\/intent\/tweet?text=Il+Leon+non+fa+paura%2C+Caldiero+pronto+a+un%27altra+zampata&amp;url=https:\/\/www.larena.it\/argomenti\/sport\/calcio-dilettanti\/il-leon-non-fa-paura-caldiero-pronto-a-un-altra-zampata-1.12907789\"><img loading=\"lazy\" decoding=\"async\" src=\"https:\/\/gfx.larena.it\/gfx\/lib\/ath-v1\/image\/twitter-x-white.svg\" width=\"20\" height=\"20\"><\/a><\/li>\n<li><\/ul>\n<\/div>\n<div class=\"sticky-footer\">\n<div class=\"share-footer d-lg-none\">\n<ul class=\"share-links\">\n<li>\n<li>\n<li><a target=\"_blank\" class=\"share-twitter\" title=\"Condividi su Twitter\" href=\"https:\/\/twitter.com\/intent\/tweet?text=Il+Leon+non+fa+paura%2C+Caldiero+pronto+a+un%27altra+zampata&amp;url=https:\/\/www.larena.it\/argomenti\/sport\/calcio-dilettanti\/il-leon-non-fa-paura-caldiero-pronto-a-un-altra-zampata-1.12907789\"><img loading=\"lazy\" decoding=\"async\" src=\"https:\/\/gfx.larena.it\/gfx\/lib\/ath-v1\/image\/twitter-x-white.svg\" width=\"20\" height=\"20\"><\/a><\/li>\n<li><\/ul>\n<\/div>\n<\/div>\n<div class=\"content-picture\">\n<div class=\"content-media content-media-backup\">\n<figure class=\"kh-lightbox\" data-src=\"https:\/\/gfx.larena.it\/image\/contentid\/policy:1.12907790:1769251254\/Cristian+Soave%252C+allenatore+del+Caldiero.jpg?f=default&amp;w=1024&amp;$p$f$w=3d3816c\" data-caption=\"Cristian Soave, allenatore del Caldiero\">\n<div class=\"aspected-image\" data-aspect=\"16x9\"><img loading=\"lazy\" decoding=\"async\" src=\"https:\/\/gfx.larena.it\/image\/contentid\/policy:1.12907790:1769251254\/Cristian+Soave%252C+allenatore+del+Caldiero.jpg?f=16x9&amp;h=421&amp;w=750&amp;%24p%24f%24h%24w=700cfe5\" alt=\"Cristian Soave, allenatore del Caldiero\" width=\"750\" height=\"421\"><\/div>\n<\/figure>\n<div class=\"caption\">\n      Cristian Soave, allenatore del Caldiero\n          <\/div>\n<\/div>\n<div class=\"content-media content-media-main\">\n<figure class=\"kh-lightbox\" data-src=\"https:\/\/gfx.larena.it\/image\/contentid\/policy:1.12907790:1769251254\/Cristian+Soave%252C+allenatore+del+Caldiero.jpg?f=default&amp;w=1024&amp;$p$f$w=3d3816c\" data-caption=\"Cristian Soave, allenatore del Caldiero\">\n<div class=\"aspected-image\" data-aspect=\"16x9\"><img loading=\"lazy\" decoding=\"async\" src=\"https:\/\/gfx.larena.it\/image\/contentid\/policy:1.12907790:1769251254\/Cristian+Soave%252C+allenatore+del+Caldiero.jpg?f=16x9&amp;h=421&amp;w=750&amp;%24p%24f%24h%24w=700cfe5\" alt=\"Cristian Soave, allenatore del Caldiero\" width=\"750\" height=\"421\"><\/div>\n<\/figure>\n<div class=\"caption\">\n      Cristian Soave, allenatore del Caldiero\n          <\/div>\n<\/div>\n<\/div>\n<div id=\"banner-h7\" class=\"banner \">\n<div id=\"div-gpt-ad-h7\" class=\"gam-banner\"><\/div>\n<\/div>\n<div class=\"paywall-meter-floating\">\n<div class=\"paywall-meter-inner2 container\">\n<div class=\"claim\">\n<div class=\"main\">\n        Meno di 2 centesimi al giorno per sbloccare tutti i contenuti del sito web per 3 mesi.\n      <\/div>\n<\/div>\n<\/div>\n<div class=\"subscribe\"><a href=\"https:\/\/store.larena.it\/abbonamenti\/sottoscrizione\/offerta-speciale\/425FFA73140849\/\" class=\"btn btn-contrast\" data-dlevent='{\"event\":\"select_content\",\"content_type\":\"cta_abbonati\",\"position\":\"meter_bar\"}'><\/p>\n<p>         Abbonati ora<\/p>\n<p>      <\/a><\/div>\n<\/div>\n<\/div>\n<div class=\"content-body \">\n<p>La voglia di un altro scatto in avanti, <strong>Leon<\/strong> permettendo. In <strong>serie utile da cinque giornate<\/strong>, il Caldiero incrocia domani, domenica 25 gennaio, un avversario profondamente cambiato rispetto all\u2019andata ed ora nelle mani di Ledian Memushaj, l\u2019ex centrocampista anche in Serie A con Benevento e Pescara che ha imposto una manovra fatta di possesso dal basso all\u2019ennesima potenza e la ricerca continua del palleggio.<\/p>\n<p>\u00abTecnicamente molto bravi, compresi tanti schemi su palla inattiva. Ma stiamo bene anche noi\u00bb, il quadro poco prima della rifinitura del sabato mattina di <strong>Cristian Soave, senza lo squalificato Caneva<\/strong> oltre ai soliti Baldani e Furini in teoria, tabelle alla mano, pronti per il derby col Chievo.<\/p>\n<p>Tanti punti di domanda della vigilia, dettati soprattutto dall\u2019abbondanza visto il rientro di Zazzi dopo la squalifica, una settimana in pi\u00f9 di allenamenti immagazzinata dai neoarrivi Ruggeri e Zanetti, la grande partita di Viviani con la Casatese e l\u2019entrata in scena di Goglino.<\/p>\n<p>\u00abDi dubbi ne ho sempre. Ed anche quando non ne ho me li creo. La verit\u00e0 \u00e8 che, al di l\u00e0 chi di partir\u00e0 fra i primi undici, la partita potranno cambiarla nell\u2019ultima mezz\u2019ora quelli che entreranno dopo\u00bb, la certezza di Soave, com\u2019\u00e8 stato proprio con la Casatese.<\/p>\n<p>A destra Zappa al posto di Caneva, in attacco due fra Orfeini, Zerbato, Goglino e Mauri. Al \u00abMario Berti\u00bb fischio di inizio alle 14.30.<\/p>\n<\/div>\n<div class=\"copyright\">\n  \u00a9 Riproduzione riservata\n<\/div>\n<ul class=\"tags\">\n<li><a rel=\"nofollow\" href=\"https:\/\/www.larena.it\/topics\/Tag\/dilettantid\">dilettantid<\/a><\/li>\n<\/ul>\n<div class=\"whatsapp-channel-link\">\n<p>L\u2019Arena \u00e8 su Whatsapp. <a href=\"https:\/\/whatsapp.com\/channel\/0029VaDsUGg1XquVqR4ZZC43\" target=\"_blank\">Clicca qui<\/a> per iscriverti al nostro canale e rimanere aggiornato in tempo reale.<\/p>\n<\/div>\n<div class=\"content-contribute margin-bottom-default\"><a rel=\"nofollow\" data-pushbar-target=\"comments-pushbar\" class=\"comments\" href=\"https:\/\/www.larena.it\/argomenti\/sport\/calcio-dilettanti\/il-leon-non-fa-paura-caldiero-pronto-a-un-altra-zampata-1.12907789\"><br \/>\n        Commenti (<span class=\"comment-count\">0<\/span>)<br \/>\n    <\/a><a rel=\"nofollow\" class=\"contribute d-none d-lg-inline\" href=\"https:\/\/www.larena.it\/spazio-lettori\/whatsapp\">\u00a0 Contribuisci alla notizia<\/a><a rel=\"nofollow\" class=\"contribute d-inline d-lg-none\" href=\"https:\/\/www.larena.it\/spazio-lettori\/whatsapp\">\u00a0 Contribuisci<\/a><\/div>\n<aside id=\"comments-pushbar\" class=\"sidebar sidebar-comments comments-zone\" data-pushbar-id=\"comments-pushbar\" data-pushbar-direction=\"right\">\n<div class=\"sidebar-header\">\n<div class=\"navbar navbar-expand d-flex justify-content-between\">\n<ul class=\"navbar-nav\">\n<li><\/ul>\n<ul class=\"navbar-nav\">\n<li>\n<h5>Commenti (<span class=\"comment-count\">0<\/span>)<\/h5>\n<\/li>\n<\/ul>\n<\/div>\n<\/div>\n<div class=\"sidebar-main sidebar-main-scroll\">\n<div class=\"comments-container\">\n<div class=\"spinner\"><img decoding=\"async\" src=\"https:\/\/gfx.larena.it\/gfx\/siti\/quotidiani_web-v3\/images\/spinners\/ajax-loader.gif\" alt=\"spinner\"><\/div>\n<\/div>\n<\/div>\n<div class=\"sidebar-footer\">\n<div class=\"comments-container foot\"><a class=\"comment-new-form-toggler btn btn-secondary btn-sm\" rel=\"nofollow\" href=\"https:\/\/www.larena.it\/argomenti\/sport\/calcio-dilettanti\/il-leon-non-fa-paura-caldiero-pronto-a-un-altra-zampata-1.12907789\">Commenta<\/a><\/p>\n<div class=\"buttons\">\n<div class=\"privacy\"><b>Informativa privacy:<\/b> L\u2019invio di un commento pu\u00f2 comportare il trattamento di dati personali: per maggiori informazioni sulle modalit\u00e0 di trattamento e l\u2019esercizio dei diritti consultare le nostre Informazioni sulla Privacy e l\u2019informativa estesa sui cookie presenti in calce al sito web.<\/div>\n<p><button type=\"button\" class=\"btn btn-primary submit\">Invia<\/button><\/div>\n<div class=\"comment-thankyou\">Grazie per aver inviato un commento. L&#8217;intervento non sar\u00e0 pubblicato fino a quando il moderatore non lo avr\u00e0 letto ed approvato. I commenti ritenuti inadatti o offensivi non saranno pubblicati.<\/div>\n<\/div>\n<\/div>\n<\/aside>\n<\/div>\n<p> Source URL: https:\/\/www.larena.it\/argomenti\/sport\/calcio-dilettanti\/il-leon-non-fa-paura-caldiero-pronto-a-un-altra-zampata-1.12907789<\/p>\n","protected":false},"excerpt":{"rendered":"<p>serie d Il Leon non fa paura, Caldiero pronto a un&#8217;altra zampata Alessandro De Pietro Al Berti un avversario profondamente cambiato rispetto all\u2019andata ed ora nelle mani di Ledian Memushaj, l\u2019ex centrocampista anche in Serie A con Benevento e Pescara 24 gennaio 2026 Cristian Soave, allenatore del Caldiero Cristian Soave, allenatore del Caldiero Meno di [&hellip;]<\/p>\n","protected":false},"author":1,"featured_media":0,"comment_status":"open","ping_status":"","sticky":false,"template":"","format":"standard","meta":{"footnotes":""},"categories":[87],"tags":[226,146],"class_list":["post-1731232","post","type-post","status-publish","format-standard","hentry","category-italy","tag-crawlmanager","tag-larena-it"],"_links":{"self":[{"href":"https:\/\/analyse.optim.biz\/index.php?rest_route=\/wp\/v2\/posts\/1731232","targetHints":{"allow":["GET"]}}],"collection":[{"href":"https:\/\/analyse.optim.biz\/index.php?rest_route=\/wp\/v2\/posts"}],"about":[{"href":"https:\/\/analyse.optim.biz\/index.php?rest_route=\/wp\/v2\/types\/post"}],"author":[{"embeddable":true,"href":"https:\/\/analyse.optim.biz\/index.php?rest_route=\/wp\/v2\/users\/1"}],"replies":[{"embeddable":true,"href":"https:\/\/analyse.optim.biz\/index.php?rest_route=%2Fwp%2Fv2%2Fcomments&post=1731232"}],"version-history":[{"count":0,"href":"https:\/\/analyse.optim.biz\/index.php?rest_route=\/wp\/v2\/posts\/1731232\/revisions"}],"wp:attachment":[{"href":"https:\/\/analyse.optim.biz\/index.php?rest_route=%2Fwp%2Fv2%2Fmedia&parent=1731232"}],"wp:term":[{"taxonomy":"category","embeddable":true,"href":"https:\/\/analyse.optim.biz\/index.php?rest_route=%2Fwp%2Fv2%2Fcategories&post=1731232"},{"taxonomy":"post_tag","embeddable":true,"href":"https:\/\/analyse.optim.biz\/index.php?rest_route=%2Fwp%2Fv2%2Ftags&post=1731232"}],"curies":[{"name":"wp","href":"https:\/\/api.w.org\/{rel}","templated":true}]}}