{"id":173048,"date":"2015-10-20T13:56:50","date_gmt":"2015-10-20T10:56:50","guid":{"rendered":"https:\/\/analyse.optim.biz\/?p=173048"},"modified":"2015-10-20T13:56:50","modified_gmt":"2015-10-20T10:56:50","slug":"actorul-mihai-malaimare-s-a-inscris-in-unpr","status":"publish","type":"post","link":"https:\/\/analyse.optim.biz\/?p=173048","title":{"rendered":"Actorul Mihai M\u0103laimare s-a \u00eenscris \u00een UNPR"},"content":{"rendered":"<div class=\"entry data-app-meta data-app-meta-article\" data-embed-base-url-canonical=\"https:\/\/www.digi24.ro\/embed\/stiri\/actualitate\/politica\/actorul-mihai-malaimare-s-a-inscris-in-unpr-449610\">\n<p data-index=\"1\"><img decoding=\"async\" src=\"https:\/\/analyse.optim.biz\/wp-content\/uploads\/2024\/09\/odawjmhhc2g9njkynwzjotnknju0odg0zgy0zgezogjmntcwmmjkmde-thumb_.jpg\" data-skip-htmlfix=\"1\" title=\"odawjmhhc2g9njkynwzjotnknju0odg0zgy0zgezogjmntcwmmjkmde-thumb_\">\u00a0<\/p>\n<p data-index=\"2\"><span><em>Foto: Facebook<\/em><\/span><\/p>\n<p data-index=\"3\">Mihai M\u0103laimare se al\u0103tur\u0103, astfel, actorilor <a href=\"https:\/\/www.digi24.ro\/Stiri\/Digi24\/Actualitate\/Politica\/Actorii+Vasile+Muraru+si+Alexandru+Arsinel+s-au+inscris+in+UNPR\" target=\"_blank\" data-skip-linkfix=\"1\" rel=\"noopener\">Vasile Muraru \u0219i Alexandru Ar\u0219inel<\/a>, care \u0219i-au depus adeziunile la UNPR, \u00een urm\u0103 cu o s\u0103pt\u0103m\u00e2n\u0103.<\/p>\n<\/div>\n<p> Source URL: https:\/\/www.digi24.ro\/stiri\/actualitate\/politica\/actorul-mihai-malaimare-s-a-inscris-in-unpr-449610<\/p>\n","protected":false},"excerpt":{"rendered":"<p>\u00a0 Foto: Facebook Mihai M\u0103laimare se al\u0103tur\u0103, astfel, actorilor Vasile Muraru \u0219i Alexandru Ar\u0219inel, care \u0219i-au depus adeziunile la UNPR, \u00een urm\u0103 cu o s\u0103pt\u0103m\u00e2n\u0103. Source URL: https:\/\/www.digi24.ro\/stiri\/actualitate\/politica\/actorul-mihai-malaimare-s-a-inscris-in-unpr-449610<\/p>\n","protected":false},"author":1,"featured_media":173049,"comment_status":"open","ping_status":"","sticky":false,"template":"","format":"standard","meta":{"footnotes":""},"categories":[2],"tags":[11],"class_list":["post-173048","post","type-post","status-publish","format-standard","has-post-thumbnail","hentry","category-politics","tag-digi24"],"_links":{"self":[{"href":"https:\/\/analyse.optim.biz\/index.php?rest_route=\/wp\/v2\/posts\/173048","targetHints":{"allow":["GET"]}}],"collection":[{"href":"https:\/\/analyse.optim.biz\/index.php?rest_route=\/wp\/v2\/posts"}],"about":[{"href":"https:\/\/analyse.optim.biz\/index.php?rest_route=\/wp\/v2\/types\/post"}],"author":[{"embeddable":true,"href":"https:\/\/analyse.optim.biz\/index.php?rest_route=\/wp\/v2\/users\/1"}],"replies":[{"embeddable":true,"href":"https:\/\/analyse.optim.biz\/index.php?rest_route=%2Fwp%2Fv2%2Fcomments&post=173048"}],"version-history":[{"count":0,"href":"https:\/\/analyse.optim.biz\/index.php?rest_route=\/wp\/v2\/posts\/173048\/revisions"}],"wp:featuredmedia":[{"embeddable":true,"href":"https:\/\/analyse.optim.biz\/index.php?rest_route=\/wp\/v2\/media\/173049"}],"wp:attachment":[{"href":"https:\/\/analyse.optim.biz\/index.php?rest_route=%2Fwp%2Fv2%2Fmedia&parent=173048"}],"wp:term":[{"taxonomy":"category","embeddable":true,"href":"https:\/\/analyse.optim.biz\/index.php?rest_route=%2Fwp%2Fv2%2Fcategories&post=173048"},{"taxonomy":"post_tag","embeddable":true,"href":"https:\/\/analyse.optim.biz\/index.php?rest_route=%2Fwp%2Fv2%2Ftags&post=173048"}],"curies":[{"name":"wp","href":"https:\/\/api.w.org\/{rel}","templated":true}]}}