{"id":172991,"date":"2015-10-22T17:19:17","date_gmt":"2015-10-22T14:19:17","guid":{"rendered":"https:\/\/analyse.optim.biz\/?p=172991"},"modified":"2015-10-22T17:19:17","modified_gmt":"2015-10-22T14:19:17","slug":"alina-gorghiu-cere-demisia-lui-gabriel-oprea","status":"publish","type":"post","link":"https:\/\/analyse.optim.biz\/?p=172991","title":{"rendered":"Alina Gorghiu cere demisia lui Gabriel Oprea"},"content":{"rendered":"<div class=\"entry data-app-meta data-app-meta-article\" data-embed-base-url-canonical=\"https:\/\/www.digi24.ro\/embed\/stiri\/actualitate\/politica\/alina-gorghiu-cere-demisia-lui-gabriel-oprea-450379\">\n<div class=\"fb-post\">\n<div class=\"fb-xfbml-parse-ignore\">\n<blockquote cite=\"https:\/\/www.facebook.com\/alinagorghiu\/posts\/981611808570741\">\n<p data-index=\"2\">Nu a\u0219a se face domnule vicepremier Oprea, ministru al Afacerilor Interne!Nu se a\u0219teapt\u0103 dou\u0103 zile, s\u0103 v\u0103 mai g\u00e2ndi\u021bi&#8230;<\/p>\n<p>Posted by <a href=\"https:\/\/www.facebook.com\/alinagorghiu\" data-skip-linkfix=\"1\">Alina Gorghiu<\/a> on\u00a0<a href=\"https:\/\/www.facebook.com\/alinagorghiu\/posts\/981611808570741\" data-skip-linkfix=\"1\">Thursday, October 22, 2015<\/a><\/p><\/blockquote>\n<\/div>\n<\/div>\n<p data-index=\"3\">\u201e<em>Nu a\u0219a se face domnule vicepremier Oprea, ministru al Afacerilor Interne!<\/em><\/p>\n<p data-index=\"4\"><em>Nu se a\u0219teapt\u0103 dou\u0103 zile, s\u0103 v\u0103 mai g\u00e2ndi\u021bi dac\u0103 este cazul sau nu s\u0103 admite\u021bi c\u0103 poli\u021bistul care a decedat f\u0103cea parte din coloana dumneavoastr\u0103 oficial\u0103.<\/em><\/p>\n<p data-index=\"5\"><em>Nu se poate ca printr-un vag comunicat al Poli\u021biei Capitalei s\u0103 minimaliza\u021bi o tragedie. Trebuie s\u0103 furniza\u021bi familiei, opiniei publice, colegilor poli\u021bi\u0219ti toate informa\u021biile necesare: ce activitate a avut loc, de ce era necesar\u0103 deplasarea \u00een regim\u00a0de coloan\u0103 oficial\u0103, cu ce vitez\u0103 se deplasa coloana?<\/em><\/p>\n<p data-index=\"6\"><em>O politic\u0103 responsabil\u0103 \u00eenseamn\u0103 asumare \u0219i transparen\u021b\u0103, a\u0219a c\u0103 v\u0103 solicit s\u0103 reveni\u021bi asupra exerci\u021biului de comunicare cu care sunte\u021bi dator opiniei publice<\/em>\u201d, a scris Gorghiu pe Facebook.<\/p>\n<p data-index=\"7\">Ulterior liderul PNL a revenit cu o actualizare.<\/p>\n<div class=\"fb-post\">\n<div class=\"fb-xfbml-parse-ignore\">\n<blockquote cite=\"https:\/\/www.facebook.com\/alinagorghiu\/posts\/981650585233530\">\n<p data-index=\"9\">UPDATE: Dac\u0103 vicepremierul Gabriel Oprea nu l\u0103mure\u0219te urgent \u0219i complet toat\u0103 situa\u021bia nu exist\u0103 alt\u0103 solu\u021bie dec\u00e2t demisia sau demiterea acestuia.<\/p>\n<p>Posted by <a href=\"https:\/\/www.facebook.com\/alinagorghiu\" data-skip-linkfix=\"1\">Alina Gorghiu<\/a> on\u00a0<a href=\"https:\/\/www.facebook.com\/alinagorghiu\/posts\/981650585233530\" data-skip-linkfix=\"1\">Thursday, October 22, 2015<\/a><\/p><\/blockquote>\n<\/div>\n<\/div>\n<p data-index=\"10\">\u201e<em>Dac\u0103 vicepremierul Gabriel Oprea nu l\u0103mure\u0219te urgent \u0219i complet toat\u0103 situa\u021bia nu exist\u0103 alt\u0103 solu\u021bie dec\u00e2t demisia sau demiterea acestuia<\/em>\u201d, a scris liderul PNL pe re\u021beaua de socializare.<\/p>\n<\/div>\n<p> Source URL: https:\/\/www.digi24.ro\/stiri\/actualitate\/politica\/alina-gorghiu-cere-demisia-lui-gabriel-oprea-450379<\/p>\n","protected":false},"excerpt":{"rendered":"<p>Nu a\u0219a se face domnule vicepremier Oprea, ministru al Afacerilor Interne!Nu se a\u0219teapt\u0103 dou\u0103 zile, s\u0103 v\u0103 mai g\u00e2ndi\u021bi&#8230; Posted by Alina Gorghiu on\u00a0Thursday, October 22, 2015 \u201eNu a\u0219a se face domnule vicepremier Oprea, ministru al Afacerilor Interne! Nu se a\u0219teapt\u0103 dou\u0103 zile, s\u0103 v\u0103 mai g\u00e2ndi\u021bi dac\u0103 este cazul sau nu s\u0103 admite\u021bi c\u0103 [&hellip;]<\/p>\n","protected":false},"author":1,"featured_media":172992,"comment_status":"open","ping_status":"","sticky":false,"template":"","format":"standard","meta":{"footnotes":""},"categories":[2],"tags":[11],"class_list":["post-172991","post","type-post","status-publish","format-standard","has-post-thumbnail","hentry","category-politics","tag-digi24"],"_links":{"self":[{"href":"https:\/\/analyse.optim.biz\/index.php?rest_route=\/wp\/v2\/posts\/172991","targetHints":{"allow":["GET"]}}],"collection":[{"href":"https:\/\/analyse.optim.biz\/index.php?rest_route=\/wp\/v2\/posts"}],"about":[{"href":"https:\/\/analyse.optim.biz\/index.php?rest_route=\/wp\/v2\/types\/post"}],"author":[{"embeddable":true,"href":"https:\/\/analyse.optim.biz\/index.php?rest_route=\/wp\/v2\/users\/1"}],"replies":[{"embeddable":true,"href":"https:\/\/analyse.optim.biz\/index.php?rest_route=%2Fwp%2Fv2%2Fcomments&post=172991"}],"version-history":[{"count":0,"href":"https:\/\/analyse.optim.biz\/index.php?rest_route=\/wp\/v2\/posts\/172991\/revisions"}],"wp:featuredmedia":[{"embeddable":true,"href":"https:\/\/analyse.optim.biz\/index.php?rest_route=\/wp\/v2\/media\/172992"}],"wp:attachment":[{"href":"https:\/\/analyse.optim.biz\/index.php?rest_route=%2Fwp%2Fv2%2Fmedia&parent=172991"}],"wp:term":[{"taxonomy":"category","embeddable":true,"href":"https:\/\/analyse.optim.biz\/index.php?rest_route=%2Fwp%2Fv2%2Fcategories&post=172991"},{"taxonomy":"post_tag","embeddable":true,"href":"https:\/\/analyse.optim.biz\/index.php?rest_route=%2Fwp%2Fv2%2Ftags&post=172991"}],"curies":[{"name":"wp","href":"https:\/\/api.w.org\/{rel}","templated":true}]}}