{"id":172980,"date":"2015-10-22T22:08:31","date_gmt":"2015-10-22T19:08:31","guid":{"rendered":"https:\/\/analyse.optim.biz\/?p=172980"},"modified":"2015-10-22T22:08:31","modified_gmt":"2015-10-22T19:08:31","slug":"senator-unpr-minerii-au-venit-in-bucuresti-din-patriotism-au-venit-sa-apere-tara","status":"publish","type":"post","link":"https:\/\/analyse.optim.biz\/?p=172980","title":{"rendered":"Senator UNPR: Minerii au venit \u00een Bucure\u0219ti din patriotism. Au venit s\u0103 apere \u021bara"},"content":{"rendered":"<div class=\"entry data-app-meta data-app-meta-article\" data-embed-base-url-canonical=\"https:\/\/www.digi24.ro\/embed\/stiri\/actualitate\/politica\/senator-unpr-minerii-au-venit-in-bucuresti-din-patriotism-au-venit-sa-apere-tara-450477\">\n<p data-index=\"1\"><strong>Constantin Popa, senator UNPR:<\/strong> Erau vremuri tulburi, vremuri \u00een care dac\u0103 spuneai ceva \u00eempotriva&#8230;\u0219ti\u021bi celebrul dicton: \u201eNu ne vindem \u021bara!\u201d. Oamenii erau patrio\u021bi \u00een vremea aceea, \u00eencercau s\u0103 fac\u0103 ceva pentru Rom\u00e2nia \u0219i formele erau diferite.<\/p>\n<p data-index=\"2\"><strong>Cosmin Prelipceanu:<\/strong> \u0218i minerii au venit din patriotism?<\/p>\n<p data-index=\"3\"><strong>Constantin Popa:<\/strong> Da, \u0103sta a fost motivul lor. Au venit s\u0103 apere \u021bara. C\u0103 acolo s-a \u00eent\u00e2mplat altceva&#8230;<\/p>\n<p data-index=\"4\"><strong>Cosmin Prelipceanu:<\/strong> De cine o ap\u0103rau?<\/p>\n<p data-index=\"5\"><strong>Constantin Popa:<\/strong> Cred c\u0103 \u0219i dumneavostr\u0103 \u0219ti\u021bi ce zvonuri se vehiculau. Dac\u0103 vre\u021bi s\u0103 fiu destul de dur, v\u0103 \u0219i spun de cine s\u0103 o apere, de cei care au scos, p\u00e2n\u0103 la urm\u0103, \u201erestitutio in integrum\u201d \u0219i care s-a \u0219i \u00eent\u00e2mplat p\u00e2n\u0103 la urm\u0103, c\u0103 toat\u0103 \u021bara a fost retrocedat\u0103. Asta au crezut ei la momentul de atunci.\u00a0<\/p>\n<\/div>\n<p> Source URL: https:\/\/www.digi24.ro\/stiri\/actualitate\/politica\/senator-unpr-minerii-au-venit-in-bucuresti-din-patriotism-au-venit-sa-apere-tara-450477<\/p>\n","protected":false},"excerpt":{"rendered":"<p>Constantin Popa, senator UNPR: Erau vremuri tulburi, vremuri \u00een care dac\u0103 spuneai ceva \u00eempotriva&#8230;\u0219ti\u021bi celebrul dicton: \u201eNu ne vindem \u021bara!\u201d. Oamenii erau patrio\u021bi \u00een vremea aceea, \u00eencercau s\u0103 fac\u0103 ceva pentru Rom\u00e2nia \u0219i formele erau diferite. Cosmin Prelipceanu: \u0218i minerii au venit din patriotism? Constantin Popa: Da, \u0103sta a fost motivul lor. Au venit s\u0103 [&hellip;]<\/p>\n","protected":false},"author":1,"featured_media":172981,"comment_status":"open","ping_status":"","sticky":false,"template":"","format":"standard","meta":{"footnotes":""},"categories":[2],"tags":[11],"class_list":["post-172980","post","type-post","status-publish","format-standard","has-post-thumbnail","hentry","category-politics","tag-digi24"],"_links":{"self":[{"href":"https:\/\/analyse.optim.biz\/index.php?rest_route=\/wp\/v2\/posts\/172980","targetHints":{"allow":["GET"]}}],"collection":[{"href":"https:\/\/analyse.optim.biz\/index.php?rest_route=\/wp\/v2\/posts"}],"about":[{"href":"https:\/\/analyse.optim.biz\/index.php?rest_route=\/wp\/v2\/types\/post"}],"author":[{"embeddable":true,"href":"https:\/\/analyse.optim.biz\/index.php?rest_route=\/wp\/v2\/users\/1"}],"replies":[{"embeddable":true,"href":"https:\/\/analyse.optim.biz\/index.php?rest_route=%2Fwp%2Fv2%2Fcomments&post=172980"}],"version-history":[{"count":0,"href":"https:\/\/analyse.optim.biz\/index.php?rest_route=\/wp\/v2\/posts\/172980\/revisions"}],"wp:featuredmedia":[{"embeddable":true,"href":"https:\/\/analyse.optim.biz\/index.php?rest_route=\/wp\/v2\/media\/172981"}],"wp:attachment":[{"href":"https:\/\/analyse.optim.biz\/index.php?rest_route=%2Fwp%2Fv2%2Fmedia&parent=172980"}],"wp:term":[{"taxonomy":"category","embeddable":true,"href":"https:\/\/analyse.optim.biz\/index.php?rest_route=%2Fwp%2Fv2%2Fcategories&post=172980"},{"taxonomy":"post_tag","embeddable":true,"href":"https:\/\/analyse.optim.biz\/index.php?rest_route=%2Fwp%2Fv2%2Ftags&post=172980"}],"curies":[{"name":"wp","href":"https:\/\/api.w.org\/{rel}","templated":true}]}}