{"id":172969,"date":"2015-10-23T10:46:09","date_gmt":"2015-10-23T07:46:09","guid":{"rendered":"https:\/\/analyse.optim.biz\/?p=172969"},"modified":"2015-10-23T10:46:09","modified_gmt":"2015-10-23T07:46:09","slug":"elena-udrea-audiata-in-comisia-juridica","status":"publish","type":"post","link":"https:\/\/analyse.optim.biz\/?p=172969","title":{"rendered":"Elena Udrea, audiat\u0103 \u00een Comisia juridic\u0103"},"content":{"rendered":"<div class=\"entry data-app-meta data-app-meta-article\" data-embed-base-url-canonical=\"https:\/\/www.digi24.ro\/embed\/stiri\/actualitate\/politica\/elena-udrea-audiata-in-comisia-juridica-450560\">\n<p data-index=\"1\"><em><strong>\u201eA\u021bi mai v\u0103zut pe cineva pentru care se \u00eencearc\u0103 arestarea a treia oar\u0103 \u00een c\u00e2teva luni? Denun\u0163uri sunt pe numele tuturor politicienilor. Nu s-a \u00eent\u00e2mplat nimic ca parlamentarii s\u0103 nu fie \u00een continuare extrem de speria\u021bi de ce li s-ar putea \u00eent\u00e2mpla lor. M\u0103 a\u0219tept s\u0103 stea din nou p\u00e2n\u0103 la dou\u0103 noaptea s\u0103 voteze. Comand\u0103 din partea liderilor, evident c\u0103 asta va fi. Dragnea are dosar pe 11 \u0219i are aceast\u0103 presiune uria\u0219\u0103, trebuie s\u0103 fac\u0103 ce i se spune s\u0103 fac\u0103. \u00cen general nu \u0219tiu de ce numai eu sunt chemat\u0103 s\u0103 dau explica\u021bii pe denun\u021burile tuturor care s-au decis s\u0103 scape d\u00e2nd vina pe Udrea. E o suspiciune legat\u0103 de Udrea, \u00een\u021beleg. Pot fi suspiciuni. Am fost ministru, \u00een conducerea partidului, dar numai Udrea e \u00een \u0163ara asta?\u201d<\/strong><\/em>, a declarat deputatul Elena Udrea.<\/p>\n<\/div>\n<p> Source URL: https:\/\/www.digi24.ro\/stiri\/actualitate\/politica\/elena-udrea-audiata-in-comisia-juridica-450560<\/p>\n","protected":false},"excerpt":{"rendered":"<p>\u201eA\u021bi mai v\u0103zut pe cineva pentru care se \u00eencearc\u0103 arestarea a treia oar\u0103 \u00een c\u00e2teva luni? Denun\u0163uri sunt pe numele tuturor politicienilor. Nu s-a \u00eent\u00e2mplat nimic ca parlamentarii s\u0103 nu fie \u00een continuare extrem de speria\u021bi de ce li s-ar putea \u00eent\u00e2mpla lor. M\u0103 a\u0219tept s\u0103 stea din nou p\u00e2n\u0103 la dou\u0103 noaptea s\u0103 voteze. [&hellip;]<\/p>\n","protected":false},"author":1,"featured_media":172970,"comment_status":"open","ping_status":"","sticky":false,"template":"","format":"standard","meta":{"footnotes":""},"categories":[2],"tags":[11],"class_list":["post-172969","post","type-post","status-publish","format-standard","has-post-thumbnail","hentry","category-politics","tag-digi24"],"_links":{"self":[{"href":"https:\/\/analyse.optim.biz\/index.php?rest_route=\/wp\/v2\/posts\/172969","targetHints":{"allow":["GET"]}}],"collection":[{"href":"https:\/\/analyse.optim.biz\/index.php?rest_route=\/wp\/v2\/posts"}],"about":[{"href":"https:\/\/analyse.optim.biz\/index.php?rest_route=\/wp\/v2\/types\/post"}],"author":[{"embeddable":true,"href":"https:\/\/analyse.optim.biz\/index.php?rest_route=\/wp\/v2\/users\/1"}],"replies":[{"embeddable":true,"href":"https:\/\/analyse.optim.biz\/index.php?rest_route=%2Fwp%2Fv2%2Fcomments&post=172969"}],"version-history":[{"count":0,"href":"https:\/\/analyse.optim.biz\/index.php?rest_route=\/wp\/v2\/posts\/172969\/revisions"}],"wp:featuredmedia":[{"embeddable":true,"href":"https:\/\/analyse.optim.biz\/index.php?rest_route=\/wp\/v2\/media\/172970"}],"wp:attachment":[{"href":"https:\/\/analyse.optim.biz\/index.php?rest_route=%2Fwp%2Fv2%2Fmedia&parent=172969"}],"wp:term":[{"taxonomy":"category","embeddable":true,"href":"https:\/\/analyse.optim.biz\/index.php?rest_route=%2Fwp%2Fv2%2Fcategories&post=172969"},{"taxonomy":"post_tag","embeddable":true,"href":"https:\/\/analyse.optim.biz\/index.php?rest_route=%2Fwp%2Fv2%2Ftags&post=172969"}],"curies":[{"name":"wp","href":"https:\/\/api.w.org\/{rel}","templated":true}]}}