{"id":172939,"date":"2015-10-24T12:10:25","date_gmt":"2015-10-24T09:10:25","guid":{"rendered":"https:\/\/analyse.optim.biz\/?p=172939"},"modified":"2015-10-24T12:10:25","modified_gmt":"2015-10-24T09:10:25","slug":"cazul-politistului-decedat-dialog-halucinant-intre-victor-ponta-si-jurnalisti","status":"publish","type":"post","link":"https:\/\/analyse.optim.biz\/?p=172939","title":{"rendered":"Cazul poli\u021bistului decedat | Dialog halucinant \u00eentre Victor Ponta \u0219i jurnali\u0219ti"},"content":{"rendered":"<div class=\"entry data-app-meta data-app-meta-article\" data-embed-base-url-canonical=\"https:\/\/www.digi24.ro\/embed\/stiri\/actualitate\/politica\/cazul-politistului-decedat-dialog-halucinant-intre-victor-ponta-si-jurnalisti-450928\">\n<p data-index=\"1\">Premierul a evitat s\u0103 vorbeasc\u0103 despre controversa decla\u015fat\u0103 de moartea poli\u0163istului ce f\u0103cea parte din coloana oficial\u0103 a vicepremierului Gabriel Oprea. La \u00eenceputul \u015fedin\u0163ei de Guvern de ast\u0103zi a prezentat condolean\u0163e familiei \u015fi a sugerat c\u0103 tragedia a fost provocat\u0103 de starea drumului. \u00cen ciuda insisten\u0163elor ziari\u015ftilor, \u015feful Executivului nu a vrut s\u0103 vorbeasc\u0103 despre acest subiect nici la conferin\u0163a de pres\u0103 sus\u0163inut\u0103 \u00een aceast\u0103 dup\u0103-amiaz\u0103, \u00een care a explicat modul \u00een care vor fi \u00eemp\u0103r\u0163i\u0163i banii la rectificarea bugetar\u0103.<\/p>\n<p data-index=\"2\">Reporter: Legat de cazul poli\u0163istului mort &#8230;<\/p>\n<p data-index=\"3\"><strong>Victor Ponta:<\/strong>\u00a0\u00cemi pare r\u0103u, am precizat de la \u00eenceput.<\/p>\n<p data-index=\"4\">Reporter: Este un subiect care intereseaz\u0103 toat\u0103 \u0163ara \u015fi de aceea vreau s\u0103 v\u0103 \u00eentreb.<\/p>\n<p data-index=\"5\"><strong>Victor Ponta:<\/strong>\u00a0\u00cemi cer mii de scuze, \u0219tiu c\u0103 dumneavoastr\u0103 nu respecta\u021bi niciodat\u0103 regulile stabilite.<\/p>\n<p data-index=\"6\">Reporter: Vreau s\u0103 v\u0103 \u00eentreb dac\u0103 se impune demisia vicepremierului Oprea.<\/p>\n<p data-index=\"7\"><strong>Victor Ponta:<\/strong>\u00a0Eu \u00een\u021beleg c\u0103 dumneavoastr\u0103 vorbi\u021bi ca s\u0103 v\u0103 aud\u0103 \u0219efii. Eu am stabilit \u00eempreun\u0103 cu dumneavoastr\u0103 ni\u0219te reguli \u0219i, cu excep\u021bia dumneavoastr\u0103, toat\u0103 lumea le respect\u0103. Vreau s\u0103 vorbim despre aceste subiecte \u0219i, dac\u0103 ave\u021bi \u00eentreb\u0103ri pe aceste subiecte, v\u0103 r\u0103spund cu mare pl\u0103cere.<\/p>\n<p data-index=\"8\">Reporter: Vicepremierul Gabriel Oprea avea voie s\u0103 foloseasc\u0103 Politia Rutier\u0103, motocicli\u015ftii de la Rutier\u0103?<\/p>\n<p data-index=\"9\"><strong>Victor Ponta:<\/strong>\u00a0Am impresia c\u0103 vorbesc \u00een chinez\u0103.<\/p>\n<p data-index=\"10\">Reporter: E cel mai important subiect din aceste zile, nu ave\u0163i cum s\u0103-l evita\u0163i acum!<\/p>\n<p data-index=\"11\"><strong>Victor Ponta:<\/strong>\u00a0Repet &#8230; dar nu vreau s\u0103 evit absolut nimic.<\/p>\n<p data-index=\"12\">Reporter: E o \u00eentrebare fireasc\u0103. Avea voie s\u0103 foloseasc\u0103 motocicli\u015ftii de la Poli\u0163ia Rutier\u0103 \u00een coloana oficial\u0103?<\/p>\n<p data-index=\"13\"><strong>Victor Ponta:<\/strong>\u00a0Eu nu vreau s\u0103 evit niciun subiect, vreau doar s\u0103 respect\u0103m ni\u0219te reguli. Dac\u0103 nu ne respect\u0103m \u00eentre noi &#8230; e foarte greu dup\u0103 aceea.<\/p>\n<p data-index=\"14\">Reporter: O alt\u0103 abordare a acestui subiect, dac\u0103 \u00eemi permite\u0163i &#8230;<\/p>\n<p data-index=\"15\"><strong>Victor Ponta:<\/strong>\u00a0Nu, dac\u0103 ave\u021bi \u00eentreb\u0103ri pe aceast\u0103 tem\u0103.<\/p>\n<p data-index=\"16\">Reporter: Dumneavoastr\u0103 personal, dac\u0103 a\u0163i fi fost cu ma\u015fina \u00een acea coloan\u0103, a\u0163i fi oprit?<\/p>\n<p data-index=\"17\"><strong>Victor Ponta:<\/strong>\u00a0Dac\u0103 ave\u021bi \u00eentreb\u0103ri pe tema pentru care cred c\u0103 sunt responsabil \u00een fa\u021ba cet\u0103\u021benilor, v\u0103 r\u0103spund. De toate celelalte teme, discut\u0103m, c\u0103 ne \u00eent\u00e2lnim foarte des.<\/p>\n<p data-index=\"18\">Reporter: Societatea civil\u0103 cere demisia vicepremierului.<\/p>\n<p data-index=\"19\"><strong>Victor Ponta:<\/strong> V\u0103 mul\u021bumesc. \u00cen\u021beleg c\u0103 nu mai sunt \u00eentreb\u0103ri pe temele care nu v\u0103 intereseaz\u0103 pe dumneavoastr\u0103, dar intereseaz\u0103 pe oameni. V\u0103 mul\u021bumesc \u0219i v\u0103 urez o zi bun\u0103.<\/p>\n<p data-index=\"20\">\u00cenainte de dialogul cu jurnali\u0219tii, \u00een deschiderea \u0219edin\u021bei de Guvern, Victor Ponta a declarat:\u00a0<em><strong>\u201e<span>A\u0219 vrea s\u0103 \u00eencep cu a-mi exprima solidaritatea \u0219i condolean\u021be cu familia poli\u021bistului mort la datorie. \u0218tiu c\u0103 s-au \u00eent\u00e2mplat acele lucruri. Exist\u0103 o anchet\u0103 \u00een curs \u0219i vreau s\u0103 mul\u021bumesc tuturor celor care \u00ee\u0219i fac datoria \u0219i care uneori, din p\u0103cate, pl\u0103tesc un pre\u021b mult prea mare pentru ceea ce fac \u00een fiecare zi. Fiind o anchet\u0103, vreau s\u0103 vedem cum se pot \u00eent\u00e2mpla asemenea lucruri, avem gropi, zone periculoase, \u0219i cred c\u0103 aici \u00een special pe partea de administra\u021bie local\u0103, CNADNR, sunt convins c\u0103 exist\u0103 peste tot \u00een \u021bar\u0103 capcane \u0219i doar c\u00e2nd se \u00eent\u00e2mpl\u0103 o tragedie afl\u0103m. A\u0219 dori ca societatea s\u0103 nu mai foloseasc\u0103 tragediile \u00een scopuri politice. Apar aceia\u0219i oameni politici care \u021bip\u0103, folosesc tragediile, arest\u0103rile s\u0103 c\u00e2\u0219tige capital politic. E un barbarism \u00een politic\u0103 \u0219i poate reu\u0219im s\u0103 sc\u0103p\u0103m de el.\u201d<\/span><\/strong><\/em><\/p>\n<\/div>\n<p> Source URL: https:\/\/www.digi24.ro\/stiri\/actualitate\/politica\/cazul-politistului-decedat-dialog-halucinant-intre-victor-ponta-si-jurnalisti-450928<\/p>\n","protected":false},"excerpt":{"rendered":"<p>Premierul a evitat s\u0103 vorbeasc\u0103 despre controversa decla\u015fat\u0103 de moartea poli\u0163istului ce f\u0103cea parte din coloana oficial\u0103 a vicepremierului Gabriel Oprea. La \u00eenceputul \u015fedin\u0163ei de Guvern de ast\u0103zi a prezentat condolean\u0163e familiei \u015fi a sugerat c\u0103 tragedia a fost provocat\u0103 de starea drumului. \u00cen ciuda insisten\u0163elor ziari\u015ftilor, \u015feful Executivului nu a vrut s\u0103 vorbeasc\u0103 despre [&hellip;]<\/p>\n","protected":false},"author":1,"featured_media":172940,"comment_status":"open","ping_status":"","sticky":false,"template":"","format":"standard","meta":{"footnotes":""},"categories":[2],"tags":[11],"class_list":["post-172939","post","type-post","status-publish","format-standard","has-post-thumbnail","hentry","category-politics","tag-digi24"],"_links":{"self":[{"href":"https:\/\/analyse.optim.biz\/index.php?rest_route=\/wp\/v2\/posts\/172939","targetHints":{"allow":["GET"]}}],"collection":[{"href":"https:\/\/analyse.optim.biz\/index.php?rest_route=\/wp\/v2\/posts"}],"about":[{"href":"https:\/\/analyse.optim.biz\/index.php?rest_route=\/wp\/v2\/types\/post"}],"author":[{"embeddable":true,"href":"https:\/\/analyse.optim.biz\/index.php?rest_route=\/wp\/v2\/users\/1"}],"replies":[{"embeddable":true,"href":"https:\/\/analyse.optim.biz\/index.php?rest_route=%2Fwp%2Fv2%2Fcomments&post=172939"}],"version-history":[{"count":0,"href":"https:\/\/analyse.optim.biz\/index.php?rest_route=\/wp\/v2\/posts\/172939\/revisions"}],"wp:featuredmedia":[{"embeddable":true,"href":"https:\/\/analyse.optim.biz\/index.php?rest_route=\/wp\/v2\/media\/172940"}],"wp:attachment":[{"href":"https:\/\/analyse.optim.biz\/index.php?rest_route=%2Fwp%2Fv2%2Fmedia&parent=172939"}],"wp:term":[{"taxonomy":"category","embeddable":true,"href":"https:\/\/analyse.optim.biz\/index.php?rest_route=%2Fwp%2Fv2%2Fcategories&post=172939"},{"taxonomy":"post_tag","embeddable":true,"href":"https:\/\/analyse.optim.biz\/index.php?rest_route=%2Fwp%2Fv2%2Ftags&post=172939"}],"curies":[{"name":"wp","href":"https:\/\/api.w.org\/{rel}","templated":true}]}}